{"id":287367,"date":"2026-09-04T04:59:10","date_gmt":"2026-09-04T04:59:10","guid":{"rendered":"https:\/\/www.europesays.com\/ro\/287367\/"},"modified":"2026-09-04T04:59:10","modified_gmt":"2026-09-04T04:59:10","slug":"mircea-rednic-atac-dur-inaintea-derby-ului-dinamo","status":"publish","type":"post","link":"https:\/\/www.europesays.com\/ro\/287367\/","title":{"rendered":"Mircea Rednic, atac dur, \u00eenaintea derby-ului Dinamo"},"content":{"rendered":"<p>\n            Articol de <a rel=\"author nofollow noopener\" href=\"https:\/\/www.gsp.ro\/autor\/alexandru-stanciu-3977.html\" target=\"_blank\">Alexandru Stanciu<\/a>            &#8211; Publicat joi, 03 septembrie 2026 23:28            \/ Actualizat joi, 03 septembrie 2026 23:30                    <\/p>\n<p>Mircea Rednic (64 de ani), legendarul juc\u0103tor \u0219i antrenor al lui <a class=\"autolink-enabled\" data-resource-id=\"586\" data-resource-type=\"team\" data-sport=\"football\" href=\"https:\/\/www.gsp.ro\/rezultate-live\/echipa-teamname-586\" rel=\"nofollow noopener\" target=\"_blank\">Dinamo<\/a>, a prefa\u021bat derby-ul cu <a class=\"autolink-enabled\" data-resource-id=\"576\" data-resource-type=\"team\" data-sport=\"football\" href=\"https:\/\/www.gsp.ro\/rezultate-live\/echipa-teamname-576\" rel=\"nofollow noopener\" target=\"_blank\">FCSB<\/a> din etapa #8 a Superligii. \u201ePuriul\u201d consider\u0103 c\u0103 elevii lui Nuno Campos (51 de ani) au un avantaj considerabil, av\u00e2nd \u00een vedere situa\u021bia tensionat\u0103 traversat\u0103 de rival\u0103.<\/p>\n<p class=\"do-not-hide\">FCSB vine dup\u0103 dou\u0103 e\u0219ecuri consecutive \u00een campionat, 0-1 cu CFR Cluj \u0219i 1-3 cu UTA Arad, \u00eens\u0103 forma\u021bia antrenat\u0103 de Marius Baciu (51 de ani) s-a redresat cu succesul din Cupa Rom\u00e2niei Betano, 5-0 \u00een deplasare cu FC Arge\u0219. <\/p>\n<p class=\"do-not-hide\">Ro\u0219-alba\u0219trii au pierdut juc\u0103tori importan\u021bi \u00een aceast\u0103 var\u0103, printre care \u0219i Florin T\u0103nase, <a target=\"_blank\" class=\"editor-link\" href=\"https:\/\/www.gsp.ro\/fotbal\/liga-1\/florin-tanase-atac-mm-stoica-fcsb-975006.html\" rel=\"nofollow noopener\">plecat \u00een urma unor ne\u00een\u021belegeri la antrenamente<\/a>. La situa\u021bia tensionat\u0103 de la club \u0219i-a adus aportul \u0219i Valentin Cre\u021bu, care s-a certat cu oficialul MM Stoica, funda\u0219ul dreapta fiind ini\u021bial exclus din lot \u0219i reprimit ulterior de Gigi Becali. <\/p>\n<p>\u00centre timp, <a target=\"_blank\" class=\"editor-link\" href=\"https:\/\/www.gsp.ro\/fotbal\/cupa-romaniei\/gigi-becali-transferuri-fcsb-fc-arges-975891.html\" rel=\"nofollow noopener\">patronul echipei a anun\u021bat 3 transferuri importante<\/a> la echip\u0103: Denis Dr\u0103gu\u0219, Meriton Korenica \u0219i Karlo Muhar, primii doi av\u00e2nd \u0219anse mari s\u0103 joace la derby-ul cu Dinamo.<\/p>\n<p>Mircea Rednic, convins \u00eenaintea derby-ului: \u201eLa FCSB nu putem vorbi despre o echip\u0103 cu preten\u021bii\u201d<\/p>\n<p>\u201eDinamo are un parcurs bun, se descurc\u0103 foarte bine cu echipele care le creeaz\u0103 spa\u021bii. A\u021bi v\u0103zut, punctele pierdute au fost cu forma\u021biile care s-au ap\u0103rat \u0219i s-au \u00eenchis foarte bine. Vorbim aici de Petrolul, O\u021belul, Corvinul. Au probleme, pentru c\u0103 nu au juc\u0103tori care pot face diferen\u021ba unu contra unu \u0219i care au nevoie de culoare, spa\u021bii mai mari.<\/p>\n<p>La ceea ce se \u00eent\u00e2mpl\u0103 la FCSB acum, nu putem vorbi despre o echip\u0103 cu preten\u021bii. Nu este organizare, juc\u0103tori care vin \u0219i care nu sunt nici de play-out. Nu-i \u00een\u021beleg, ce gre\u0219eli se pot face acolo! Antrenorul nu are putere, autoritate \u0219i juc\u0103torii din ziua de azi cam profit\u0103 de situa\u021bia creat\u0103.<\/p>\n<p>Nu se g\u00e2ndesc la faptul c\u0103 sunt la un club cu preten\u021bii, cu condi\u021bii foarte bune de toate felurile. Gigi Becali ofer\u0103 condi\u021bii \u0219i nici nu ar trebui s\u0103 fie antrenor acolo, spun asta \u00eentre ghilimele. Sunt antrenori \u0219i antrenori, unii se bucur\u0103 c\u0103 au aceast\u0103 \u0219ans\u0103.<\/p>\n<p>Ca echip\u0103, FCSB nu prea a ar\u0103tat nimic, dar asta nu \u00eenseamn\u0103 c\u0103 Dinamo este c\u00e2\u0219tig\u0103toare. Sunt meciuri care pot schimba totul, la ce rivalitate este. O s\u0103 fie un meci interesant, dar Dinamo s\u0103 nu cread\u0103 c\u0103 va avea un meci u\u0219or.<\/p>\n<p>Va fi un interes foarte mare pentru acest derby. Ambele echipe au \u0219anse, nu pot s\u0103 numesc o favorit\u0103. To\u021bi juc\u0103torii se mobilizeaz\u0103 \u0219i ui\u021bi de momentele proaste. Normal c\u0103 eu \u00eemi doresc ca Dinamo s\u0103 c\u00e2\u0219tige, asta e clar\u201d, a declarat Mircea Rednic, potrivit <a target=\"_blank\" class=\"editor-link\" href=\"https:\/\/www.digisport.ro\/fotbal\/liga-1\/mircea-rednic-inainte-de-dinamo-fcsb-nu-i-inteleg-ce-a-spus-despre-gigi-becali-4465037\" rel=\"nofollow noopener\">digisport.ro<\/a>.<\/p>\n<p>Clasamentul din Superliga<\/p>\n","protected":false},"excerpt":{"rendered":"Articol de Alexandru Stanciu &#8211; Publicat joi, 03 septembrie 2026 23:28 \/ Actualizat joi, 03 septembrie 2026 23:30&hellip;\n","protected":false},"author":2,"featured_media":287368,"comment_status":"","ping_status":"","sticky":false,"template":"","format":"standard","meta":{"footnotes":"","_share_on_mastodon":"0"},"categories":[20],"tags":[49,269,2736,41,40,38,39,185,184],"class_list":["post-287367","post","type-post","status-publish","format-standard","has-post-thumbnail","category-sport","tag-dinamo","tag-fcsb","tag-mircea-rednic","tag-ro","tag-romana","tag-romania","tag-romanian","tag-sport","tag-sports"],"share_on_mastodon":{"url":"https:\/\/pubeurope.com\/@ro\/117211009022526222","error":""},"_links":{"self":[{"href":"https:\/\/www.europesays.com\/ro\/wp-json\/wp\/v2\/posts\/287367","targetHints":{"allow":["GET"]}}],"collection":[{"href":"https:\/\/www.europesays.com\/ro\/wp-json\/wp\/v2\/posts"}],"about":[{"href":"https:\/\/www.europesays.com\/ro\/wp-json\/wp\/v2\/types\/post"}],"author":[{"embeddable":true,"href":"https:\/\/www.europesays.com\/ro\/wp-json\/wp\/v2\/users\/2"}],"replies":[{"embeddable":true,"href":"https:\/\/www.europesays.com\/ro\/wp-json\/wp\/v2\/comments?post=287367"}],"version-history":[{"count":0,"href":"https:\/\/www.europesays.com\/ro\/wp-json\/wp\/v2\/posts\/287367\/revisions"}],"wp:featuredmedia":[{"embeddable":true,"href":"https:\/\/www.europesays.com\/ro\/wp-json\/wp\/v2\/media\/287368"}],"wp:attachment":[{"href":"https:\/\/www.europesays.com\/ro\/wp-json\/wp\/v2\/media?parent=287367"}],"wp:term":[{"taxonomy":"category","embeddable":true,"href":"https:\/\/www.europesays.com\/ro\/wp-json\/wp\/v2\/categories?post=287367"},{"taxonomy":"post_tag","embeddable":true,"href":"https:\/\/www.europesays.com\/ro\/wp-json\/wp\/v2\/tags?post=287367"}],"curies":[{"name":"wp","href":"https:\/\/api.w.org\/{rel}","templated":true}]}}