{"id":287397,"date":"2026-09-04T05:29:14","date_gmt":"2026-09-04T05:29:14","guid":{"rendered":"https:\/\/www.europesays.com\/ro\/287397\/"},"modified":"2026-09-04T05:29:14","modified_gmt":"2026-09-04T05:29:14","slug":"samsung-pregateste-patru-galaxy-s27-iar-adevarata-noutate-nu-este-designul-de-iphone","status":"publish","type":"post","link":"https:\/\/www.europesays.com\/ro\/287397\/","title":{"rendered":"Samsung preg\u0103te\u0219te patru Galaxy S27, iar adev\u0103rata noutate nu este designul \u201ede iPhone\u201d"},"content":{"rendered":"<p>Samsung Galaxy S27 pare s\u0103 treac\u0103 de la trei la patru trepte de flagship. O <a href=\"https:\/\/www.telefonguru.hu\/hir\/a_samsung_lemasolja_az_iphone-t_kiszivarogtak_a_galaxy_s27_uj_kameras_dizajnjai%e2%80%9d_2026-09-02\" rel=\"nofollow noopener noreferrer\" target=\"_blank\">fotografie cu presupuse huse pentru \u00eentreaga serie<\/a> pune Galaxy S27, S27+, S27 Pro \u0219i S27 Ultra unul l\u00e2ng\u0103 altul, iar adev\u0103rata noutate nu e c\u0103 dou\u0103 dintre ele seam\u0103n\u0103 pu\u021bin cu iPhone-ul. Samsung pare s\u0103 preg\u0103teasc\u0103 o ierarhie vizual\u0103 mult mai agresiv\u0103 \u00eentre modelele sale din 2027.<\/p>\n<p>Husele au fost distribuite de Ice Universe \u0219i se potrivesc cu rand\u0103rile ap\u0103rute \u00een ultimele zile. Galaxy S27 \u0219i S27+ p\u0103streaz\u0103 o zon\u0103 foto relativ familiar\u0103, cu camerele aliniate vertical, \u00een timp ce Pro \u0219i Ultra primesc un modul mult mai lat. Seam\u0103n\u0103 cu \u201ecamera plateau\u201d de pe iPhone 17 Pro, dar compara\u021bia cu Apple risc\u0103 s\u0103 ascund\u0103 povestea mai interesant\u0103: Samsung ar putea folosi chiar designul spatelui pentru a spune de la distan\u021b\u0103 cine a cump\u0103rat modelul premium \u0219i cine a r\u0103mas la varianta standard.<\/p>\n<p style=\"max-width:592px;width:100%!important;margin:0 auto 10px!important;float:none!important;display:block!important;overflow:visible!important;box-sizing:border-box;line-height:0;font-size:0;\">\n<p>Galaxy S27 Pro \u00eencepe s\u0103 explice existen\u021ba lui S27+<\/p>\n<p>Aici apare \u0219i \u00eentrebarea mai dificil\u0103 pentru Samsung: unde \u00eencape Galaxy S27 Pro dac\u0103 Plus nu dispare? <a href=\"https:\/\/www.mobilissimo.ro\/stiri-telefoane\/samsung-galaxy-s27-pro-apare-in-randari-cad-e-conturat-drept-un-ultra-mai-compact-fara-s-pen\" rel=\"nofollow noopener\" target=\"_blank\">Rand\u0103rile CAD publicate recent<\/a> indic\u0103 un telefon de circa 6,6 inch, mai mic dec\u00e2t Ultra \u0219i f\u0103r\u0103 S Pen, dar cu o construc\u021bie \u0219i o zon\u0103 foto apropiate de acesta. \u00cen schimb, <a href=\"https:\/\/www.mobilissimo.ro\/stiri-telefoane\/samsung-galaxy-s27-apare-in-primele-randari-cad-realiste-design-familiar-ecran-de-6-3-inch-si-baterie-mai-mare-pentru-varianta-de-baza-din-lineup\" rel=\"nofollow noopener\" target=\"_blank\">Galaxy S27 de baz\u0103<\/a> ar r\u0103m\u00e2ne la aproximativ 6,3 inch.<\/p>\n<p>Rezult\u0103 o gam\u0103 mai pu\u021bin bazat\u0103 pe simpla regul\u0103 \u201emic, mare, Ultra\u201d. Pro poate deveni varianta pentru cump\u0103r\u0103torul care vrea hardware apropiat de v\u00e2rful gamei, dar nu un telefon de aproape 7 inch. Plus ar r\u0103m\u00e2ne telefonul mare conven\u021bional. Este o diferen\u021b\u0103 subtil\u0103 pe h\u00e2rtie \u0219i una pe care Samsung va trebui s\u0103 o sus\u021bin\u0103 prin camere, baterie \u0219i pre\u021b, altfel patru modele pot \u00eensemna mai mult\u0103 confuzie, nu mai mult\u0103 alegere.<\/p>\n<p>Diferen\u021bierea pare s\u0103 continue \u0219i la camere. Informa\u021biile actuale indic\u0103 faptul c\u0103 zoom-ul optic 5x ar putea r\u0103m\u00e2ne rezervat modelului Ultra, \u00een ciuda asem\u0103n\u0103rii vizuale dintre Pro \u0219i Ultra. <a href=\"https:\/\/www.mobilissimo.ro\/stiri-telefoane\/mai-puteti-cu-scaparile-lui-galaxy-s27-ultra-acum-avem-si-dimensiuni-imagini-clare-de-la-onleaks\" rel=\"nofollow noopener\" target=\"_blank\">Galaxy S27 Ultra este oricum vehiculat cu numai trei camere principale<\/a>, dup\u0103 renun\u021barea la telephoto-ul dedicat 3x, ceea ce ar face ca aspectul exterior s\u0103 spun\u0103 doar jum\u0103tate din poveste.<\/p>\n<p>Pentru context, actualul <a href=\"https:\/\/www.mobilissimo.ro\/recenzii-telefoane\/samsung-galaxy-s26-ultra-review-detaliat-in-limba-romana-evaluare-mobilissimo\" rel=\"nofollow noopener\" target=\"_blank\">Galaxy S26 Ultra testat de Mobilissimo<\/a> are dou\u0103 camere telephoto, cu zoom optic 3x \u0219i 5x. Dac\u0103 zvonurile despre S27 Ultra se confirm\u0103, Samsung nu doar redeseneaz\u0103 modulul foto, ci schimb\u0103 \u0219i modul \u00een care \u00eemparte func\u021biile \u00eentre senzori. Seria Galaxy S27 este a\u0219teptat\u0103 la \u00eenceputul lui 2027, deci husele de acum trebuie tratate ca indiciu, nu ca fotografie a produselor finale.<\/p>\n","protected":false},"excerpt":{"rendered":"Samsung Galaxy S27 pare s\u0103 treac\u0103 de la trei la patru trepte de flagship. O fotografie cu presupuse&hellip;\n","protected":false},"author":2,"featured_media":287398,"comment_status":"","ping_status":"","sticky":false,"template":"","format":"standard","meta":{"footnotes":"","_share_on_mastodon":"0"},"categories":[16],"tags":[274,69143,71387,41,40,38,39,163,53455,53456,53457,141,124],"class_list":["post-287397","post","type-post","status-publish","format-standard","has-post-thumbnail","category-tehnologie","tag-android","tag-camere-smartphone","tag-flagship-2027","tag-ro","tag-romana","tag-romania","tag-romanian","tag-samsung","tag-samsung-galaxy-s27","tag-samsung-galaxy-s27-pro","tag-samsung-galaxy-s27-ultra","tag-technology","tag-tehnologie"],"share_on_mastodon":{"url":"https:\/\/pubeurope.com\/@ro\/117211126926521230","error":""},"_links":{"self":[{"href":"https:\/\/www.europesays.com\/ro\/wp-json\/wp\/v2\/posts\/287397","targetHints":{"allow":["GET"]}}],"collection":[{"href":"https:\/\/www.europesays.com\/ro\/wp-json\/wp\/v2\/posts"}],"about":[{"href":"https:\/\/www.europesays.com\/ro\/wp-json\/wp\/v2\/types\/post"}],"author":[{"embeddable":true,"href":"https:\/\/www.europesays.com\/ro\/wp-json\/wp\/v2\/users\/2"}],"replies":[{"embeddable":true,"href":"https:\/\/www.europesays.com\/ro\/wp-json\/wp\/v2\/comments?post=287397"}],"version-history":[{"count":0,"href":"https:\/\/www.europesays.com\/ro\/wp-json\/wp\/v2\/posts\/287397\/revisions"}],"wp:featuredmedia":[{"embeddable":true,"href":"https:\/\/www.europesays.com\/ro\/wp-json\/wp\/v2\/media\/287398"}],"wp:attachment":[{"href":"https:\/\/www.europesays.com\/ro\/wp-json\/wp\/v2\/media?parent=287397"}],"wp:term":[{"taxonomy":"category","embeddable":true,"href":"https:\/\/www.europesays.com\/ro\/wp-json\/wp\/v2\/categories?post=287397"},{"taxonomy":"post_tag","embeddable":true,"href":"https:\/\/www.europesays.com\/ro\/wp-json\/wp\/v2\/tags?post=287397"}],"curies":[{"name":"wp","href":"https:\/\/api.w.org\/{rel}","templated":true}]}}