{"id":287429,"date":"2026-09-04T05:54:19","date_gmt":"2026-09-04T05:54:19","guid":{"rendered":"https:\/\/www.europesays.com\/ro\/287429\/"},"modified":"2026-09-04T05:54:19","modified_gmt":"2026-09-04T05:54:19","slug":"foto-dinamo-in-alerta-cirjan-schimbat-inainte-de-pauza-poate-rata-derby-de-romania","status":"publish","type":"post","link":"https:\/\/www.europesays.com\/ro\/287429\/","title":{"rendered":"FOTO. Dinamo, \u00een alert\u0103! C\u00eerjan, schimbat \u00eenainte de pauz\u0103! Poate rata Derby de Rom\u00e2nia"},"content":{"rendered":"<ul class=\"bullets\">&#13;<\/p>\n<li>C\u0103t\u0103lin C\u00eerjan (23 de ani), c\u0103pitanul lui Dinamo, s-a accidentat \u00een meciul cu Sporting Lie\u0219ti, din Cupa Rom\u00e2niei, \u0219i a fost schimbat \u00eenainte de pauz\u0103. <\/li>\n<p>&#13;<br \/>\n&#13;<\/p>\n<li>Mijloca\u0219ul ar putea rata derby-ul cu FCSB de s\u00e2mb\u0103t\u0103.<\/li>\n<p>&#13;\n<\/ul>\n<p><a id=\"google-source-button\" class=\"google-favorite\" target=\"_blank\" href=\"https:\/\/www.google.com\/preferences\/source?q=golazo.ro\" rel=\"nofollow noopener\"><\/p>\n<p>        <img loading=\"lazy\" decoding=\"async\" src=\"https:\/\/golazo.ro\/images\/google-logo.svg\" alt=\"\" width=\"24\" height=\"24\"\/><br \/>\n        <img loading=\"lazy\" decoding=\"async\" src=\"https:\/\/golazo.ro\/images\/check-icon-2.svg\" alt=\"\" width=\"24\" height=\"24\"\/><\/p>\n<p>    Adaug\u0103 GOLAZO.ro la favorite<\/p>\n<p><\/a><\/p>\n<p class=\"\">Probleme pentru Dinamo la primul meci din grupele Cupei Rom\u00e2niei.<\/p>\n<p>FOTO. Dinamo, \u00een alert\u0103! C\u00eerjan s-a accidentat \u0219i poate rata Derby de Rom\u00e2nia<\/p>\n<p class=\"\">\u00cen minutul 41, la scorul de 3-0 pentru \u201ec\u00e2ini\u201d, C\u00eerjan s-a \u00eentins pe gazon c\u00e2nd jocul era oprit. Mijloca\u0219ul a acuzat dureri la coapsa st\u00e2ng\u0103 \u0219i a primit \u00eengrijiri medicale pe teren.<\/p>\n<p class=\"\">De\u0219i s-a ridicat rapid \u0219i a f\u0103cut semn c\u0103 totul este OK \u0219i c\u0103 \u00ee\u0219i dore\u0219te s\u0103 \u00eencerce s\u0103 joace \u0219i ultimele minute ale primei reprize, Nuno Campos nici n-a vrut s\u0103 aud\u0103.<\/p>\n<p>    <img decoding=\"async\" src=\"https:\/\/www.europesays.com\/ro\/wp-content\/uploads\/2026\/09\/sporting-liesti-dinamo-accidentare-cirjan-foto-captura-prima-sport-4.jpg\" alt=\"Sporting Lie\u0219ti - Dinamo. Accidentare C\u00eerjan. Foto - captur\u0103 Prima Sport (4).jpg\" data-blur=\"https:\/\/www.europesays.com\/ro\/wp-content\/uploads\/2026\/09\/sporting-liesti-dinamo-accidentare-cirjan-foto-captura-prima-sport-4.jpg\" width=\"684\" height=\"456\" class=\"blur\" loading=\"lazy\"\/><\/p>\n<p>            <img decoding=\"async\" src=\"https:\/\/www.europesays.com\/ro\/wp-content\/uploads\/2026\/09\/1788501259_251_sporting-liesti-dinamo-accidentare-cirjan-foto-captura-prima-sport-4.jpg\" loading=\"lazy\" alt=\"Sporting Lie\u0219ti - Dinamo. Accidentare C\u00eerjan. Foto - captur\u0103 Prima Sport (4).jpg\" width=\"684\" height=\"456\"\/><\/p>\n<p>        Galerie foto (19 imagini)<\/p>\n<p>                    <a href=\"https:\/\/golazo.ro\/sporting-liesti-dinamo-accidentare-cirjan-185142-g1?articleSource=185145\" class=\"gallery-link\" aria-label=\"Show gallery\" rel=\"nofollow noopener\" target=\"_blank\"><\/p>\n<p>                +19 Foto<br \/>\n            <\/a><\/p>\n<p>    <a href=\"https:\/\/golazo.ro\/sporting-liesti-dinamo-accidentare-cirjan-185142-g1\/sporting-liesti-dinamo-accidentare-cirjan-foto-captura-prima-sport-4jpg-486940?articleSource=185145\" class=\"link\" rel=\"nofollow noopener\" target=\"_blank\">labels.photo-gallery<\/a><\/p>\n<p class=\"\">L-a \u00eenlocuit imediat cu Tarb\u0103 pentru ca leziunea resim\u021bit\u0103 de mijloca\u0219 s\u0103 nu se agraveze. Emo\u021biile sunt mari la Dinamo, mai ales c\u0103 s\u00e2mb\u0103t\u0103 urmeaz\u0103 Derby de Rom\u00e2nia, un meci care \u00eei g\u0103se\u0219te pe \u201ec\u00e2ini\u201d pe primul loc \u00een Superliga.<\/p>\n<p class=\"\">\u00cen timp ce \u00eenconjura terenul pentru a ajunge la banca de rezerv\u0103, C\u00eerjan a fost asaltat de copiii de la Tribuna a 2-a, dar \u0219i de copiii de mingi pentru poze.<\/p>\n<p class=\"\">Imediat dup\u0103 meci, C\u00eerjan i-a lini\u0219tit pe suporterii lui Dinamo.<\/p>\n<p class=\"\">\u201ePlanul era s\u0103 joc p\u00e2n\u0103 la pauz\u0103. Am avut acea lovitur\u0103 oarb\u0103, am sim\u021bit ceva la mu\u0219chi, la genunchi, \u00een primele minute. Mister a decis s\u0103 m\u0103 scoat\u0103 \u0219i cred c\u0103 e mai OK a\u0219a. E doar o lovitur\u0103. Stau cu ghea\u021b\u0103 \u00een seara asta \u0219i o s\u0103 fie totul bine\u201d, a spus C\u00eerjan dup\u0103 meci la Prima Sport.<\/p>\n<p>C\u00eerjan, dorit \u00een MLS<\/p>\n<p class=\"\">C\u0103pitanul \u201ec\u00e2inilor\u201d ar putea fi la ultimul meci \u00een tricoul alb-ro\u0219u. Minnesota United \u0219i-l dore\u0219te \u00een MLS \u0219i negociaz\u0103 \u00een aceste zile pentru un transfer.<\/p>\n<p class=\"\">Clubul bucure\u0219tean a primit mar\u021bi o ofert\u0103 concret\u0103 pentru mijloca\u0219, \u00eens\u0103 termenii propu\u0219i de americani nu i-au convins pe conduc\u0103torii \u201ec\u00e2inilor\u201d.<\/p>\n<p class=\"\">Clubul din MLS vrea s\u0103 \u00eel \u00eemprumute ini\u021bial pe C\u00eerjan, iar \u00een 2027 s\u0103 aib\u0103 op\u021biune de transfer definitiv pentru aproximativ 2,9 milioane de euro, conform<a target=\"_blank\" href=\"https:\/\/www.fanatik.ro\/exclusiv-dinamo-a-spus-nu-ofertei-din-mls-pentru-cirjan-americanii-vor-imprumut-dar-banii-vin-abia-in-2029-21535123?utm_term=Autofeed&amp;utm_campaign=ECBF&amp;utm_medium=Social&amp;utm_source=Facebook&amp;fbclid=IwY2xjawUD8odwZG9mAWV4dG4DYWVtAjEwAGJyaWQRMVVyQ3pkV3dyRGtUeFBlbU5zcnRjBmFwcF9pZBAyMjIwMzkxNzg4MjAwODkyAAEegtsl96FbcZEDKjZb8Ylo0l-7X1LzZi0JCt8h5LeANHPaUo9mZJ_Pj0xNilE_aem_NG3gk0XyAF2GYBxnkumOtg#Echobox=1788284906\" rel=\"noreferrer noopener nofollow\"> fanatik.ro.<\/a><\/p>\n<p class=\"\">Suma ar urma s\u0103 fie pl\u0103tit\u0103 \u00een mai multe tran\u0219e, ultima dintre ele abia \u00een 2029.<\/p>\n<p class=\"\">Dinamo nu este de acord, \u00een acest moment, cu formula propus\u0103 \u0219i preg\u0103te\u0219te o contraofert\u0103.<\/p>\n<p class=\"\">Minnesota United trebuie s\u0103 se mi\u0219te repede dac\u0103 vrea s\u0103 ob\u021bin\u0103 semn\u0103tura lui C\u00eerjan, pentru c\u0103 perioada de transferuri din MLS se \u00eenchide joi, 3 septembrie, la 07:00, ora Rom\u00e2niei.<\/p>\n<p>2 pase decisive<\/p>\n<p>\u0219i un gol are C\u00cerjan \u00een primele 7 etape ale noului sezon din Superliga<\/p>\n<p>Cite\u0219te \u0219i<\/p>\n<p>VIDEO: cele mai noi imagini din sport<\/p>\n","protected":false},"excerpt":{"rendered":"&#13; C\u0103t\u0103lin C\u00eerjan (23 de ani), c\u0103pitanul lui Dinamo, s-a accidentat \u00een meciul cu Sporting Lie\u0219ti, din Cupa&hellip;\n","protected":false},"author":2,"featured_media":287430,"comment_status":"","ping_status":"","sticky":false,"template":"","format":"standard","meta":{"footnotes":"","_share_on_mastodon":"0"},"categories":[5],"tags":[1415,32,33,1859,31,3183,49,269,36,37,27,34,35,25,41,40,38,39,13453,26,28,29,30],"class_list":["post-287429","post","type-post","status-publish","format-standard","has-post-thumbnail","category-titluri","tag-accidentare","tag-breaking-news","tag-breakingnews","tag-catalin-cirjan","tag-cele-mai-populare-subiecte","tag-cupa-romaniei","tag-dinamo","tag-fcsb","tag-featured-news","tag-featurednews","tag-headlines","tag-latest-news","tag-latestnews","tag-news","tag-ro","tag-romana","tag-romania","tag-romanian","tag-sporting-liesti","tag-stiri","tag-titluri","tag-top-stories","tag-topstories"],"share_on_mastodon":{"url":"https:\/\/pubeurope.com\/@ro\/117211226626141314","error":""},"_links":{"self":[{"href":"https:\/\/www.europesays.com\/ro\/wp-json\/wp\/v2\/posts\/287429","targetHints":{"allow":["GET"]}}],"collection":[{"href":"https:\/\/www.europesays.com\/ro\/wp-json\/wp\/v2\/posts"}],"about":[{"href":"https:\/\/www.europesays.com\/ro\/wp-json\/wp\/v2\/types\/post"}],"author":[{"embeddable":true,"href":"https:\/\/www.europesays.com\/ro\/wp-json\/wp\/v2\/users\/2"}],"replies":[{"embeddable":true,"href":"https:\/\/www.europesays.com\/ro\/wp-json\/wp\/v2\/comments?post=287429"}],"version-history":[{"count":0,"href":"https:\/\/www.europesays.com\/ro\/wp-json\/wp\/v2\/posts\/287429\/revisions"}],"wp:featuredmedia":[{"embeddable":true,"href":"https:\/\/www.europesays.com\/ro\/wp-json\/wp\/v2\/media\/287430"}],"wp:attachment":[{"href":"https:\/\/www.europesays.com\/ro\/wp-json\/wp\/v2\/media?parent=287429"}],"wp:term":[{"taxonomy":"category","embeddable":true,"href":"https:\/\/www.europesays.com\/ro\/wp-json\/wp\/v2\/categories?post=287429"},{"taxonomy":"post_tag","embeddable":true,"href":"https:\/\/www.europesays.com\/ro\/wp-json\/wp\/v2\/tags?post=287429"}],"curies":[{"name":"wp","href":"https:\/\/api.w.org\/{rel}","templated":true}]}}