{"id":287439,"date":"2026-09-04T06:02:08","date_gmt":"2026-09-04T06:02:08","guid":{"rendered":"https:\/\/www.europesays.com\/ro\/287439\/"},"modified":"2026-09-04T06:02:08","modified_gmt":"2026-09-04T06:02:08","slug":"meriton-korenica-a-intrat-in-istoria-fcsb-ului","status":"publish","type":"post","link":"https:\/\/www.europesays.com\/ro\/287439\/","title":{"rendered":"Meriton Korenica a intrat \u00een istoria FCSB-ului"},"content":{"rendered":"\n<ul class=\"bullets\">\n<li>\n<p>SuperLiga: CFR &#8211; Farul, vineri, 20:30, DGS 1<\/p>\n<\/li>\n<li>\n<p>Liga 2: Slatina &#8211; Chindia, vineri, 17:30, DGS 1<\/p>\n<\/li>\n<\/ul>\n<p>Joi, 3 septembrie, mijloca\u0219ul ofensiv<a href=\"https:\/\/www.digisport.ro\/fotbal\/liga-1\/meriton-korenica-a-ajuns-la-bucuresti-sa-semneze-contractul-cu-fcsb-4466151\" target=\"_blank\" rel=\"noopener nofollow\" data-skip-linkfix=\"1\"> a ajuns la Bucure\u0219ti<\/a> \u0219i este a\u0219teptat s\u0103 semneze cu gruparea \u201dro\u0219-albastr\u0103\u201d.\u00a0<\/p>\n<p>Meriton Korenica, primul kosovar din istoria celor de la FCSB<\/p>\n<p>Korenica urmeaz\u0103 acum s\u0103 stabileasc\u0103 ultimele detalii ale contractului, iar dac\u0103 nu se va \u00eent\u00e2mpla nimic neprev\u0103zut, kosovarul va semna un contract valabil pe doi ani cu FCSB.<\/p>\n<p>Mai mult, Meriton Korenica va deveni unic la FCSB, mai exact primul juc\u0103tor din Kosovo care \u00eembrac\u0103 tricoul \u201dro\u0219-alba\u0219trilor\u201d.\u00a0<\/p>\n<p>Concret, niciun juc\u0103tor de na\u021bionalitate kosovar\u0103 nu a mai jucat pentru FCSB p\u00e2n\u0103 acum, Korenica realiz\u00e2nd o premier\u0103 \u00een istoria clubului.\u00a0<\/p>\n<ul>\n<li>6 meciuri a jucat p\u00e2n\u0103 \u00een acest moment Meriton Korenica pentru na\u021bionala \u021b\u0103rii sale.\u00a0<\/li>\n<\/ul>\n<p>  <img decoding=\"async\" data-skip-htmlfix=\"1\" src=\"https:\/\/www.europesays.com\/ro\/wp-content\/uploads\/2026\/09\/aGFzaD05Nzg4NjIxNTNjZDE3NGVjNmI5MTZiOGM1ZjEyYzZkNg==.thumb.jpg\" alt=\"WhatsApp Image 2026-09-03 at 21.59.38\"\/>   Meriton Korenica a ajuns la Bucure\u0219ti \/ Foto: Digi Sport  <\/p>\n<p>Pentru transferul lui Meriton Korenica, Gigi Becali le pl\u0103te\u0219te celor de la CFR Cluj suma de 600.000 de euro. Mijloca\u0219ul kosovar intrase\u00a0<a href=\"https:\/\/www.digisport.ro\/fotbal\/liga-1\/meriton-korenica-vrea-transferul-dupa-ce-a-intrat-pe-lista-fcsb-ului-si-a-universitatii-craiova-4463711\" target=\"_blank\" rel=\"noopener nofollow\" data-skip-linkfix=\"1\">\u00een ultimul an de contract cu ardelenii<\/a>.<\/p>\n<ul>\n<li>Pe l\u00e2ng\u0103 Meriton Korenica, la FCSB mai sunt a\u0219tepta\u021bi \u00een acest final de mercato \u0219i Karlo Muhar,<a href=\"https:\/\/www.digisport.ro\/fotbal\/liga-1\/4-000-000e-pentru-denis-dragus-gigi-becali-a-facut-anuntul-4465275\" target=\"_blank\" rel=\"noopener nofollow\" data-skip-linkfix=\"1\"> respectiv Denis Dr\u0103gu\u0219.<\/a><\/li>\n<\/ul>\n<p>La CFR, kosovarul a adunat 110 de meciuri, timp \u00een care a marcat 27 de goluri \u0219i a oferit 16 assisturi.<\/p>\n<p>\u00cen afar\u0103 de CFR, Meriton Korenica a mai evoluat pentru FC Ballkani, FC Prishtina, FC Liria, Manisa FK, Metalurg Skopje \u0219i Shkendija.<\/p>\n<ul>\n<li>Meriton Korenica este evaluat la 3 milioane de euro, potrivit Transfermarkt.com<\/li>\n<\/ul>\n<p>Presa din Kosovo anun\u021b\u0103 c\u0103 Gigi Becali a pl\u0103tit 800.000 de euro pentru Meriton Korenica! Cum ajunge transferul la un milion de euro<\/p>\n<p>Presa din Kosovo a venit cu detalii suplimentare \u0219i a scris despre suma pl\u0103tit\u0103 de Gigi Becali c\u0103tre CFR, dar \u0219i despre salariul fotbalistului.<\/p>\n<p>Potrivit jurnalistului Arlind Sadiku, Gigi Becali a pl\u0103tit \u00een prima faz\u0103 suma de 800.000 de euro pentru Meriton Korenica. Al\u021bi 200.000 de euro vor ajunge la CFR sub form\u0103 de bonusuri.<\/p>\n<p>La FCSB, Meriton Korenica va \u00eencasa 400.000 de euro pe sezon, ceea ce \u00eenseamn\u0103 aproximativ 33.000 de euro pe lun\u0103.<\/p>\n<p>  Etichete:  <a href=\"https:\/\/www.digisport.ro\/eticheta\/cfr-cluj\" rel=\"nofollow noopener\" target=\"_blank\">cfr cluj<\/a> , <a href=\"https:\/\/www.digisport.ro\/eticheta\/transfer\" rel=\"nofollow noopener\" target=\"_blank\">transfer<\/a> , <a href=\"https:\/\/www.digisport.ro\/eticheta\/cfr\" rel=\"nofollow noopener\" target=\"_blank\">cfr<\/a> , <a href=\"https:\/\/www.digisport.ro\/eticheta\/gigi-becali\" rel=\"nofollow noopener\" target=\"_blank\">gigi becali<\/a> , <a href=\"https:\/\/www.digisport.ro\/eticheta\/kosovo\" rel=\"nofollow noopener\" target=\"_blank\">kosovo<\/a> , <a href=\"https:\/\/www.digisport.ro\/eticheta\/fcsb\" rel=\"nofollow noopener\" target=\"_blank\">fcsb<\/a> , <a href=\"https:\/\/www.digisport.ro\/eticheta\/transfer-fcsb\" rel=\"nofollow noopener\" target=\"_blank\">transfer fcsb<\/a> , <a href=\"https:\/\/www.digisport.ro\/eticheta\/meriton-korenica\" rel=\"nofollow noopener\" target=\"_blank\">meriton korenica<\/a> , <a href=\"https:\/\/www.digisport.ro\/eticheta\/transfer-korenica\" rel=\"nofollow noopener\" target=\"_blank\">transfer korenica<\/a>   <\/p>\n<p>Urm\u0103re\u0219te \u0219tirile digisport.ro \u0219i pe <a href=\"https:\/\/news.google.com\/publications\/CAAiENr1L9HFNMG5hpp5zTfVtpsqFAgKIhDa9S_RxTTBuYaaec031bab?ceid=RO:ro&amp;oc=3\" target=\"_blank\" rel=\"external nofollow noopener\">Google News<\/a><\/p>\n<p>   Noua Aplica\u0163ie Digi Sport poate fi desc\u0103rcat\u0103 din   <\/p>\n","protected":false},"excerpt":{"rendered":"SuperLiga: CFR &#8211; Farul, vineri, 20:30, DGS 1 Liga 2: Slatina &#8211; Chindia, vineri, 17:30, DGS 1 Joi,&hellip;\n","protected":false},"author":2,"featured_media":287440,"comment_status":"","ping_status":"","sticky":false,"template":"","format":"standard","meta":{"footnotes":"","_share_on_mastodon":"0"},"categories":[20],"tags":[6084,186,269,196,17952,25897,41,40,38,39,185,184,379,380,79143],"class_list":["post-287439","post","type-post","status-publish","format-standard","has-post-thumbnail","category-sport","tag-cfr","tag-cfr-cluj","tag-fcsb","tag-gigi-becali","tag-kosovo","tag-meriton-korenica","tag-ro","tag-romana","tag-romania","tag-romanian","tag-sport","tag-sports","tag-transfer","tag-transfer-fcsb","tag-transfer-korenica"],"share_on_mastodon":{"url":"https:\/\/pubeurope.com\/@ro\/117211257075505740","error":""},"_links":{"self":[{"href":"https:\/\/www.europesays.com\/ro\/wp-json\/wp\/v2\/posts\/287439","targetHints":{"allow":["GET"]}}],"collection":[{"href":"https:\/\/www.europesays.com\/ro\/wp-json\/wp\/v2\/posts"}],"about":[{"href":"https:\/\/www.europesays.com\/ro\/wp-json\/wp\/v2\/types\/post"}],"author":[{"embeddable":true,"href":"https:\/\/www.europesays.com\/ro\/wp-json\/wp\/v2\/users\/2"}],"replies":[{"embeddable":true,"href":"https:\/\/www.europesays.com\/ro\/wp-json\/wp\/v2\/comments?post=287439"}],"version-history":[{"count":0,"href":"https:\/\/www.europesays.com\/ro\/wp-json\/wp\/v2\/posts\/287439\/revisions"}],"wp:featuredmedia":[{"embeddable":true,"href":"https:\/\/www.europesays.com\/ro\/wp-json\/wp\/v2\/media\/287440"}],"wp:attachment":[{"href":"https:\/\/www.europesays.com\/ro\/wp-json\/wp\/v2\/media?parent=287439"}],"wp:term":[{"taxonomy":"category","embeddable":true,"href":"https:\/\/www.europesays.com\/ro\/wp-json\/wp\/v2\/categories?post=287439"},{"taxonomy":"post_tag","embeddable":true,"href":"https:\/\/www.europesays.com\/ro\/wp-json\/wp\/v2\/tags?post=287439"}],"curies":[{"name":"wp","href":"https:\/\/api.w.org\/{rel}","templated":true}]}}