{"id":287447,"date":"2026-09-04T06:09:11","date_gmt":"2026-09-04T06:09:11","guid":{"rendered":"https:\/\/www.europesays.com\/ro\/287447\/"},"modified":"2026-09-04T06:09:11","modified_gmt":"2026-09-04T06:09:11","slug":"neasteptat-dan-petrescu-si-a-facut-aparitia-la-meciul-unei-echipe-din-italia-eram-sigur","status":"publish","type":"post","link":"https:\/\/www.europesays.com\/ro\/287447\/","title":{"rendered":"Nea\u0219teptat! Dan Petrescu \u0219i-a f\u0103cut apari\u021bia la meciul unei echipe din Italia: \u201eEram sigur\u201d"},"content":{"rendered":"<p>\t    <img loading=\"lazy\" decoding=\"async\" class=\"mg-x-auto\" width=\"30\" height=\"30\" src=\"https:\/\/www.europesays.com\/ro\/wp-content\/uploads\/2026\/09\/1788502150_1_google-g.png\" alt=\"\"\/><\/p>\n<p id=\"p-0\">\u00cen cursul zilei de miercuri, legenda na\u021bionalei Rom\u00e2niei, Dan Petrescu (58 de ani), \u0219i-a f\u0103cut apari\u021bia la meciul unei echipe din Italia.<\/p>\n<p id=\"p-1\">Supranumit \u201eBursucul\u201d, fostul antrenor de la CFR Cluj l-a sus\u021binut pe atacantul Daniel B\u00eerligea (26), proasp\u0103t ajuns la Frosinone. Peninsularii l-au transferat pe juc\u0103torul cu profil ofensiv de la FCSB, iar <a style=\"color: #0000ff;\" href=\"https:\/\/www.prosport.ro\/fotbal-extern\/stranieri\/nota-daniel-birligea-titular-premiera-frosinone-sassuolo-20516160\" rel=\"nofollow noopener\" target=\"_blank\">acesta a fost titular contra lui Sassuolo, \u00een Cupa Italiei<\/a>.<\/p>\n<p>Dan Petrescu a fost fanul lui Daniel B\u00eerligea: \u201eAm crezut mereu \u00een el\u201d<\/p>\n<p id=\"p-2\">Din p\u0103cate pentru B\u00eerligea, Frosinone a pierdut la loviturile de departajare, scor 3-4, dup\u0103 1-1 \u00een timpul regulamentar.<\/p>\n<p id=\"p-3\">\u00cenaintea partidei, jurnali\u0219tii italieni l-au recunoscut pe Dan Petrescu \u0219i i-au adresat c\u00e2teva \u00eentreb\u0103ri.<\/p>\n<p>                <a href=\"https:\/\/www.prosport.ro\/poze\/dan-petrescu-aparitie-meci-italia-declaratie-20517130\" rel=\"nofollow noopener\" target=\"_blank\">&#13;<br \/>\n                                            <img decoding=\"async\" loading=\"lazy\" fetchpriority=\"low\" src=\"https:\/\/www.europesays.com\/ro\/wp-content\/uploads\/2026\/09\/https:\/\/www.prosport.ro\/wp-content\/uploads\/2026\/09\/dan-petrescu-daniel-birligea-e1788463579855.jpg\" width=\"458\" height=\"305\"\/>&#13;<br \/>\n                                    <\/a><\/p>\n<p>                <a href=\"https:\/\/www.prosport.ro\/poze\/dan-petrescu-aparitie-meci-italia-declaratie-20517130\" rel=\"nofollow noopener\" target=\"_blank\">&#13;<br \/>\n                                            <img decoding=\"async\" loading=\"lazy\" fetchpriority=\"low\" src=\"https:\/\/www.europesays.com\/ro\/wp-content\/uploads\/2026\/09\/https:\/\/www.prosport.ro\/wp-content\/uploads\/2026\/07\/dan-petrescu-aparitie-publica-anunt-revenire-antr.jpeg\" width=\"227\" height=\"151\"\/>&#13;<br \/>\n                                    <\/a><\/p>\n<p id=\"p-4\">Tehnicianul a contribuit decisiv la ascensiunea lui Daniel B\u00eerligea \u0219i a fost sigur c\u0103 atacantul va face pasul \u00eentr-un campionat puternic.<\/p>\n<p id=\"p-5\">Dup\u0103 <a style=\"color: #0000ff;\" href=\"https:\/\/www.prosport.ro\/fotbal-intern\/superliga\/dan-petrescu-universitatea-craiova-conference-league-europa-league-20508157\" rel=\"nofollow noopener\" target=\"_blank\">p\u0103rerea \u201eBursucului\u201d<\/a>, v\u00e2rful na\u021bionalei Rom\u00e2niei combin\u0103 foarte bine viteza cu for\u021ba. B\u00eerligea a primit un sfat: trebuie s\u0103 munceasc\u0103, s\u0103 dea dovad\u0103 de seriozitate \u0219i s\u0103 alerge, c\u0103ci italienii \u00eei vor cere s\u0103 fac\u0103 \u0219i faza defensiv\u0103.<\/p>\n<p id=\"p-6\">\u201eCu siguran\u021b\u0103 sunt foarte emo\u021bionat, pentru c\u0103 eu am fost cel care i-a oferit debutul \u00een prima lig\u0103 din Rom\u00e2nia \u0219i am crezut mereu \u00een el. Eram sigur c\u0103 va face pasul la un nivel superior.<\/p>\n<p id=\"p-7\">\u00cen Italia \u00eei va fi greu. Totu\u0219i, datorit\u0103 calit\u0103\u021bilor pe care le posed\u0103, el va reu\u0219i s\u0103 se impun\u0103. Este un fotbalist serios \u0219i foarte talentat.<\/p>\n<p id=\"p-8\">Cea mai mare calitate a lui este viteza combinat\u0103 cu for\u021ba, iar \u00een careu sunt pu\u021bini juc\u0103tori ca el. \u0218i eu am jucat \u00een Italia, iar primul an nu a fost u\u0219or. E important s\u0103 i se acorde \u00eencredere. Cu c\u00e2t joac\u0103 mai mult, cu at\u00e2t devine mai bun.<\/p>\n<p id=\"p-9\">Trebuie s\u0103 fie umil \u0219i s\u0103 munceasc\u0103 din ce \u00een ce mai mult. \u00cen Italia i se va cere s\u0103 se apere, a\u0219a c\u0103 va trebui s\u0103 alerge foarte mult\u201d, a declarat Dan Petrescu pentru <a style=\"color: #000000;\" href=\"https:\/\/www.tuttofrosinone.com\/interviste\/petrescu-birligea-area-devastante-frosinone-gioca-bene-ricorda-foggia-75435\" target=\"_blank\" rel=\"noopener nofollow\">tuttofrosinone.com<\/a>.<\/p>\n<p>\u201eB\u00eerligol\u201d, mesaj lacrimogen dup\u0103 desp\u0103r\u021birea de FCSB: \u201ePlec cu inima plin\u0103 de recuno\u0219tin\u021b\u0103\u201d<\/p>\n<p id=\"p-10\">Daniel <a style=\"color: #0000ff;\" href=\"https:\/\/www.prosport.ro\/fotbal-extern\/campionate-externe\/italia\/daniel-birligea-mesaj-de-suflet-fani-fcsb-transfer-frosinone-20512400\" rel=\"nofollow noopener\" target=\"_blank\">B\u00eerligea a \u021binut s\u0103 lanseze un mesaj dup\u0103 plecarea de la FCSB<\/a>. \u00cencercat de emo\u021bii puternice, v\u00e2rful de careu s-a exprimat pe Instagram, dup\u0103 cum urmeaz\u0103:<\/p>\n<p id=\"p-11\">\u201eDup\u0103 doi ani, a venit momentul s\u0103 spun \u00abla revedere\u00bb. Plec cu inima plin\u0103 de recuno\u0219tin\u021b\u0103 pentru tot ce am tr\u0103it aici. Am avut parte de momente magice al\u0103turi de colegi, de oamenii din club \u0219i, mai ales, de voi, suporterii.<\/p>\n<p id=\"p-12\">\u00cempreun\u0103 am c\u00e2\u0219tigat titlul, am luptat pentru fiecare meci \u0219i am tr\u0103it emo\u021bii pe care le voi purta mereu cu mine. \u0218i serile magice de Europa vor r\u0103m\u00e2ne mereu o poveste frumoas\u0103!<\/p>\n<p id=\"p-13\">V\u0103 mul\u021bumesc pentru fiecare \u00eencurajare, pentru fiecare c\u00e2ntec \u0219i pentru felul \u00een care m-a\u021bi f\u0103cut s\u0103 simt c\u0103 fac parte din aceast\u0103 familie.<\/p>\n<p id=\"p-14\">Plec mai bogat ca om \u0219i ca fotbalist \u0219i las \u00een urm\u0103 amintiri pe care timpul nu le va \u0219terge. Ve\u021bi r\u0103m\u00e2ne o parte important\u0103 din povestea mea. V\u0103 mul\u021bumesc pentru tot \u0219i ne vom revedea!\u201d.<\/p>\n","protected":false},"excerpt":{"rendered":"\u00cen cursul zilei de miercuri, legenda na\u021bionalei Rom\u00e2niei, Dan Petrescu (58 de ani), \u0219i-a f\u0103cut apari\u021bia la meciul&hellip;\n","protected":false},"author":2,"featured_media":287448,"comment_status":"","ping_status":"","sticky":false,"template":"","format":"standard","meta":{"footnotes":"","_share_on_mastodon":"0"},"categories":[20],"tags":[350,1581,49907,41,40,38,39,547,185,184],"class_list":["post-287447","post","type-post","status-publish","format-standard","has-post-thumbnail","category-sport","tag-dan-petrescu","tag-daniel-birligea","tag-frosinone","tag-ro","tag-romana","tag-romania","tag-romanian","tag-sassuolo","tag-sport","tag-sports"],"share_on_mastodon":{"url":"https:\/\/pubeurope.com\/@ro\/117211284820364670","error":""},"_links":{"self":[{"href":"https:\/\/www.europesays.com\/ro\/wp-json\/wp\/v2\/posts\/287447","targetHints":{"allow":["GET"]}}],"collection":[{"href":"https:\/\/www.europesays.com\/ro\/wp-json\/wp\/v2\/posts"}],"about":[{"href":"https:\/\/www.europesays.com\/ro\/wp-json\/wp\/v2\/types\/post"}],"author":[{"embeddable":true,"href":"https:\/\/www.europesays.com\/ro\/wp-json\/wp\/v2\/users\/2"}],"replies":[{"embeddable":true,"href":"https:\/\/www.europesays.com\/ro\/wp-json\/wp\/v2\/comments?post=287447"}],"version-history":[{"count":0,"href":"https:\/\/www.europesays.com\/ro\/wp-json\/wp\/v2\/posts\/287447\/revisions"}],"wp:featuredmedia":[{"embeddable":true,"href":"https:\/\/www.europesays.com\/ro\/wp-json\/wp\/v2\/media\/287448"}],"wp:attachment":[{"href":"https:\/\/www.europesays.com\/ro\/wp-json\/wp\/v2\/media?parent=287447"}],"wp:term":[{"taxonomy":"category","embeddable":true,"href":"https:\/\/www.europesays.com\/ro\/wp-json\/wp\/v2\/categories?post=287447"},{"taxonomy":"post_tag","embeddable":true,"href":"https:\/\/www.europesays.com\/ro\/wp-json\/wp\/v2\/tags?post=287447"}],"curies":[{"name":"wp","href":"https:\/\/api.w.org\/{rel}","templated":true}]}}