{"id":287491,"date":"2026-09-04T06:44:12","date_gmt":"2026-09-04T06:44:12","guid":{"rendered":"https:\/\/www.europesays.com\/ro\/287491\/"},"modified":"2026-09-04T06:44:12","modified_gmt":"2026-09-04T06:44:12","slug":"gigi-becali-l-a-sunat-pe-mirel-radoi","status":"publish","type":"post","link":"https:\/\/www.europesays.com\/ro\/287491\/","title":{"rendered":"Gigi Becali l-a sunat pe Mirel R\u0103doi"},"content":{"rendered":"\n<ul class=\"bullets\">\n<li>\n<p>SuperLiga: CFR &#8211; Farul, vineri, 20:30, DGS 1<\/p>\n<\/li>\n<li>\n<p>Liga 2: Slatina &#8211; Chindia, vineri, 17:30, DGS 1<\/p>\n<\/li>\n<\/ul>\n<p><a href=\"https:\/\/www.digisport.ro\/fotbal\/super-lig\/adio-gaziantep-mirel-radoi-este-liber-de-contract-4460485\" target=\"_blank\" rel=\"noopener nofollow\" data-skip-linkfix=\"1\">Antrenorul a plecat de la Gaziantep<\/a> dup\u0103 doar \u0219apte meciuri, \u00een care a \u00eenregistrat o victorie, o remiz\u0103 \u0219i cinci e\u0219ecuri.\u00a0<\/p>\n<p>Gigi Becali a spus c\u0103 l-a sunat pe Mirel R\u0103doi s\u0103 vad\u0103 ce face, dar nu i-a r\u0103spuns<\/p>\n<p>La c\u00e2teva zile dup\u0103 desp\u0103r\u021birea de Gaziantep, Mirel R\u0103doi a fost contactat de Gigi Becali. Patronul FCSB a dezv\u0103luit c\u0103 \u0219i-a sunat finul, \u00eens\u0103 nu pentru a-i propune o revenire la echip\u0103. Antrenorul nu a r\u0103spuns, \u00eens\u0103, apelului.<\/p>\n<p>Gigi Becali a mai spus c\u0103 vrea s\u0103 lucreze din nou cu R\u0103doi \u00een viitor, dar nu \u00een acest moment.<\/p>\n<p>    <img decoding=\"async\" data-skip-htmlfix=\"1\" src=\"https:\/\/www.europesays.com\/ro\/wp-content\/uploads\/2026\/09\/YzM5Y2QzYTg3ZDA3OTkwMTUwMmJmNDYxNDdlODExYjc=.thumb.jpg\" alt=\"Gaziantep FK v Besiktas - Turkish Super Lig\"\/>   Mirel R\u0103doi \/ Foto: Getty Images  <\/p>\n<p>\u201dL-am sunat. Nu r\u0103spunde. Nu ca s\u0103-l iau la FCSB. C\u00e2nd Mirel va fi \u00een vog\u0103, c\u00e2nd se va coace la minte mai mult, el la mine va fi \u0219i va face cele mai mari performan\u021be cu na\u0219ul lui\u201d, a declarat Gigi Becali, conform <a href=\"https:\/\/www.sport.ro\/liga-1\/gigi-becali-a-spus-cand-il-va-readuce-pe-mirel-radoi-la-fcsb.html\" target=\"_blank\" rel=\"noopener nofollow\" data-skip-linkfix=\"1\">sport.ro.<\/a><\/p>\n<p>De men\u021bionat este faptul c\u0103 Mirel R\u0103doi a fost antrenor la FCSB \u00een acest an, \u00eens\u0103 doar pentru 5 meciuri. Tehnicianul \u00eel \u00eenlocuia pe Elias Charalambous, \u00eens\u0103 a decis s\u0103 fac\u0103 pasul la Gaziantep dup\u0103 doar o lun\u0103 de la marea revenire.<\/p>\n<p>De men\u021bionat este c\u0103 Mirel R\u0103doi a preg\u0103tit-o pe FCSB \u00een acest an, \u00eens\u0103 mandatul s\u0103u a fost unul extrem de scurt, de doar 5 meciuri.<\/p>\n<p>Tehnicianul a preluat echipa pe 10 martie, dup\u0103 demisia lui Elias Charalambous, dar a ales s\u0103 plece la Gaziantep dup\u0103 numai o lun\u0103, mai exact pe 21 aprilie.<\/p>\n<p>FC Arge\u0219 &#8211; FCSB 0-5, \u00een Cupa Rom\u00e2nieiVIDEO Rezumat FC Arge\u0219 &#8211; FCSB 0-5, \u00een prima etap\u0103 din faza grupelor la Cupa Rom\u00e2nieiGigi Becali a anun\u021bat c\u0103 Marius Baciu va r\u0103m\u00e2ne la FCSB<\/p>\n<p>\u00cen ultima vreme, s-a vorbit despre o posibil\u0103 desp\u0103r\u021bire de antrenorul ro\u0219-alba\u0219trilor, \u00eens\u0103 patronul echipei a l\u0103murit lucrurile.<\/p>\n<p>Dup\u0103\u00a0<a href=\"https:\/\/www.digisport.ro\/fotbal\/cupa-romaniei\/fc-arges-fcsb-0-5-echipa-ros-albastra-a-facut-spectacol-in-prima-etapa-a-grupelor-din-cupa-romaniei-4464221\" target=\"_blank\" rel=\"noopener nofollow\" data-skip-linkfix=\"1\">victoria categoric\u0103 cu FC Arge\u0219, scor 5-0,<\/a> din Cup\u0103, latifundiarul din Pipera a fost \u00eentrebat direct dac\u0103 se g\u00e2nde\u0219te s\u0103-l readuc\u0103 pe Mirel R\u0103doi la echipa pe care o patroneaz\u0103.\u00a0<\/p>\n<p>F\u0103r\u0103 s\u0103 stea pe g\u00e2nduri, Gigi Becali a dezv\u0103luit c\u0103 Marius Baciu va r\u0103m\u00e2ne deocamdat\u0103 antrenorul celor de la FCSB.<\/p>\n<p>\u201dOmul (n.r. Marius Baciu) a c\u00e2\u0219tigat 5-0 \u0219i s\u0103 vorbim de schimbarea lui acum&#8230; Nu e frumos.<\/p>\n<p>(n.r. despre revenirea lui Mirel R\u0103doi) Nu iau \u00een calcul s\u0103 vorbesc despre alt antrenor c\u00e2nd omul a c\u00e2\u0219tigat cu 5-0\u201d,\u00a0a spus Gigi Becali, la Digi Sport Special.\u00a0<\/p>\n<p>Rezultatele celor \u0219apte meciuri antrenate de Mirel R\u0103doi la Gaziantep<\/p>\n<ul>\n<li>Eyupspor &#8211; Gaziantep 3-0<\/li>\n<li>Gaziantep &#8211; Be\u0219ikta\u0219 0-2<\/li>\n<li>Goztepe &#8211; Gaziantep 2-1<\/li>\n<li>Gaziantep &#8211; Ba\u0219akhe\u0219ir 1-2<\/li>\n<li>Gaziantep &#8211; Alanyaspor 1-1<\/li>\n<li>Eyupspor &#8211; Gaziantep 0-1\u00a0<\/li>\n<li>Gaziantep &#8211; Rizespor 1-2<\/li>\n<\/ul>\n<p>Mirel R\u0103doi a debutat ca antrenor la FCSB, \u00een 2015. A plecat cu scandal<\/p>\n<p>\u00cen urm\u0103 cu 11 ani, Mirel R\u0103doi \u00ee\u0219i \u00eencepea aventura de antrenor chiar la echipa unde a cunoscut gloria ca \u0219i juc\u0103tor. Chiar \u0219i a\u0219a, perioada pe banca tehnic\u0103 a FCSB-ului nu a fost una de lung\u0103 durat\u0103.\u00a0<\/p>\n<p>Tehnicianul a rezistat doar 29 de meciuri pe banca \u201dro\u0219-alba\u0219trilor\u201d, timp \u00een care a \u00eenregistrat 12 victorii, 8 remize \u015fi 9 \u00eenfr\u00e2ngeri. Mai mult, tehnicianul a ratat calificarea \u00een grupele cupelor europene.\u00a0<\/p>\n<p>Pe 29 noiembrie 2015, dup\u0103 un e\u0219ec cu Astra (0-1), Mirel R\u0103doi \u00ee\u0219i anun\u021ba demisia din cauza tensiunilor de la club. Concret, antrenorul acuza c\u0103 Gigi Becali, na\u0219ul s\u0103u \u0219i patronul, voia s\u0103 se implice la echip\u0103, lucru pe care nu l-a acceptat.\u00a0<\/p>\n<p>  Etichete:  <a href=\"https:\/\/www.digisport.ro\/eticheta\/turcia\" rel=\"nofollow noopener\" target=\"_blank\">turcia<\/a> , <a href=\"https:\/\/www.digisport.ro\/eticheta\/gigi-becali\" rel=\"nofollow noopener\" target=\"_blank\">gigi becali<\/a> , <a href=\"https:\/\/www.digisport.ro\/eticheta\/mirel-radoi\" rel=\"nofollow noopener\" target=\"_blank\">mirel radoi<\/a> , <a href=\"https:\/\/www.digisport.ro\/eticheta\/marius-baciu\" rel=\"nofollow noopener\" target=\"_blank\">marius baciu<\/a> , <a href=\"https:\/\/www.digisport.ro\/eticheta\/gaziantep\" rel=\"nofollow noopener\" target=\"_blank\">gaziantep<\/a>   <\/p>\n<p>Urm\u0103re\u0219te \u0219tirile digisport.ro \u0219i pe <a href=\"https:\/\/news.google.com\/publications\/CAAiENr1L9HFNMG5hpp5zTfVtpsqFAgKIhDa9S_RxTTBuYaaec031bab?ceid=RO:ro&amp;oc=3\" target=\"_blank\" rel=\"external nofollow noopener\">Google News<\/a><\/p>\n<p>   Noua Aplica\u0163ie Digi Sport poate fi desc\u0103rcat\u0103 din   <\/p>\n","protected":false},"excerpt":{"rendered":"SuperLiga: CFR &#8211; Farul, vineri, 20:30, DGS 1 Liga 2: Slatina &#8211; Chindia, vineri, 17:30, DGS 1 Antrenorul&hellip;\n","protected":false},"author":2,"featured_media":287492,"comment_status":"","ping_status":"","sticky":false,"template":"","format":"standard","meta":{"footnotes":"","_share_on_mastodon":"0"},"categories":[20],"tags":[11013,196,909,577,41,40,38,39,185,184,56],"class_list":["post-287491","post","type-post","status-publish","format-standard","has-post-thumbnail","category-sport","tag-gaziantep","tag-gigi-becali","tag-marius-baciu","tag-mirel-radoi","tag-ro","tag-romana","tag-romania","tag-romanian","tag-sport","tag-sports","tag-turcia"],"share_on_mastodon":{"url":"https:\/\/pubeurope.com\/@ro\/117211422552992868","error":""},"_links":{"self":[{"href":"https:\/\/www.europesays.com\/ro\/wp-json\/wp\/v2\/posts\/287491","targetHints":{"allow":["GET"]}}],"collection":[{"href":"https:\/\/www.europesays.com\/ro\/wp-json\/wp\/v2\/posts"}],"about":[{"href":"https:\/\/www.europesays.com\/ro\/wp-json\/wp\/v2\/types\/post"}],"author":[{"embeddable":true,"href":"https:\/\/www.europesays.com\/ro\/wp-json\/wp\/v2\/users\/2"}],"replies":[{"embeddable":true,"href":"https:\/\/www.europesays.com\/ro\/wp-json\/wp\/v2\/comments?post=287491"}],"version-history":[{"count":0,"href":"https:\/\/www.europesays.com\/ro\/wp-json\/wp\/v2\/posts\/287491\/revisions"}],"wp:featuredmedia":[{"embeddable":true,"href":"https:\/\/www.europesays.com\/ro\/wp-json\/wp\/v2\/media\/287492"}],"wp:attachment":[{"href":"https:\/\/www.europesays.com\/ro\/wp-json\/wp\/v2\/media?parent=287491"}],"wp:term":[{"taxonomy":"category","embeddable":true,"href":"https:\/\/www.europesays.com\/ro\/wp-json\/wp\/v2\/categories?post=287491"},{"taxonomy":"post_tag","embeddable":true,"href":"https:\/\/www.europesays.com\/ro\/wp-json\/wp\/v2\/tags?post=287491"}],"curies":[{"name":"wp","href":"https:\/\/api.w.org\/{rel}","templated":true}]}}