{"id":287511,"date":"2026-09-04T06:58:20","date_gmt":"2026-09-04T06:58:20","guid":{"rendered":"https:\/\/www.europesays.com\/ro\/287511\/"},"modified":"2026-09-04T06:58:20","modified_gmt":"2026-09-04T06:58:20","slug":"gabi-balint-a-cerut-de-urgenta-un-transfer-la-fcsb-si-nu-e-ceea-ce-si-doreste-gigi-becali","status":"publish","type":"post","link":"https:\/\/www.europesays.com\/ro\/287511\/","title":{"rendered":"Gabi Balint a cerut de urgen\u021b\u0103 un transfer la FCSB \u0219i nu e ceea ce-\u0219i dore\u0219te Gigi Becali"},"content":{"rendered":"\n<ul class=\"bullets\">\n<li>\n<p>SuperLiga: CFR &#8211; Farul, vineri, 20:30, DGS 1<\/p>\n<\/li>\n<li>\n<p>Liga 2: Slatina &#8211; Chindia, vineri, 17:30, DGS 1<\/p>\n<\/li>\n<\/ul>\n<p>Specialistul Digi Sport a transmis clar c\u0103 gruparea ro\u0219-albastr\u0103 nu se poate baza doar pe goalkeeperii Matei Popa (19 ani) \u0219i Mihai Udrea (25 de ani). \u00cen cazul lui \u0218tefan T\u00e2rnovanu (26 de ani), Gabi Balint a transmis clar c\u0103 <a href=\"https:\/\/www.digisport.ro\/fotbal\/liga-1\/gigi-becali-l-a-pus-pe-lista-de-transferuri-4461715\" target=\"_blank\" rel=\"noopener nofollow\" data-skip-linkfix=\"1\">trebuie s\u0103 plece \u00een acest mercato<\/a>, deoarece &#8222;psihic este terminat&#8221;.<\/p>\n<p>Gabi Balint crede c\u0103 FCSB trebuie s\u0103 transfere neap\u0103rat un portar!<\/p>\n<p>\u00cen direct la Digi Sport, Gabi Balint a comentat situa\u021bia de la FCSB \u0219i a transmis clar c\u0103 aducerea unui portar va fi necesar\u0103 pentru a putea \u00eendeplini obiectivele \u00een acest sezon.<\/p>\n<p>&#8222;Eu cred c\u0103 FCSB mai are nevoie de un portar. \u00cen primul r\u00e2nd, Popa e un juc\u0103tor care promite mult, e foarte talentat, dar \u00eenc\u0103 e crud. S\u0103-l v\u0103d cum se va descurca \u00een meciurile cu echipele mai importante de la noi. Oricum e de viitor. \u00cenc\u0103 mai are nevoie s\u0103 acumuleze meciuri.<\/p>\n<p>T\u00e2rnovanu cred c\u0103 psihic e terminat. T\u00e2rnovanu orice ar face \u00een teren e negativ pentru patron. Eu a\u0219a cred. Dac\u0103 vrei s\u0103 faci o echip\u0103 bun\u0103 e nevoie de un portar foarte bun. Un portar cu experien\u021b\u0103, cu greutate, care s\u0103 te scoat\u0103 c\u00e2nd e greu. \u00cen acest moment, cei doi nu m\u0103 conving. Cel t\u00e2n\u0103r, care este talentat \u0219i are lips\u0103 de experien\u021b\u0103, iar T\u00e2rnovanu eu cred c\u0103 e terminat, ar trebui s\u0103 plece. Eu cred c\u0103 e cel mai bine pentru el&#8221;, a declarat Gabi Balint, \u00een direct la Digi Sport, \u00een cadrul emisiunii Fotbal Club.<\/p>\n<p>Matei Popa a evoluat \u00een 4 meciuri \u00een acest sezon pentru FCSB, \u00een care a primit 4 goluri. De cealalt\u0103 parte, \u0218tefan T\u00e2rnovanu a ap\u0103rat poarta grup\u0103rii ro\u0219-albastre \u00een 6 partide \u00een actuala stagiune \u0219i a \u00eencasat 11 goluri.<\/p>\n<p>VIDEO Gabi Balint a transmis c\u0103 FCSB mai are nevoie de un portarVIDEO Gabi Balint a transmis c\u0103 FCSB mai are nevoie de un portarFCSB a oficializat 6 transferuri p\u00e2n\u0103 la data de 3 septembrie<\/p>\n<p>P\u00e2n\u0103 la <a href=\"https:\/\/www.digisport.ro\/fotbal\/super-lig\/s-a-terminat-anunt-oficial-despre-denis-dragus-4465887\" target=\"_blank\" rel=\"noopener nofollow\" data-skip-linkfix=\"1\">oficializarea transferurilor lui Denis Dr\u0103gu\u0219<\/a>, Karlo Muhar \u0219i Meriton Korenica, FCSB a oficializat 6 transferuri \u00een aceast\u0103 perioad\u0103 de mercato, p\u00e2n\u0103 pe 3 septembrie.<\/p>\n<ul>\n<li>Aymen Boutoutaou (25 de ani, extrem\u0103 dreapta) &#8211; de la Sochaux, din Fran\u021ba, pentru 1.000.000 de euro.<\/li>\n<li>Ronny Labone (28 de ani, funda\u0219 dreapta) &#8211; de la SM Caen, din Fran\u021ba, pentru 100.000 de euro.<\/li>\n<li>Eddy Gnahore (32 de ani, mijloca\u0219 defensiv) &#8211; de la Dinamo, gratis.<\/li>\n<li>Dylan Batubinsika (30 de ani, funda\u0219 central) &#8211; de la AE Larisa, din Grecia, gratis.<\/li>\n<li>Luca Stancu (21 de ani, funda\u0219 dreapta) &#8211; de la Hermannstadt, gratis.<\/li>\n<li>Arnold Garita (31 de ani, atacant central) &#8211; de la SZ Juniors, din China, sub form\u0103 de \u00eemprumut.<\/li>\n<\/ul>\n<p>  Etichete:  <a href=\"https:\/\/www.digisport.ro\/eticheta\/gabi-balint\" rel=\"nofollow noopener\" target=\"_blank\">gabi balint<\/a> , <a href=\"https:\/\/www.digisport.ro\/eticheta\/gigi-becali\" rel=\"nofollow noopener\" target=\"_blank\">gigi becali<\/a> , <a href=\"https:\/\/www.digisport.ro\/eticheta\/transfer-fcsb\" rel=\"nofollow noopener\" target=\"_blank\">transfer fcsb<\/a>   <\/p>\n<p>Urm\u0103re\u0219te \u0219tirile digisport.ro \u0219i pe <a href=\"https:\/\/news.google.com\/publications\/CAAiENr1L9HFNMG5hpp5zTfVtpsqFAgKIhDa9S_RxTTBuYaaec031bab?ceid=RO:ro&amp;oc=3\" target=\"_blank\" rel=\"external nofollow noopener\">Google News<\/a><\/p>\n<p>   Noua Aplica\u0163ie Digi Sport poate fi desc\u0103rcat\u0103 din   <\/p>\n","protected":false},"excerpt":{"rendered":"SuperLiga: CFR &#8211; Farul, vineri, 20:30, DGS 1 Liga 2: Slatina &#8211; Chindia, vineri, 17:30, DGS 1 Specialistul&hellip;\n","protected":false},"author":2,"featured_media":287512,"comment_status":"","ping_status":"","sticky":false,"template":"","format":"standard","meta":{"footnotes":"","_share_on_mastodon":"0"},"categories":[20],"tags":[9503,196,41,40,38,39,185,184,380],"class_list":["post-287511","post","type-post","status-publish","format-standard","has-post-thumbnail","category-sport","tag-gabi-balint","tag-gigi-becali","tag-ro","tag-romana","tag-romania","tag-romanian","tag-sport","tag-sports","tag-transfer-fcsb"],"share_on_mastodon":{"url":"https:\/\/pubeurope.com\/@ro\/117211476962216673","error":""},"_links":{"self":[{"href":"https:\/\/www.europesays.com\/ro\/wp-json\/wp\/v2\/posts\/287511","targetHints":{"allow":["GET"]}}],"collection":[{"href":"https:\/\/www.europesays.com\/ro\/wp-json\/wp\/v2\/posts"}],"about":[{"href":"https:\/\/www.europesays.com\/ro\/wp-json\/wp\/v2\/types\/post"}],"author":[{"embeddable":true,"href":"https:\/\/www.europesays.com\/ro\/wp-json\/wp\/v2\/users\/2"}],"replies":[{"embeddable":true,"href":"https:\/\/www.europesays.com\/ro\/wp-json\/wp\/v2\/comments?post=287511"}],"version-history":[{"count":0,"href":"https:\/\/www.europesays.com\/ro\/wp-json\/wp\/v2\/posts\/287511\/revisions"}],"wp:featuredmedia":[{"embeddable":true,"href":"https:\/\/www.europesays.com\/ro\/wp-json\/wp\/v2\/media\/287512"}],"wp:attachment":[{"href":"https:\/\/www.europesays.com\/ro\/wp-json\/wp\/v2\/media?parent=287511"}],"wp:term":[{"taxonomy":"category","embeddable":true,"href":"https:\/\/www.europesays.com\/ro\/wp-json\/wp\/v2\/categories?post=287511"},{"taxonomy":"post_tag","embeddable":true,"href":"https:\/\/www.europesays.com\/ro\/wp-json\/wp\/v2\/tags?post=287511"}],"curies":[{"name":"wp","href":"https:\/\/api.w.org\/{rel}","templated":true}]}}