{"id":287651,"date":"2026-09-04T09:13:12","date_gmt":"2026-09-04T09:13:12","guid":{"rendered":"https:\/\/www.europesays.com\/ro\/287651\/"},"modified":"2026-09-04T09:13:12","modified_gmt":"2026-09-04T09:13:12","slug":"htc-aduce-ochelarii-inteligenti-vive-eagle-in-europa-in-concurenta-directa-cu-modelele-meta","status":"publish","type":"post","link":"https:\/\/www.europesays.com\/ro\/287651\/","title":{"rendered":"HTC aduce ochelarii inteligen\u021bi Vive Eagle \u00een Europa, \u00een concuren\u021b\u0103 direct\u0103 cu modelele Meta"},"content":{"rendered":"<p class=\"wp-block-paragraph\">HTC tocmai a anun\u021bat extinderea disponibilit\u0103\u021bii pentru ochelarii inteligen\u021bi Vive Eagle \u00een America de Nord, Europa, Regatul Unit \u0219i Australia. Modelul ajunge pe pie\u021bele occidentale la aproximativ un an dup\u0103 debutul din Taiwan, f\u0103r\u0103 modific\u0103ri hardware importante fa\u021b\u0103 de versiunea lansat\u0103 ini\u021bial. HTC Vive Eagle sunt ochelari inteligen\u021bi echipa\u021bi cu o camer\u0103 frontal\u0103, difuzoare integrate \u0219i acces la servicii AI. Utilizatorii pot alege \u00eentre OpenAI \u0219i Gemini, iar \u00een Europa livr\u0103rile vor \u00eencepe pe 21 septembrie, la un pre\u021b de baz\u0103 de 469 de euro.<\/p>\n<p>HTC Vive Eagle folosesc servicii OpenAI \u0219i Gemini<\/p>\n<p class=\"wp-block-paragraph\">Accesul la inteligen\u021ba artificial\u0103 este una dintre func\u021biile centrale ale ochelarilor. Utilizatorul poate apela la OpenAI sau Gemini, alegerea serviciului fiind f\u0103cut\u0103 \u00een func\u021bie de sarcina pe care dore\u0219te s\u0103 o execute. R\u0103spunsurile AI sunt redate prin cele dou\u0103 difuzoare open-ear integrate \u00een rame. HTC sus\u021bine c\u0103 informa\u021biile colectate prin intermediul ochelarilor nu vor fi folosite pentru antrenarea propriilor modele AI. Cererile trimise de utilizatori ar urma s\u0103 fie anonimizate pentru a \u00eempiedica realizarea unor profiluri individuale.<\/p>\n<p><a href=\"https:\/\/www.connect.ro\/?attachment_id=463558\" rel=\"nofollow noopener\" target=\"_blank\"><img fetchpriority=\"high\" decoding=\"async\" width=\"900\" height=\"570\" data-id=\"463558\" src=\"https:\/\/www.europesays.com\/ro\/wp-content\/uploads\/2026\/09\/HTC-Vive-Eagle-3-900x570.jpeg.webp\" alt=\"\" class=\"wp-image-463558\"  \/><\/a><\/p>\n<p><a href=\"https:\/\/www.connect.ro\/?attachment_id=463559\" rel=\"nofollow noopener\" target=\"_blank\"><img decoding=\"async\" width=\"900\" height=\"570\" data-id=\"463559\" src=\"https:\/\/www.europesays.com\/ro\/wp-content\/uploads\/2026\/09\/HTC-Vive-Eagle-2-900x570.jpeg.webp\" alt=\"\" class=\"wp-image-463559\"   loading=\"lazy\"\/><\/a><\/p>\n<p>HTC Vive Eagle \u2013 Specifica\u021bii <\/p>\n<ul class=\"wp-block-list\">\n<li>Procesor: Snapdragon AR Gen 1<\/li>\n<li>Memorie: 4 GB RAM<\/li>\n<li>Stocare: 32 GB<\/li>\n<li>Camer\u0103: frontal\u0103, 12 megapixeli<\/li>\n<li>Baterie: 235 mAh, autonomie standby declarat\u0103 de 36 de ore<\/li>\n<li>Audio: difuzoare stereo open-ear integrate<\/li>\n<\/ul>\n<p>Camera prime\u0219te c\u00e2teva m\u0103suri suplimentare de confiden\u021bialitate<\/p>\n<p class=\"wp-block-paragraph\">Camera frontal\u0103 de 12 megapixeli este \u00eenso\u021bit\u0103 de un LED care indic\u0103 atunci c\u00e2nd ochelarii \u00eenregistreaz\u0103. Potrivit HTC, compania a implementat m\u0103suri care \u00eempiedic\u0103 dezactivarea acestui indicator. Ochelarii nu pot \u00eenregistra dac\u0103 sistemul detecteaz\u0103 c\u0103 nu sunt purta\u021bi. \u00cen plus, dac\u0103 o persoan\u0103 aflat\u0103 \u00een apropiere spune comanda \u201estop filming\u201d, filmarea ar trebui s\u0103 se opreasc\u0103 automat. Eficien\u021ba acestei func\u021bii \u00een medii zgomotoase sau \u00een alte limbi nu este precizat\u0103 \u00een surs\u0103.<\/p>\n<p><a href=\"https:\/\/www.connect.ro\/?attachment_id=463560\" rel=\"nofollow noopener\" target=\"_blank\"><img decoding=\"async\" width=\"900\" height=\"570\" data-id=\"463560\" src=\"https:\/\/www.europesays.com\/ro\/wp-content\/uploads\/2026\/09\/HTC-Vive-Eagle-4-900x570.jpeg.webp\" alt=\"\" class=\"wp-image-463560\"   loading=\"lazy\"\/><\/a><\/p>\n<p><a href=\"https:\/\/www.connect.ro\/?attachment_id=463561\" rel=\"nofollow noopener\" target=\"_blank\"><img loading=\"lazy\" decoding=\"async\" width=\"900\" height=\"570\" data-id=\"463561\" src=\"https:\/\/www.europesays.com\/ro\/wp-content\/uploads\/2026\/09\/HTC-Vive-Eagle-5-900x570.jpeg.webp\" alt=\"\" class=\"wp-image-463561\"  \/><\/a><\/p>\n<p class=\"wp-block-paragraph\">HTC Vive Eagle sunt disponibili \u00een dou\u0103 forme pentru rame, denumite Square \u0219i Panto. Cump\u0103r\u0103torii pot alege \u00eentre variantele translucide Black, Coffee \u0219i Berry.<\/p>\n<p class=\"wp-block-paragraph\">Ochelarii sunt livra\u021bi cu lentile Zeiss, disponibile \u00een versiuni transparente, colorate sau adaptive. Pot fi montate ulterior \u0219i lentile cu prescrip\u021bie medical\u0103, \u00eens\u0103 costul acestora nu este inclus \u00een pre\u021bul de baz\u0103.<\/p>\n<p class=\"wp-block-paragraph\">Livr\u0103rile HTC Vive Eagle \u00een Europa \u00eencep pe 21 septembrie, cu pre\u021buri de la 469 de euro.<\/p>\n","protected":false},"excerpt":{"rendered":"HTC tocmai a anun\u021bat extinderea disponibilit\u0103\u021bii pentru ochelarii inteligen\u021bi Vive Eagle \u00een America de Nord, Europa, Regatul Unit&hellip;\n","protected":false},"author":2,"featured_media":287652,"comment_status":"","ping_status":"","sticky":false,"template":"","format":"standard","meta":{"footnotes":"","_share_on_mastodon":"0"},"categories":[16],"tags":[44397,5199,11088,64953,86,25039,1634,41,40,38,39,43954,141,124,79178],"class_list":["post-287651","post","type-post","status-publish","format-standard","has-post-thumbnail","category-tehnologie","tag-ai-glasses","tag-gemini","tag-htc","tag-htc-vive-eagle","tag-meta","tag-ochelari-inteligenti","tag-openai","tag-ro","tag-romana","tag-romania","tag-romanian","tag-smart-glasses","tag-technology","tag-tehnologie","tag-vive-eagle"],"share_on_mastodon":{"url":"https:\/\/pubeurope.com\/@ro\/117212008530253750","error":""},"_links":{"self":[{"href":"https:\/\/www.europesays.com\/ro\/wp-json\/wp\/v2\/posts\/287651","targetHints":{"allow":["GET"]}}],"collection":[{"href":"https:\/\/www.europesays.com\/ro\/wp-json\/wp\/v2\/posts"}],"about":[{"href":"https:\/\/www.europesays.com\/ro\/wp-json\/wp\/v2\/types\/post"}],"author":[{"embeddable":true,"href":"https:\/\/www.europesays.com\/ro\/wp-json\/wp\/v2\/users\/2"}],"replies":[{"embeddable":true,"href":"https:\/\/www.europesays.com\/ro\/wp-json\/wp\/v2\/comments?post=287651"}],"version-history":[{"count":0,"href":"https:\/\/www.europesays.com\/ro\/wp-json\/wp\/v2\/posts\/287651\/revisions"}],"wp:featuredmedia":[{"embeddable":true,"href":"https:\/\/www.europesays.com\/ro\/wp-json\/wp\/v2\/media\/287652"}],"wp:attachment":[{"href":"https:\/\/www.europesays.com\/ro\/wp-json\/wp\/v2\/media?parent=287651"}],"wp:term":[{"taxonomy":"category","embeddable":true,"href":"https:\/\/www.europesays.com\/ro\/wp-json\/wp\/v2\/categories?post=287651"},{"taxonomy":"post_tag","embeddable":true,"href":"https:\/\/www.europesays.com\/ro\/wp-json\/wp\/v2\/tags?post=287651"}],"curies":[{"name":"wp","href":"https:\/\/api.w.org\/{rel}","templated":true}]}}