{"id":287713,"date":"2026-09-04T10:00:13","date_gmt":"2026-09-04T10:00:13","guid":{"rendered":"https:\/\/www.europesays.com\/ro\/287713\/"},"modified":"2026-09-04T10:00:13","modified_gmt":"2026-09-04T10:00:13","slug":"trebuie-sa-si-caute-echipa-venirea-lui-denis-dragus-complica-serios-situatia-unui-jucator-de-la-fcsb","status":"publish","type":"post","link":"https:\/\/www.europesays.com\/ro\/287713\/","title":{"rendered":"\u201eTrebuie s\u0103-\u0219i caute echip\u0103\u201d. Venirea lui Denis Dr\u0103gu\u0219 complic\u0103 serios situa\u021bia unui juc\u0103tor de la FCSB"},"content":{"rendered":"<ul class=\"bullets\">&#13;<\/p>\n<li>Gabi Balint (63 de ani), fost interna\u021bional rom\u00e2n \u0219i fost atacant al Stelei, consider\u0103 c\u0103 venirea lui Denis Dr\u0103gu\u0219 (27 de ani) la FCSB \u00eei poate reduce drastic \u0219ansele lui Octavian Popescu (23 de ani) de a mai prinde minute.<\/li>\n<p>&#13;\n<\/ul>\n<p><a id=\"google-source-button\" class=\"google-favorite\" target=\"_blank\" href=\"https:\/\/www.google.com\/preferences\/source?q=golazo.ro\" rel=\"nofollow noopener\"><\/p>\n<p>        <img loading=\"lazy\" decoding=\"async\" src=\"https:\/\/golazo.ro\/images\/google-logo.svg\" alt=\"\" width=\"24\" height=\"24\"\/><br \/>\n        <img loading=\"lazy\" decoding=\"async\" src=\"https:\/\/golazo.ro\/images\/check-icon-2.svg\" alt=\"\" width=\"24\" height=\"24\"\/><\/p>\n<p>    Adaug\u0103 GOLAZO.ro la favorite<\/p>\n<p><\/a><\/p>\n<p class=\"\">Gigi Becali a anun\u021bat ieri c\u0103 <a href=\"https:\/\/golazo.ro\/gigi-becalii-fcsb-denis-dragus-meriton-korenica-karlo-muhar-185178\" target=\"_blank\" rel=\"noreferrer noopener nofollow\">Denis Dr\u0103gu\u0219, Meriton Korenica \u0219i Karlo Muhar<\/a> au semnat cu FCSB.<\/p>\n<p>Gabi Balint crede c\u0103 venirea lui Denis Dr\u0103gu\u0219 \u00eei complic\u0103 serios situa\u021bia lui Octavian Popescu<\/p>\n<p class=\"\">\u201eDr\u0103gu\u0219 \u00eencepuse bine la Trabzonspor, da, dar accidentarea l-a oprit, s\u0103 vedem cum o s\u0103 fie acum. <\/p>\n<p class=\"\">Apoi m\u0103 \u00eentreb\u2026 Dac\u0103 semneaz\u0103 Dr\u0103gu\u0219, joac\u0103 \u0219i Boutoutaou, Octavian Popescu e alt juc\u0103tor care trebuie s\u0103-\u0219i caute echip\u0103, c\u0103 s-a cam aglomerat partea st\u00e2ng\u0103.<\/p>\n<p class=\"\">Mie \u00eemi place de el, are calit\u0103\u021bi tehnice, dar nu e de ajuns\u201d, a declarat Gabi Balint, conform <a target=\"_blank\" href=\"https:\/\/www.digisport.ro\/fotbal\/liga-1\/victima-pe-care-o-face-denis-dragus-la-fcsb-4465953\" rel=\"nofollow noopener\">digisport.ro. <\/a><\/p>\n<p>234 de meciuri <\/p>\n<p>a disputat Octavian Popescu pentru FCSB. A marcat 28 de goluri \u0219i a oferit 30 de pase decisive<\/p>\n<p class=\"\">Octavian Popescu a pierdut teren \u00een ultima perioad\u0103 la FCSB. Dup\u0103 meciul cu FC Boto\u0219ani, scor 3-2, fotbalistul <a target=\"_blank\" href=\"https:\/\/golazo.ro\/octavian-popescu-fcsb-fc-botosani-liga-1-183575\" rel=\"nofollow noopener\">a avut o reac\u021bie furioas\u0103<\/a>, nemul\u021bumit de faptul c\u0103 a \u00eenceput partida pe banca de rezerve.<\/p>\n<p class=\"\">\u201eSunt sup\u0103rat c\u0103 nu joc titular! Sau c\u0103 am jucat pu\u021bine minute, a\u0219a cum am jucat \u0219i la meciul cu Sepsi. Cred c\u0103 nu merit asta. <\/p>\n<p class=\"\">Este normal s\u0103 fii sup\u0103rat, c\u00e2nd e\u0219ti fotbalist trebuie s\u0103 joci c\u00e2t mai mult, nu 10 minute. Sper s\u0103 revin \u00een primul 11 \u0219i s\u0103 r\u0103m\u00e2nem pe locul 1\u201d, a spus Octavian Popescu la finalul meciului cu Boto\u0219ani.<\/p>\n<p class=\"\">Ulterior, a jucat 63 de minute \u00een e\u0219ecul cu CFR Cluj, scor 0-1, iar la partidele cu UTA, 1-3, \u0219i FC Arge\u0219, 5-0, nu a mai f\u0103cut parte din lot.<\/p>\n<p class=\"\">FOTO. FCSB &#8211; Boto\u0219ani 3-2<\/p>\n<p>    <img decoding=\"async\" src=\"https:\/\/www.europesays.com\/ro\/wp-content\/uploads\/2026\/09\/fcsb-fc-botosani-foto-iosif-popescu-golazo-1.jpeg\" alt=\"FCSB - FC Botosani FOTO Iosif Popescu GOLAZO (1).jpeg\" data-blur=\"https:\/\/www.europesays.com\/ro\/wp-content\/uploads\/2026\/09\/fcsb-fc-botosani-foto-iosif-popescu-golazo-1.jpeg\" width=\"684\" height=\"456\" class=\"blur\" loading=\"lazy\"\/><\/p>\n<p>            <img decoding=\"async\" src=\"https:\/\/www.europesays.com\/ro\/wp-content\/uploads\/2026\/09\/1788516013_541_fcsb-fc-botosani-foto-iosif-popescu-golazo-1.jpeg\" loading=\"lazy\" alt=\"FCSB - FC Botosani FOTO Iosif Popescu GOLAZO (1).jpeg\" width=\"684\" height=\"456\"\/><\/p>\n<p>        Galerie foto (83 imagini)<\/p>\n<p>                    <a href=\"https:\/\/golazo.ro\/fcsb-fc-botosani-meci-foto-iosif-popescu-vlad-nedelea-golazoro-183544-g1?articleSource=185252\" class=\"gallery-link\" aria-label=\"Show gallery\" rel=\"nofollow noopener\" target=\"_blank\"><\/p>\n<p>                +83 Foto<br \/>\n            <\/a><\/p>\n<p>    <a href=\"https:\/\/golazo.ro\/fcsb-fc-botosani-meci-foto-iosif-popescu-vlad-nedelea-golazoro-183544-g1\/fcsb-fc-botosani-foto-iosif-popescu-golazo-1jpeg-479770?articleSource=185252\" class=\"link\" rel=\"nofollow noopener\" target=\"_blank\">labels.photo-gallery<\/a><\/p>\n<p class=\"\">Gigi Becali a spus la finalul lunii august c\u0103 Octavian Popescu a lipsit de la antrenamente din cauza unor probleme de s\u0103n\u0103tate, \u00eens\u0103 a recunoscut c\u0103<a target=\"_blank\" href=\"https:\/\/golazo.ro\/octavian-popescu-supsectat-raceala-fcsb-uta-184885\" rel=\"nofollow noopener\"> nu este convins<\/a> de explica\u021bia juc\u0103torului.<\/p>\n<p class=\"\">\u201eNu \u0219tiu ce are, cic\u0103 e bolnav. N-auzi c\u0103 e bolnav? A dat telefon c\u0103 nu se poate, c\u0103 e foarte bolnav. Normal c\u0103 nu-l cred. Chiar dac\u0103 \u00eel cred, dac\u0103 e\u0219ti bolnav dai telefon \u0219i \u00eei ceri doctorului s\u0103 vin\u0103 s\u0103-\u021bi fac\u0103 o perfuzie, ceva.<\/p>\n<p class=\"\">Lumea a \u00eenceput s\u0103 \u00eennebuneasc\u0103 \u0219i nu vreau s\u0103 \u00eennebunesc \u0219i eu. Eu doar m\u0103 uit, constat \u0219i \u00eemi v\u0103d de treaba mea. \u00cencerc s\u0103-i \u00een\u021beleg pe to\u021bi\u201d.<\/p>\n<p class=\"\">VIDEO. Golul marcat de B\u00eerligea din pasa lui Octavian Popescu \u00een meciul FCSB &#8211; FC Boto\u0219ani 3-2<\/p>\n<p>Cite\u0219te \u0219i<\/p>\n<p>VIDEO: cele mai noi imagini din sport<\/p>\n","protected":false},"excerpt":{"rendered":"&#13; Gabi Balint (63 de ani), fost interna\u021bional rom\u00e2n \u0219i fost atacant al Stelei, consider\u0103 c\u0103 venirea lui&hellip;\n","protected":false},"author":2,"featured_media":287714,"comment_status":"","ping_status":"","sticky":false,"template":"","format":"standard","meta":{"footnotes":"","_share_on_mastodon":"0"},"categories":[20],"tags":[3811,269,9503,3929,41,40,38,39,185,184,55],"class_list":["post-287713","post","type-post","status-publish","format-standard","has-post-thumbnail","category-sport","tag-denis-dragus","tag-fcsb","tag-gabi-balint","tag-octavian-popescu","tag-ro","tag-romana","tag-romania","tag-romanian","tag-sport","tag-sports","tag-superliga"],"share_on_mastodon":{"url":"https:\/\/pubeurope.com\/@ro\/117212193446013186","error":""},"_links":{"self":[{"href":"https:\/\/www.europesays.com\/ro\/wp-json\/wp\/v2\/posts\/287713","targetHints":{"allow":["GET"]}}],"collection":[{"href":"https:\/\/www.europesays.com\/ro\/wp-json\/wp\/v2\/posts"}],"about":[{"href":"https:\/\/www.europesays.com\/ro\/wp-json\/wp\/v2\/types\/post"}],"author":[{"embeddable":true,"href":"https:\/\/www.europesays.com\/ro\/wp-json\/wp\/v2\/users\/2"}],"replies":[{"embeddable":true,"href":"https:\/\/www.europesays.com\/ro\/wp-json\/wp\/v2\/comments?post=287713"}],"version-history":[{"count":0,"href":"https:\/\/www.europesays.com\/ro\/wp-json\/wp\/v2\/posts\/287713\/revisions"}],"wp:featuredmedia":[{"embeddable":true,"href":"https:\/\/www.europesays.com\/ro\/wp-json\/wp\/v2\/media\/287714"}],"wp:attachment":[{"href":"https:\/\/www.europesays.com\/ro\/wp-json\/wp\/v2\/media?parent=287713"}],"wp:term":[{"taxonomy":"category","embeddable":true,"href":"https:\/\/www.europesays.com\/ro\/wp-json\/wp\/v2\/categories?post=287713"},{"taxonomy":"post_tag","embeddable":true,"href":"https:\/\/www.europesays.com\/ro\/wp-json\/wp\/v2\/tags?post=287713"}],"curies":[{"name":"wp","href":"https:\/\/api.w.org\/{rel}","templated":true}]}}