{"id":287745,"date":"2026-09-04T10:21:16","date_gmt":"2026-09-04T10:21:16","guid":{"rendered":"https:\/\/www.europesays.com\/ro\/287745\/"},"modified":"2026-09-04T10:21:16","modified_gmt":"2026-09-04T10:21:16","slug":"lovitura-de-teatru-s-ar-face-transferul-la-fcsb-vine-pe-doua-milioane-va-fi-luat","status":"publish","type":"post","link":"https:\/\/www.europesays.com\/ro\/287745\/","title":{"rendered":"Lovitur\u0103 de teatru: s-ar face transferul la FCSB! \u201dVine! Pe dou\u0103 milioane va fi luat\u201d"},"content":{"rendered":"\n<ul class=\"bullets\">\n<li>\n<p>SuperLiga: CFR &#8211; Farul, vineri, 20:30, DGS 1<\/p>\n<\/li>\n<li>\n<p>Liga 2: Slatina &#8211; Chindia, vineri, 17:30, DGS 1<\/p>\n<\/li>\n<\/ul>\n<p>De\u0219i Radu Constantea, pre\u0219edintele lui \u201dU\u201d Cluj, <a href=\"https:\/\/www.digisport.ro\/fotbal\/liga-1\/u-cluj-a-raspuns-dupa-oferta-de-doua-milioane-de-euro-de-la-fcsb-pentru-jovo-lukic-anuntul-lui-radu-constantea-4464937\" target=\"_blank\" rel=\"noopener nofollow\" data-skip-linkfix=\"1\">declara c\u0103 \u201dnu se pune problema\u201d<\/a> ca golgheterul edi\u021biei trecute de SuperLig\u0103 s\u0103 fie transferat de FCSB, Gabi Balint sus\u021bine contrariul.<\/p>\n<p>Gabi Balint sus\u021bine c\u0103 Jovo Lukic va ajunge la FCSB<\/p>\n<p>Fostul mare interna\u021bional a declarat c\u0103 FCSB \u00eel va transfera pe Jovo Lukic cu dou\u0103 milioane de euro, sum\u0103 care poate cre\u0219te din diferite bonusuri de performan\u021b\u0103.<\/p>\n<p>\u201dMai vine \u0219i Lukic, pe dou\u0103 milioane. Pune-l deja pe Lukic cu dou\u0103 milioane. 80%. Dou\u0103 milioane d\u0103. Se va face p\u00e2n\u0103 la urm\u0103. Dou\u0103 milioane \u0219i ni\u0219te bani, \u00een caz c\u0103&#8230; <\/p>\n<p>Pe dou\u0103 milioane va fi luat \u0219i ceva \u00een caz c\u0103 se calific\u0103 sau c\u00e2\u0219tig\u0103 titlul. Prime, bonusuri \u00een contract, dac\u0103 d\u0103 goluri, dac\u0103&#8230;\u201d, a spus Gabi Balint, la Fotbal Club, de la Digi Sport.<\/p>\n<p>VIDEO Gabi Balint despre transferul lui Jovo Lukic la FCSB<\/p>\n<p>Dac\u0103, \u00eentr-adev\u0103r, \u00eel va vinde pe Jovo Lukic cu dou\u0103 milioane de euro, \u201dU\u201d Cluj ar \u00eenregistra un profit extraordinar cu atacantul bosniac, \u00een doar un an.<\/p>\n<p>Clubul ardelean l-a transferat gratis \u00een vara lui 2025 pe Jovo Lukic, dup\u0103 un sezon modest al bosniacului la Universitatea Craiova, cu doar dou\u0103 goluri marcate \u00een 31 de apari\u021bii.<\/p>\n<p>La \u201dU\u201d Cluj, Jovo Lukic a \u201dexplodat\u201d \u0219i a reu\u0219it s\u0103 puncteze de 20 de ori \u00een 39 de apari\u021bii \u00een toate competi\u021biile. 18 goluri au fost marcate \u00een SuperLig\u0103 \u0219i bosniacul a c\u00e2\u0219tigat titlul de golgheter al campionatului.<\/p>\n<p>  <img decoding=\"async\" data-skip-htmlfix=\"1\" src=\"https:\/\/www.europesays.com\/ro\/wp-content\/uploads\/2026\/09\/Jnc9NTkwJmhhc2g9YzNiYmEzNTMxZjgyYmFmMTgyMDcwZjg2YWU3NDdiZWI=.thumb.jpg\" alt=\"\"\/>   Jovo Lukic, la Cupa Mondial\u0103 2026, \u00een meciul Canada &#8211; Bosnia \u0219i Her\u021begovina \/ Foto: Profimedia  <\/p>\n<p>Jovo Lukic a continuat evolu\u021biile solide \u0219i \u00een acest sezon, \u00een care a reu\u0219it deja s\u0103 marcheze de patru ori, \u00een \u0219ase apari\u021bii pentru \u201dU\u201d Cluj. Bosniacul a evoluat mai pu\u021bin \u00een acest start de campanie, mai \u00eent\u00e2i pentru c\u0103 s-a \u00eentors mai t\u00e2rziu la echip\u0103, pentru c\u0103 a participat la Cupa Mondial\u0103, apoi pentru c\u0103 au existat discu\u021bii pentru un transfer \u00een Egipt, la Pyramids.<\/p>\n<p>FCSB, dezl\u0103n\u021buit\u0103 pe finalul perioadei de mercato<\/p>\n<p>Jovo Lukic ar fi al patrulea fotbalist pe care FCSB \u00eel transfer\u0103 \u00een ultima s\u0103pt\u0103m\u00e2n\u0103 a perioadei de mercato. Gigi Becali sus\u021bine c\u0103 a rezolvat deja transferurile lui Karlo Muhar, Meriton Korenica \u0219i Denis Dr\u0103gu\u0219.<\/p>\n<p>Karlo Muhar \u0219i Denis Dr\u0103gu\u0219 sunt adu\u0219i din postura de juc\u0103tori liberi de contract, dup\u0103 desp\u0103r\u021birile de CFR Cluj, <a href=\"https:\/\/www.digisport.ro\/fotbal\/super-lig\/s-a-terminat-anunt-oficial-despre-denis-dragus-4465887\" target=\"_blank\" rel=\"noopener nofollow\" data-skip-linkfix=\"1\">respectiv Trabzonspor<\/a>. FCSB nu pl\u0103te\u0219te pentru ei sume de transfer, dar le ofer\u0103 salarii uria\u0219e. Karlo Muhar a primit un bonus de instalare \u0219i un salariu de 240.000 de euro pe an, \u00een timp ce Denis Dr\u0103gu\u0219 ar urma s\u0103 c\u00e2\u0219tige nu mai pu\u021bin de un milion de euro pe an la FCSB.<\/p>\n<p>Meriton Korenica, \u00een schimb, este cump\u0103rat de la CFR Cluj cu 600.000 de euro. Kosovarul va avea la FCSB un salariu de 360.000 de euro pe an.<\/p>\n<p>  Etichete:  <a href=\"https:\/\/www.digisport.ro\/eticheta\/gabi-balint\" rel=\"nofollow noopener\" target=\"_blank\">gabi balint<\/a> , <a href=\"https:\/\/www.digisport.ro\/eticheta\/jovo-lukic\" rel=\"nofollow noopener\" target=\"_blank\">jovo lukic<\/a>   <\/p>\n<p>Urm\u0103re\u0219te \u0219tirile digisport.ro \u0219i pe <a href=\"https:\/\/news.google.com\/publications\/CAAiENr1L9HFNMG5hpp5zTfVtpsqFAgKIhDa9S_RxTTBuYaaec031bab?ceid=RO:ro&amp;oc=3\" target=\"_blank\" rel=\"external nofollow noopener\">Google News<\/a><\/p>\n<p>   Noua Aplica\u0163ie Digi Sport poate fi desc\u0103rcat\u0103 din   <\/p>\n","protected":false},"excerpt":{"rendered":"SuperLiga: CFR &#8211; Farul, vineri, 20:30, DGS 1 Liga 2: Slatina &#8211; Chindia, vineri, 17:30, DGS 1 De\u0219i&hellip;\n","protected":false},"author":2,"featured_media":287746,"comment_status":"","ping_status":"","sticky":false,"template":"","format":"standard","meta":{"footnotes":"","_share_on_mastodon":"0"},"categories":[20],"tags":[9503,19378,41,40,38,39,185,184],"class_list":["post-287745","post","type-post","status-publish","format-standard","has-post-thumbnail","category-sport","tag-gabi-balint","tag-jovo-lukic","tag-ro","tag-romana","tag-romania","tag-romanian","tag-sport","tag-sports"],"share_on_mastodon":{"url":"https:\/\/pubeurope.com\/@ro\/117212275331418865","error":""},"_links":{"self":[{"href":"https:\/\/www.europesays.com\/ro\/wp-json\/wp\/v2\/posts\/287745","targetHints":{"allow":["GET"]}}],"collection":[{"href":"https:\/\/www.europesays.com\/ro\/wp-json\/wp\/v2\/posts"}],"about":[{"href":"https:\/\/www.europesays.com\/ro\/wp-json\/wp\/v2\/types\/post"}],"author":[{"embeddable":true,"href":"https:\/\/www.europesays.com\/ro\/wp-json\/wp\/v2\/users\/2"}],"replies":[{"embeddable":true,"href":"https:\/\/www.europesays.com\/ro\/wp-json\/wp\/v2\/comments?post=287745"}],"version-history":[{"count":0,"href":"https:\/\/www.europesays.com\/ro\/wp-json\/wp\/v2\/posts\/287745\/revisions"}],"wp:featuredmedia":[{"embeddable":true,"href":"https:\/\/www.europesays.com\/ro\/wp-json\/wp\/v2\/media\/287746"}],"wp:attachment":[{"href":"https:\/\/www.europesays.com\/ro\/wp-json\/wp\/v2\/media?parent=287745"}],"wp:term":[{"taxonomy":"category","embeddable":true,"href":"https:\/\/www.europesays.com\/ro\/wp-json\/wp\/v2\/categories?post=287745"},{"taxonomy":"post_tag","embeddable":true,"href":"https:\/\/www.europesays.com\/ro\/wp-json\/wp\/v2\/tags?post=287745"}],"curies":[{"name":"wp","href":"https:\/\/api.w.org\/{rel}","templated":true}]}}