{"id":287749,"date":"2026-09-04T10:25:33","date_gmt":"2026-09-04T10:25:33","guid":{"rendered":"https:\/\/www.europesays.com\/ro\/287749\/"},"modified":"2026-09-04T10:25:33","modified_gmt":"2026-09-04T10:25:33","slug":"trump-s-a-declarat-cel-mai-bun-presedinte-din-istoria-sua-istoricii-il-contrazic-in-niciun-univers-de-cercetatori","status":"publish","type":"post","link":"https:\/\/www.europesays.com\/ro\/287749\/","title":{"rendered":"Trump s-a declarat \u201ecel mai bun\u201d pre\u0219edinte din istoria SUA. Istoricii \u00eel contrazic: \u201e\u00cen niciun univers de cercet\u0103tori\u201d"},"content":{"rendered":"<p><a href=\"https:\/\/ziare.com\/donald-trump\/\" title=\"Donald Trump\" rel=\"nofollow noopener\" target=\"_blank\">Donald Trump<\/a> \u0219i-a publicat s\u0103pt\u0103m\u00e2na trecut\u0103 propriul clasament preziden\u021bial pe Truth Social, separ\u00e2nd fo\u0219tii pre\u0219edin\u021bi americani \u00een \u0219ase categorii, de la \u201ecei mai mari\u201d la \u201ee\u0219ecuri\u201d.<\/p>\n<p>Actualul lider de la Casa Alb\u0103 s-a declarat \u201ecel mai mare\u201d pre\u0219edinte american din toate timpurile, distribuind s\u0103pt\u0103m\u00e2na trecut\u0103 pe re\u021belele de socializare o postare care \u00eel clasa deasupra unor lideri precum Abraham Lincoln, Franklin D. Roosevelt \u0219i George <a href=\"https:\/\/ziare.com\/international\/washington\/\" title=\"Washington\" rel=\"nofollow noopener\" target=\"_blank\">Washington<\/a>. Exper\u021bii au o alt\u0103 opinie.<\/p>\n<p>Pu\u021bini istorici preziden\u021biali au sugerat anterior c\u0103 Trump ocup\u0103 un astfel de loc \u00een c\u0103r\u021bile de istorie. La urma urmei, nici Lincoln, nici Roosevelt, nici Washington &#8211; cei trei lideri considera\u021bi de obicei cei mai buni ai Americii &#8211; nu au orchestrat o insurec\u021bie. Niciunul nu a fost pus sub acuzare. \u0218i niciunul dintre ei nu a fost condamnat pentru infrac\u021biuni legate de pl\u0103\u021bi pentru t\u0103cere c\u0103tre o vedet\u0103 porno devenit\u0103 v\u00e2n\u0103toare de fantome, scrie <a href=\"https:\/\/www.theguardian.com\/us-news\/2026\/sep\/03\/greatest-president-trump-historians-disagree\" target=\"_blank\" rel=\"nofollow noopener\">The Guardian<\/a>.<\/p>\n<p>Trump a spus clar ce p\u0103rere are despre performan\u021ba sa. Corespunde autoevaluarea pre\u0219edintelui cu realitatea?<\/p>\n<p>\u201eNu este \u00een concordan\u021b\u0103 cu rezultatele sondajelor pe care le-am realizat\u201d, a declarat Justin Vaughn, profesor de \u0219tiin\u021be politice la Universitatea Coastal Carolina \u0219i co-creator al Proiectului Presidential Greatness, care intervieveaz\u0103 exper\u021bi pentru a clasifica pre\u0219edin\u021bii americani. \u201eDe asemenea, nu este \u00een concordan\u021b\u0103 cu alte sondaje care au fost realizate \u00een ultimii ani.\u201d<\/p>\n<p>Trump \u0219i-a publicat clasamentul preziden\u021bial joia trecut\u0103. Acesta a \u00eemp\u0103r\u021bit pre\u0219edin\u021bii americani \u00een \u0219ase categorii, de la \u201ecei mai mari\u201d la \u201ee\u0219ecuri\u201d: el se afl\u0103 singur \u00een grupul \u201ecelor mai mari\u201d. Imaginea din postarea sa pare s\u0103 fi fost adaptat\u0103 dintr-un articol din 1948 din revista Life, \u00een care istoricul Arthur M. Schlesinger Jr. reflecteaz\u0103 despre \u201eceea ce face un pre\u0219edinte mare sau un e\u0219ec\u201d &#8211; aceast\u0103 dat\u0103 de publicare ar explica de ce anumi\u021bi pre\u0219edin\u021bi, inclusiv Ronald Reagan, Richard Nixon \u0219i ambii Bush, lipsesc.<\/p>\n<p>Imaginea original\u0103 nu avea o categorie \u201ecele mai mari\u201d &#8211; cineva a creat-o retrospectiv &#8211; \u00een timp ce <a href=\"https:\/\/ziare.com\/joe-biden\/\" title=\"Joe Biden\" rel=\"nofollow noopener\" target=\"_blank\">Joe Biden<\/a>, Jimmy Carter \u0219i <a href=\"https:\/\/ziare.com\/barack-obama\/\" title=\"Barack Obama\" rel=\"nofollow noopener\" target=\"_blank\">Barack Obama<\/a> au fost cu to\u021bii inclu\u0219i \u00een categoria \u201ee\u0219ecuri\u201d. <a href=\"https:\/\/ziare.com\/bill-clinton\/\" title=\"Bill Clinton\" rel=\"nofollow noopener\" target=\"_blank\">Bill Clinton<\/a>, poate surprinz\u0103tor, av\u00e2nd \u00een vedere anii pe care Trump i-a petrecut atac\u00e2ndu-l, a fost considerat \u201emediocru\u201d.<\/p>\n<p>Totu\u0219i, cel mai recent sondaj Presidential Greatness Project, care a \u00eentrebat 154 de cadre universitare despre pre\u0219edin\u021bi, a avut rezultate destul de diferite.<\/p>\n<p>Trump a fost clasat pe ultimul loc, chiar \u0219i sub James Buchanan, care este adesea acuzat c\u0103 nu a evitat r\u0103zboiul civil. Sondajul le-a cerut cadrelor universitare s\u0103 clasifice fiecare dintre cei 45 de pre\u0219edin\u021bi de la 0 la 100, unde 0 \u00eenseamn\u0103 \u201ee\u0219ec\u201d, iar 100 \u00eenseamn\u0103 \u201eexcelent\u201d. Lincoln a fost num\u0103rul 1, cu un rating mediu de 93,87. Trump a ob\u021binut un rating de 10,92.<\/p>\n<p>Trump a avut o performan\u021b\u0103 pu\u021bin mai bun\u0103 \u00eentr-un sondaj al Universit\u0103\u021bii Siena realizat \u00een 2022, realizat pe 141 de cadre universitare preziden\u021biale. \u00cen acel studiu, el a fost clasat doar pe penultimul loc, dep\u0103\u0219indu-i pe Buchanan \u0219i Andrew Johnson, care i-au succedat lui Lincoln, dar s-au opus protec\u021biilor federale care ar garanta drepturile la cet\u0103\u021benie ale persoanelor \u00eenrobite.<\/p>\n<p>Studiul Siena a cerut, de asemenea, cadrelor universitare s\u0103 clasifice pre\u0219edin\u021bii \u00een diverse categorii, inclusiv \u201eexperien\u021b\u0103\u201d, \u201ecapacitate executiv\u0103\u201d \u0219i \u201ecapacitate de conducere\u201d. Trump a fost clasat pe locul 45 din 45 la categoriile \u201eintegritate\u201d \u0219i \u201einteligen\u021b\u0103\u201d.<\/p>\n<p>Trump ar putea g\u0103si \u00eens\u0103 o oarecare consolare \u00een faptul c\u0103 a reu\u0219it s\u0103 uneasc\u0103 cadrele universitare at\u00e2t din st\u00e2nga, c\u00e2t \u0219i din dreapta spectrului politic.<\/p>\n<p>\u201eNe \u00eemp\u0103r\u021bim rezultatele \u00eentre democra\u021bi autoidentifica\u021bi sau conservatori sau republicani autoidentifica\u021bi\u201d, a spus Vaughn. \u201eC\u00e2nd te ui\u021bi la statisticile responden\u021bilor republicani fa\u021b\u0103 de responden\u021bii democra\u021bi, republicanii \u00eel percep, de asemenea, pe Trump foarte prost.\u201d<\/p>\n<p>Davis Ingle, purt\u0103tor de cuv\u00e2nt al Casei Albe, a declarat: \u201ePre\u0219edintele Trump se concentreaz\u0103 exclusiv pe lupta de zi cu zi pentru a crea \u021bara puternic\u0103, sigur\u0103 \u0219i prosper\u0103 pe care o merit\u0103m cu to\u021bii. Singura mo\u0219tenire de care este preocupat pre\u0219edintele Trump este s\u0103 fac\u0103 <a href=\"https:\/\/ziare.com\/international\/america\/\" title=\"America\" rel=\"nofollow noopener\" target=\"_blank\">America<\/a> mai mare ca niciodat\u0103. Dar, la urma urmei, acest pre\u0219edinte va r\u0103m\u00e2ne, f\u0103r\u0103 \u00eendoial\u0103, cel mai de succes \u0219i mai important pre\u0219edinte din istoria american\u0103 modern\u0103.\u201d<\/p>\n<p>Dac\u0103 aceast\u0103 predic\u021bie se va \u00eemplini va depinde de modul \u00een care istoria \u00eel trateaz\u0103 pe Trump. Americanii \u201eau un fel de str\u0103lucire aurie \u00een jurul majorit\u0103\u021bii fo\u0219tilor pre\u0219edin\u021bi\u201d, a declarat Barbara Perry, profesor de studii preziden\u021biale la Universitatea din Virginia, care a remarcat c\u0103 liderii \u0219i-au schimbat clasamentele de-a lungul deceniilor, pe m\u0103sur\u0103 ce mandatele lor sunt reevaluate.<\/p>\n<p>\u00cen orice caz, clasamentele personale ale lui Trump au oferit o perspectiv\u0103 asupra pre\u0219edin\u021bilor pe care \u00eei admir\u0103. Categoria \u201ecel mai mare\u201d l-a inclus doar pe Trump; sub \u201ecel mai mare\u201d s-au aflat Lincoln, Roosevelt \u0219i Washington. \u201eAproape mare\u201d i-a inclus pe Theodore Roosevelt \u0219i Grover Cleveland, care, la fel ca Trump, au ocupat mandate preziden\u021biale neconsecutive.<\/p>\n<p>Din p\u0103cate, Perry, la fel ca Vaughn, a contestat clasamentul lui Trump. \u201e\u00cen niciun univers de cercet\u0103tori, cred, Donald Trump nu s-ar afla \u00een categoria &#8216;cel mai mare&#8217; sau &#8216;aproape mare&#8217;\u201d, a spus ea.<\/p>\n<p>\u201eOpinia mea, ca cercet\u0103tor \u0219i istoric constitu\u021bional, ar fi c\u0103 promovarea insurec\u021biei din 6 ianuarie \u0219i continuarea perpetu\u0103rii acestei opinii conform c\u0103reia Joe Biden a furat alegerile submineaz\u0103 sistemul constitu\u021bional american, statul de drept\u201d, a ad\u0103ugat Perry.<\/p>\n<p>\u201eCa s\u0103 nu mai vorbim de rasism \u0219i de prejudec\u0103\u021bile \u00eempotriva oricui nu este protestant alb anglo-saxon. A\u0219adar, toate aceste lucruri vor func\u021biona \u00eempotriva lui, cred, de-a lungul istoriei.\u201d<\/p>\n<p>\u021ai-a pl\u0103cut articolul?<\/p>\n<p> Vrem s\u0103 producem mai multe, \u00eens\u0103 avem nevoie de sus\u021binerea ta. Orice dona\u021bie conteaz\u0103 pentru jurnalismul independent <\/p>\n","protected":false},"excerpt":{"rendered":"Donald Trump \u0219i-a publicat s\u0103pt\u0103m\u00e2na trecut\u0103 propriul clasament preziden\u021bial pe Truth Social, separ\u00e2nd fo\u0219tii pre\u0219edin\u021bi americani \u00een \u0219ase&hellip;\n","protected":false},"author":2,"featured_media":287750,"comment_status":"","ping_status":"","sticky":false,"template":"","format":"standard","meta":{"footnotes":"","_share_on_mastodon":"0"},"categories":[12],"tags":[75624,9008,32,33,79196,31,43,36,37,79197,27,74,3675,34,35,25,41,40,38,39,26,79198,28,29,30,71,72,73],"class_list":["post-287749","post","type-post","status-publish","format-standard","has-post-thumbnail","category-international","tag-abraham-lincoln","tag-barack-obama","tag-breaking-news","tag-breakingnews","tag-cel-mai-bun-presedinte-sua","tag-cele-mai-populare-subiecte","tag-donald-trump","tag-featured-news","tag-featurednews","tag-george-washington","tag-headlines","tag-international","tag-joe-biden","tag-latest-news","tag-latestnews","tag-news","tag-ro","tag-romana","tag-romania","tag-romanian","tag-stiri","tag-theodore-roosevelt","tag-titluri","tag-top-stories","tag-topstories","tag-world","tag-world-news","tag-worldnews"],"share_on_mastodon":{"url":"https:\/\/pubeurope.com\/@ro\/117212291040670689","error":""},"_links":{"self":[{"href":"https:\/\/www.europesays.com\/ro\/wp-json\/wp\/v2\/posts\/287749","targetHints":{"allow":["GET"]}}],"collection":[{"href":"https:\/\/www.europesays.com\/ro\/wp-json\/wp\/v2\/posts"}],"about":[{"href":"https:\/\/www.europesays.com\/ro\/wp-json\/wp\/v2\/types\/post"}],"author":[{"embeddable":true,"href":"https:\/\/www.europesays.com\/ro\/wp-json\/wp\/v2\/users\/2"}],"replies":[{"embeddable":true,"href":"https:\/\/www.europesays.com\/ro\/wp-json\/wp\/v2\/comments?post=287749"}],"version-history":[{"count":0,"href":"https:\/\/www.europesays.com\/ro\/wp-json\/wp\/v2\/posts\/287749\/revisions"}],"wp:featuredmedia":[{"embeddable":true,"href":"https:\/\/www.europesays.com\/ro\/wp-json\/wp\/v2\/media\/287750"}],"wp:attachment":[{"href":"https:\/\/www.europesays.com\/ro\/wp-json\/wp\/v2\/media?parent=287749"}],"wp:term":[{"taxonomy":"category","embeddable":true,"href":"https:\/\/www.europesays.com\/ro\/wp-json\/wp\/v2\/categories?post=287749"},{"taxonomy":"post_tag","embeddable":true,"href":"https:\/\/www.europesays.com\/ro\/wp-json\/wp\/v2\/tags?post=287749"}],"curies":[{"name":"wp","href":"https:\/\/api.w.org\/{rel}","templated":true}]}}