{"id":287829,"date":"2026-09-04T11:38:13","date_gmt":"2026-09-04T11:38:13","guid":{"rendered":"https:\/\/www.europesays.com\/ro\/287829\/"},"modified":"2026-09-04T11:38:13","modified_gmt":"2026-09-04T11:38:13","slug":"drogurile-l-au-distrus-drama-unui-atacant-de-prima-liga-a-ajuns-sa-traiasca-intr-o-piata-daca-oamenii-cred-ca-am-murit-e-mai-bine","status":"publish","type":"post","link":"https:\/\/www.europesays.com\/ro\/287829\/","title":{"rendered":"Drogurile l-au distrus. Drama unui atacant de prim\u0103 lig\u0103. A ajuns s\u0103 tr\u0103iasc\u0103 \u00eentr-o pia\u021b\u0103: \u201eDac\u0103 oamenii cred c\u0103 am murit, e mai bine\u201d"},"content":{"rendered":"<ul class=\"bullets\">&#13;<\/p>\n<li>Regis Pitbull (49 de ani), fost atacant brazilian cu trecut la Corinthians, Vasco \u0219i Ponte Preta, trece printr-o situa\u021bie dramatic\u0103 dup\u0103 \u00eencheierea carierei.<\/li>\n<p>&#13;<br \/>\n&#13;<\/p>\n<li>Fostul fotbalist tr\u0103ie\u0219te de aproximativ dou\u0103 luni pe str\u0103zile din Pirituba, un cartier din nordul ora\u0219ului Sao Paulo, \u0219i se confrunt\u0103 cu o dependen\u021b\u0103 sever\u0103 de crack, o form\u0103 de cocain\u0103 care poate fi fumat\u0103.<\/li>\n<p>&#13;\n<\/ul>\n<p><a id=\"google-source-button\" class=\"google-favorite\" target=\"_blank\" href=\"https:\/\/www.google.com\/preferences\/source?q=golazo.ro\" rel=\"nofollow noopener\"><\/p>\n<p>        <img loading=\"lazy\" decoding=\"async\" src=\"https:\/\/golazo.ro\/images\/google-logo.svg\" alt=\"\" width=\"24\" height=\"24\"\/><br \/>\n        <img loading=\"lazy\" decoding=\"async\" src=\"https:\/\/golazo.ro\/images\/check-icon-2.svg\" alt=\"\" width=\"24\" height=\"24\"\/><\/p>\n<p>    Adaug\u0103 GOLAZO.ro la favorite<\/p>\n<p><\/a><\/p>\n<p class=\"\">Fostul juc\u0103tor locuie\u0219te \u00eentr-un ad\u0103post improvizat amplasat \u00eentr-o pia\u021b\u0103, amenajat din prelate, p\u0103turi \u0219i cartoane.<\/p>\n<p>Regis Pitbull, fost atacant de prim\u0103 lig\u0103, a ajuns dependent de droguri<\/p>\n<p class=\"\">Fostul atacant refuz\u0103 \u00een prezent internarea \u0219i ajutorul medical propus de apropia\u021bi, sus\u021bin\u00e2nd c\u0103 are nevoie \u00een primul r\u00e2nd de un loc de munc\u0103 pentru a-\u0219i putea reorganiza via\u021ba.<\/p>\n<p class=\"\">Acesta a vorbit deschis despre situa\u021bia \u00een care se afl\u0103 \u0219i a precizat c\u0103 vrea s\u0103 r\u0103m\u00e2n\u0103 departe de aten\u021bia public\u0103.<\/p>\n<p class=\"\">\u201eNu vreau ca nimeni s\u0103 \u0219tie c\u0103 exist. Dac\u0103 oamenii cred c\u0103 am murit, e mai bine. Nu sunt un om de comp\u0103timit\u201d, a spus R\u00e9gis Pitbull pentru <a target=\"_blank\" href=\"https:\/\/ge.globo.com\/sp\/futebol\/noticia\/2026\/09\/02\/vicio-em-crack-faz-regis-pitbull-ex-corinthians-viver-nas-ruas-se-achar-que-estou-morto-e-melhor.ghtml\" rel=\"nofollow noopener\">ge.globo.com. <\/a><\/p>\n<blockquote class=\"twitter-tweet\" data-media-max-width=\"560\">\n<p lang=\"pt\" dir=\"ltr\">V\u00edcio em crack faz ex-jogador R\u00e9gis Pitbull viver nas ruas: &#8222;Se achar que estou morto, \u00e9 melhor&#8221; <\/p>\n<p>Prestes a completar 50 anos, ele j\u00e1 foi preso por agredir s\u00edndico e agora se abriga debaixo de lona em uma pra\u00e7a de S\u00e3o Paulo<a href=\"https:\/\/t.co\/NpCRaagyyl\" rel=\"nofollow\">https:\/\/t.co\/NpCRaagyyl<\/a><\/p>\n<p>\u2014 Emilio Botta (@emiliobotta) <a href=\"https:\/\/x.com\/emiliobotta\/status\/2095158014558851422?ref_src=twsrc%5Etfw\" rel=\"nofollow\">September 2, 2026<\/a><\/p><\/blockquote>\n<p class=\"\">Regis Pitbull s-a confruntat cu dependen\u021ba de droguri \u00eenc\u0103 din perioada \u00een care era fotbalist profesionist.<\/p>\n<p class=\"\">De-a lungul carierei, a fost depistat de dou\u0103 ori pozitiv la marijuana \u0219i a fost suspendat.<\/p>\n<p class=\"\">Ulterior a revenit pe teren, \u00eens\u0103 problemele s-au agravat dup\u0103 retragerea din fotbal, \u00een 2012.<\/p>\n<p class=\"\">Fostul juc\u0103tor a fost internat pentru reabilitare \u00een 2022, dar a suferit o recidiv\u0103 la mai pu\u021bin de o lun\u0103 dup\u0103 externare. \u00cen ultimii ani, dependen\u021ba a devenit tot mai sever\u0103.<\/p>\n<p>49 de goluri <\/p>\n<p>a marcat Regis Pitbull \u00een 170 de meciuri disputate de-a lungul carierei, perioad\u0103 \u00een care a evoluat, printre altele, la Corinthians, Vasco, Ponte Preta, Coritiba, Bahia, Portuguesa, Gaziantepspor, Kyoto Sanga \u0219i Daejeon Citizen<\/p>\n<p class=\"\">R\u00e9gis de\u021bine \u00eenc\u0103 un apartament, \u00eens\u0103 nu mai locuie\u0219te acolo \u0219i risc\u0103 s\u0103-l piard\u0103 din cauza datoriilor.<\/p>\n<p class=\"\">\u00cen 2025, a fost arestat dup\u0103 ce l-a agresat pe administratorul blocului \u00een care se afl\u0103 locuin\u021ba sa. <\/p>\n<p class=\"\">Ulterior, a fost obligat s\u0103 poarte temporar o br\u0103\u021bar\u0103 electronic\u0103.<\/p>\n<p class=\"\">FOTO. Momentul \u00een care Pitbull agreseaz\u0103 un b\u0103rbat<\/p>\n<p>    <img decoding=\"async\" src=\"https:\/\/www.europesays.com\/ro\/wp-content\/uploads\/2026\/09\/regis-pitbull-50.jpg\" alt=\"Regis Pitbull, fost fotbalist la Corinthians, \u00een timp ce agreseaz\u0103 un b\u0103rbat \u00een v\u00e2rst\u0103 \u00eentr-un lift. Foto: ge.globo.com\" data-blur=\"https:\/\/www.europesays.com\/ro\/wp-content\/uploads\/2026\/09\/regis-pitbull-50.jpg\" width=\"684\" height=\"456\" class=\"blur\" loading=\"lazy\"\/><\/p>\n<p>            <img decoding=\"async\" src=\"https:\/\/www.europesays.com\/ro\/wp-content\/uploads\/2026\/09\/1788521893_339_regis-pitbull-50.jpg\" loading=\"lazy\" alt=\"Regis Pitbull, fost fotbalist la Corinthians, \u00een timp ce agreseaz\u0103 un b\u0103rbat \u00een v\u00e2rst\u0103 \u00eentr-un lift. Foto: ge.globo.com\" width=\"684\" height=\"456\"\/><\/p>\n<p>        Galerie foto (51 imagini)<\/p>\n<p>                    <a href=\"https:\/\/golazo.ro\/regis-pitbull-fost-fotbalist-la-corinthians-in-timp-ce-agreseaza-un-barbat-in-varsta-intr-un-lift-foto-geglobocom-185260-g1?articleSource=185256\" class=\"gallery-link\" aria-label=\"Show gallery\" rel=\"nofollow noopener\" target=\"_blank\"><\/p>\n<p>                +51 Foto<br \/>\n            <\/a><\/p>\n<p>    <a href=\"https:\/\/golazo.ro\/regis-pitbull-fost-fotbalist-la-corinthians-in-timp-ce-agreseaza-un-barbat-in-varsta-intr-un-lift-foto-geglobocom-185260-g1\/regis-pitbull-fost-fotbalist-la-corinthians-in-timp-ce-agreseaza-un-barbat-in-varsta-intr-un-lift-foto-geglobocom-487558?articleSource=185256\" class=\"link\" rel=\"nofollow noopener\" target=\"_blank\">labels.photo-gallery<\/a><\/p>\n<p class=\"\">\u00cen momentul de fa\u021b\u0103, fostul atacant supravie\u021buie\u0219te cu ajutorul oamenilor din cartier. Angaja\u021bii unui restaurant din apropiere \u00eei ofer\u0103 m\u00e2ncare, iar acesta folose\u0219te localul pentru a merge la toalet\u0103 \u0219i pentru a-\u0219i \u00eenc\u0103rca telefonul.<\/p>\n<p class=\"\">Regis locuie\u0219te acum \u00eentr-o pia\u021b\u0103 din Sao Paulo, unde \u00ee\u0219i \u00eemparte spa\u021biul cu un alt b\u0103rbat f\u0103r\u0103 ad\u0103post. Spune \u00eens\u0103 c\u0103 prefer\u0103 s\u0103 stea retras \u0219i c\u0103 nu caut\u0103 compania celor din jur.<\/p>\n<blockquote class=\"quote\"><p>\n    E un b\u0103tr\u00e2n enervant, se pl\u00e2nge de orice. Mie \u00eemi place s\u0103 stau \u00een col\u021bul meu, f\u0103r\u0103 s\u0103 m\u0103 bat\u0103 nimeni la cap. El vrea s\u0103 vorbeasc\u0103 tot timpul. Dac\u0103 a\u0219 avea chef de vorb\u0103, m-a\u0219 duce la t\u00e2rgul de aici din apropiere. Regis Pitbull\n<\/p><\/blockquote>\n<p class=\"\">\u00cen ziua \u00een care a fost g\u0103sit de jurnali\u0219ti, fostul fotbalist \u00eencerca s\u0103-\u0219i repare bicicleta. Momentul l-a f\u0103cut s\u0103 compare via\u021ba de acum cu perioada \u00een care era cunoscut \u0219i avea bani.<\/p>\n<p class=\"\">\u201e\u00cenainte conduceam un BMW, aveam \u0219i o Dakota (n.r. &#8211; o camionet\u0103). Odat\u0103 am mers la un restaurant s\u0103 m\u0103n\u00e2nc o coast\u0103 din aia de top \u0219i nici m\u0103car nu m-au l\u0103sat s\u0103 pl\u0103tesc.<\/p>\n<p class=\"\">Au f\u0103cut poze cu mine \u0219i mi-au spus c\u0103 nu trebuie s\u0103 achit nota. \u00ce\u021bi imaginezi a\u0219a ceva ast\u0103zi?\u201d, a povestit acesta.<\/p>\n<p class=\"\">Regis are doi copii. Tat\u0103l \u0219i fra\u021bii s\u0103i sunt \u00een via\u021b\u0103, \u00eens\u0103 mama lui a murit \u00een urm\u0103 cu c\u00e2\u021biva ani, f\u0103r\u0103 s\u0103 apuce s\u0103-l vad\u0103 ie\u0219it din lupta cu dependen\u021ba de droguri.<\/p>\n<p>Cite\u0219te \u0219i<\/p>\n<p>VIDEO: cele mai noi imagini din sport<\/p>\n","protected":false},"excerpt":{"rendered":"&#13; Regis Pitbull (49 de ani), fost atacant brazilian cu trecut la Corinthians, Vasco \u0219i Ponte Preta, trece&hellip;\n","protected":false},"author":2,"featured_media":287830,"comment_status":"","ping_status":"","sticky":false,"template":"","format":"standard","meta":{"footnotes":"","_share_on_mastodon":"0"},"categories":[20],"tags":[79218,3039,1705,79217,41,40,38,39,18438,185,184],"class_list":["post-287829","post","type-post","status-publish","format-standard","has-post-thumbnail","category-sport","tag-corinthians","tag-dependenta","tag-droguri","tag-regis-pitbull","tag-ro","tag-romana","tag-romania","tag-romanian","tag-sao-paulo","tag-sport","tag-sports"],"share_on_mastodon":{"url":"https:\/\/pubeurope.com\/@ro\/117212578079048874","error":""},"_links":{"self":[{"href":"https:\/\/www.europesays.com\/ro\/wp-json\/wp\/v2\/posts\/287829","targetHints":{"allow":["GET"]}}],"collection":[{"href":"https:\/\/www.europesays.com\/ro\/wp-json\/wp\/v2\/posts"}],"about":[{"href":"https:\/\/www.europesays.com\/ro\/wp-json\/wp\/v2\/types\/post"}],"author":[{"embeddable":true,"href":"https:\/\/www.europesays.com\/ro\/wp-json\/wp\/v2\/users\/2"}],"replies":[{"embeddable":true,"href":"https:\/\/www.europesays.com\/ro\/wp-json\/wp\/v2\/comments?post=287829"}],"version-history":[{"count":0,"href":"https:\/\/www.europesays.com\/ro\/wp-json\/wp\/v2\/posts\/287829\/revisions"}],"wp:featuredmedia":[{"embeddable":true,"href":"https:\/\/www.europesays.com\/ro\/wp-json\/wp\/v2\/media\/287830"}],"wp:attachment":[{"href":"https:\/\/www.europesays.com\/ro\/wp-json\/wp\/v2\/media?parent=287829"}],"wp:term":[{"taxonomy":"category","embeddable":true,"href":"https:\/\/www.europesays.com\/ro\/wp-json\/wp\/v2\/categories?post=287829"},{"taxonomy":"post_tag","embeddable":true,"href":"https:\/\/www.europesays.com\/ro\/wp-json\/wp\/v2\/tags?post=287829"}],"curies":[{"name":"wp","href":"https:\/\/api.w.org\/{rel}","templated":true}]}}