{"id":287831,"date":"2026-09-04T11:40:11","date_gmt":"2026-09-04T11:40:11","guid":{"rendered":"https:\/\/www.europesays.com\/ro\/287831\/"},"modified":"2026-09-04T11:40:11","modified_gmt":"2026-09-04T11:40:11","slug":"ifa-2026-acer-lanseaza-la-ifa-2026-prima-serie-de-monitoare-de-gaming-la-1-000-hz-alaturi-de-ecrane-5k-si-tehnologii-qd-oled","status":"publish","type":"post","link":"https:\/\/www.europesays.com\/ro\/287831\/","title":{"rendered":"IFA 2026: Acer lanseaz\u0103 la IFA 2026 prima serie de monitoare de gaming la 1.000 Hz, al\u0103turi de ecrane 5K \u0219i tehnologii QD-OLED"},"content":{"rendered":"<p class=\"wp-block-paragraph\">Acer a prezentat \u00een cadrul IFA 2026 o serie extins\u0103 de monitoare din familiile Predator, Acer Nitro \u0219i Acer ProDesigner, \u00eencerc\u00e2nd astfel s\u0103 acopere at\u00e2t cerin\u021bele gamerilor pasiona\u021bi \u0219i ale juc\u0103torilor de esports, c\u00e2t \u0219i pe cele ale creatorilor de con\u021binut profesional. Portofoliul nou anun\u021bat include panouri cu viteze de re\u00eemprosp\u0103tare record, iluminare Mini LED, tehnologie QD-OLED de genera\u021bie nou\u0103 \u0219i moduri dinamice de ajustare a rezolu\u021biei \u0219i frecven\u021bei (DFR).<\/p>\n<p class=\"wp-block-paragraph\">Piesa de rezisten\u021b\u0103 a noii colec\u021bii este Predator XB253Q U1, primul monitor FHD de 24.5 inch din portofoliul companiei care atinge o rat\u0103 de refresh uria\u0219\u0103 de 1000 Hz. Conceput special pentru competi\u021biile de esports, acesta integreaz\u0103 tehnologia Acer VRB Pro pentru reducerea neclarit\u0103\u021bilor \u00een mi\u0219care, un filtru cu polarizare circular\u0103 pentru protec\u021bia ochilor \u0219i compatibilitate cu AMD FreeSync Premium \u0219i NVIDIA G-SYNC. Modelul va fi lansat \u00een regiunea EMEA \u00een primul trimestru din 2027, la un pre\u021b recomandat de 1.099 Euro.<\/p>\n<p><img fetchpriority=\"high\" decoding=\"async\" width=\"800\" height=\"506\" src=\"https:\/\/www.europesays.com\/ro\/wp-content\/uploads\/2026\/09\/PREDATOR-XB253Q-U1.jpg\" alt=\"PREDATOR XB253Q U1\" class=\"wp-image-389216\"  \/><\/p>\n<p class=\"wp-block-paragraph\">Gama de top dedicat\u0103 pasiona\u021bilor de jocuri este completat\u0103 de Predator X32 V3, cu ecran de 31.5 inchi echipat cu panou QD-OLED Penta Tandem cu rezolu\u021bie UHD la 180 Hz \u0219i certificare VESA DisplayHDR True Black 400, disponibil din T1 2027 la 899 Euro. De asemenea, Predator XB273K V7 ofer\u0103 un panou de 27 inch UHD la 160 Hz, capabil s\u0103 comute prin tehnologia DFR la rezolu\u021bie Full HD \u0219i o rat\u0103 de refresh de p\u00e2n\u0103 la 500 Hz, av\u00e2nd un pre\u021b de 449 euro \u0219i o lansare programat\u0103 pentru trimestrul al patrulea din 2026.<\/p>\n<p><img loading=\"lazy\" decoding=\"async\" width=\"800\" height=\"523\" data-id=\"389217\" src=\"https:\/\/www.europesays.com\/ro\/wp-content\/uploads\/2026\/09\/PREDATOR-X32-V3.jpg\" alt=\"\" class=\"wp-image-389217\"  \/><\/p>\n<p><img loading=\"lazy\" decoding=\"async\" width=\"800\" height=\"515\" data-id=\"389218\" src=\"https:\/\/www.europesays.com\/ro\/wp-content\/uploads\/2026\/09\/PREDATOR-XB273K-V7.jpg\" alt=\"\" class=\"wp-image-389218\"  \/><\/p>\n<p class=\"wp-block-paragraph\">Seria Acer Nitro aduce op\u021biuni accesibile cu rezolu\u021bii mari \u0219i rate de refresh ridicate:<\/p>\n<ul class=\"wp-block-list\">\n<li>Acer Nitro XV275X P \u2013 Ecran IPS de 27 inch cu rezolu\u021bie 5K (5120 x 2880 pixeli) la 165 Hz, iluminare Mini LED pe 2.304 zone \u0219i certificare VESA DisplayHDR 1400. Prin DFR poate comuta la QHD la 330 Hz. Va sosi \u00een T1 2027 la pre\u021bul de 1.199 Euro;<\/li>\n<li>Acer Nitro XZ340CKR P \u2013 Monitor curbat de 34 inch cu rezolu\u021bie WUHD (5120 x 2160 pixeli) la 180 Hz, capabil de WFHD la 360 Hz prin DFR. Lansare \u00een T4 2026, la pre\u021bul de 699 Euro;<\/li>\n<li>Acer Nitro XV275U Z2 \u0219i XV270U Z3 \u2013 Dou\u0103 monitoare de 27 inch ce ofer\u0103 o tehnologie DFR \u00een trei trepte (QHD la 275 Hz, FHD la 360 Hz \u0219i HD la 520 Hz). Varianta XV275U Z2 beneficiaz\u0103 de iluminare Mini LED pe 1.152 de zone \u0219i va costa 329 Euro (disponibil\u0103 \u00een T4 2026), \u00een timp ce XV270U Z3 va fi lansat\u0103 \u00een T1 2027 la pre\u021bul de 299 Euro.<\/li>\n<\/ul>\n<p><img loading=\"lazy\" decoding=\"async\" width=\"800\" height=\"492\" data-id=\"389219\" src=\"https:\/\/www.europesays.com\/ro\/wp-content\/uploads\/2026\/09\/Acer-Nitro-XV275U.jpg\" alt=\"\" class=\"wp-image-389219\"  \/><\/p>\n<p><img loading=\"lazy\" decoding=\"async\" width=\"800\" height=\"517\" data-id=\"389220\" src=\"https:\/\/www.europesays.com\/ro\/wp-content\/uploads\/2026\/09\/Acer-Nitro-XZ340CKR-P.jpg\" alt=\"\" class=\"wp-image-389220\"  \/><\/p>\n<p><img loading=\"lazy\" decoding=\"async\" width=\"800\" height=\"553\" data-id=\"389221\" src=\"https:\/\/www.europesays.com\/ro\/wp-content\/uploads\/2026\/09\/Acer-Nitro-XV275X-P.jpg\" alt=\"\" class=\"wp-image-389221\"  \/><\/p>\n<p class=\"wp-block-paragraph\">Pentru profesioni\u0219ti \u0219i creatori de con\u021binut, Acer a anun\u021bat modelul ProDesigner PE270X P, un monitor de 27 inch cu rezolu\u021bie 5K, calibrare din fabric\u0103 Delta E&lt;1 \u0219i acoperire de 99% a spa\u021biilor de culoare Adobe RGB, DCI-P3 \u0219i sRGB.<\/p>\n<p><img loading=\"lazy\" decoding=\"async\" width=\"800\" height=\"553\" src=\"https:\/\/www.europesays.com\/ro\/wp-content\/uploads\/2026\/09\/Acer-ProDesigner-PE270X-P.jpg\" alt=\"Acer ProDesigner PE270X P\" class=\"wp-image-389222\"  \/><\/p>\n<p class=\"wp-block-paragraph\">Acesta integreaz\u0103 iluminare Mini LED pe 2.304 zone, suport\u0103 DFR p\u00e2n\u0103 la rezolu\u021bie QHD la 330 Hz \u0219i ofer\u0103 alimentare de 90 W prin USB-C al\u0103turi de un comutator Auto KVM. ProDesigner PE270X P va ajunge pe pia\u021b\u0103 \u00een primul trimestru din 2027, la pre\u021bul recomandat de 1.299 Euro.<\/p>\n","protected":false},"excerpt":{"rendered":"Acer a prezentat \u00een cadrul IFA 2026 o serie extins\u0103 de monitoare din familiile Predator, Acer Nitro \u0219i&hellip;\n","protected":false},"author":2,"featured_media":287832,"comment_status":"","ping_status":"","sticky":false,"template":"","format":"standard","meta":{"footnotes":"","_share_on_mastodon":"0"},"categories":[16],"tags":[6341,68356,520,2211,4344,77719,41,40,38,39,141,124],"class_list":["post-287831","post","type-post","status-publish","format-standard","has-post-thumbnail","category-tehnologie","tag-acer","tag-ifa-2026","tag-lansare","tag-monitoare","tag-monitor","tag-monitor-acer","tag-ro","tag-romana","tag-romania","tag-romanian","tag-technology","tag-tehnologie"],"share_on_mastodon":{"url":"https:\/\/pubeurope.com\/@ro\/117212586335051449","error":""},"_links":{"self":[{"href":"https:\/\/www.europesays.com\/ro\/wp-json\/wp\/v2\/posts\/287831","targetHints":{"allow":["GET"]}}],"collection":[{"href":"https:\/\/www.europesays.com\/ro\/wp-json\/wp\/v2\/posts"}],"about":[{"href":"https:\/\/www.europesays.com\/ro\/wp-json\/wp\/v2\/types\/post"}],"author":[{"embeddable":true,"href":"https:\/\/www.europesays.com\/ro\/wp-json\/wp\/v2\/users\/2"}],"replies":[{"embeddable":true,"href":"https:\/\/www.europesays.com\/ro\/wp-json\/wp\/v2\/comments?post=287831"}],"version-history":[{"count":0,"href":"https:\/\/www.europesays.com\/ro\/wp-json\/wp\/v2\/posts\/287831\/revisions"}],"wp:featuredmedia":[{"embeddable":true,"href":"https:\/\/www.europesays.com\/ro\/wp-json\/wp\/v2\/media\/287832"}],"wp:attachment":[{"href":"https:\/\/www.europesays.com\/ro\/wp-json\/wp\/v2\/media?parent=287831"}],"wp:term":[{"taxonomy":"category","embeddable":true,"href":"https:\/\/www.europesays.com\/ro\/wp-json\/wp\/v2\/categories?post=287831"},{"taxonomy":"post_tag","embeddable":true,"href":"https:\/\/www.europesays.com\/ro\/wp-json\/wp\/v2\/tags?post=287831"}],"curies":[{"name":"wp","href":"https:\/\/api.w.org\/{rel}","templated":true}]}}