{"id":287847,"date":"2026-09-04T11:52:37","date_gmt":"2026-09-04T11:52:37","guid":{"rendered":"https:\/\/www.europesays.com\/ro\/287847\/"},"modified":"2026-09-04T11:52:37","modified_gmt":"2026-09-04T11:52:37","slug":"gigi-becali-il-vrea-pe-mirel-radoi-inapoi-la-fcsb-dar-cu-o-singura-conditie","status":"publish","type":"post","link":"https:\/\/www.europesays.com\/ro\/287847\/","title":{"rendered":"Gigi Becali \u00eel vrea pe Mirel R\u0103doi \u00eenapoi la FCSB, dar cu o singur\u0103 condi\u021bie"},"content":{"rendered":"<p>Vineri, 04 Septembrie 2026, ora 09:35<\/p>\n<p>2509 citiri<\/p>\n<p><a class=\"news__image\" data-href=\"https:\/\/s1.ziareromania.ro\/?mmid=6141e56b1209032661\" data-size=\"1024x617\" title=\"Gigi Becali \u00eel vrea pe Mirel R\u0103doi \u00eenapoi la FCSB, dar cu o singur\u0103 condi\u021bie\"><img decoding=\"async\" src=\"https:\/\/www.europesays.com\/ro\/wp-content\/uploads\/2026\/09\/Gigi-Becali---l-vrea-pe-Mirel-R--doi---napoi-la-FCSB--dar-cu-o-singur---condi--ie.jpg\" alt=\"Gigi Becali \u00eel vrea pe Mirel R\u0103doi \u00eenapoi la FCSB, dar cu o singur\u0103 condi\u021bie\" title=\"Gigi Becali \u00eel vrea pe Mirel R\u0103doi \u00eenapoi la FCSB, dar cu o singur\u0103 condi\u021bie\" class=\"img-responsive\"\/><\/a><\/p>\n<p>Mirel R\u0103doi FOTO Gaziantep<\/p>\n<p><a href=\"https:\/\/ziare.com\/becali\/\" title=\"Gigi Becali\" rel=\"nofollow noopener\" target=\"_blank\">Gigi Becali<\/a> (68 de ani), patronul <a href=\"https:\/\/ziare.com\/fcsb\/\" title=\"FCSB\" rel=\"nofollow noopener\" target=\"_blank\">FCSB<\/a>, a dezv\u0103luit c\u0103 l-a contactat pe Mirel R\u0103doi (45 de ani), la scurt timp dup\u0103 ce tehnicianul s-a desp\u0103r\u021bit de Gaziantep.<\/p>\n<p>Mirel R\u0103doi a r\u0103mas liber de contract dup\u0103 un mandat extrem de scurt la forma\u021bia din Turcia. Fostul interna\u021bional rom\u00e2n a stat pe banca lui Gaziantep \u00een doar \u0219apte partide, bilan\u021bul fiind unul modest: o victorie, o remiz\u0103 \u0219i cinci \u00eenfr\u00e2ngeri.<\/p>\n<p>La c\u00e2teva zile dup\u0103 desp\u0103r\u021bire, R\u0103doi a fost sunat de <a href=\"https:\/\/ziare.com\/fotbal\/gigi-becali\/\" title=\"Gigi Becali\" rel=\"nofollow noopener\" target=\"_blank\">Gigi Becali<\/a>. Patronul <a href=\"https:\/\/ziare.com\/fotbal\/fcsb\/\" title=\"FCSB\" rel=\"nofollow noopener\" target=\"_blank\">FCSB<\/a> a precizat \u00eens\u0103 c\u0103 apelul nu a avut ca scop s\u0103-i propun\u0103 revenirea pe banca echipei, chiar dac\u0103 este convins c\u0103 tehnicianul va ajunge din nou s\u0103 lucreze la forma\u021bia ro\u0219-albastr\u0103.<\/p>\n<p>R\u0103doi nu i-a r\u0103spuns lui Becali, \u00eens\u0103 finan\u021batorul FCSB sus\u021bine c\u0103 \u00ee\u0219i dore\u0219te s\u0103 colaboreze din nou cu finul s\u0103u \u0219i este convins c\u0103 acesta poate ob\u021bine performan\u021be importante la echip\u0103, dar cu o singur\u0103 condi\u021bie.<\/p>\n<p>\u201eL-am sunat. Nu r\u0103spunde. Nu ca s\u0103-l iau la FCSB. C\u00e2nd Mirel va fi \u00een vog\u0103, c\u00e2nd se va coace la minte mai mult, el la mine va fi \u0219i va face cele mai mari performan\u021be cu na\u0219ul lui\u201d, a declarat Gigi Becali, conform Sport.ro.<\/p>\n<p>\u021ai-a pl\u0103cut articolul?<\/p>\n<p> Vrem s\u0103 producem mai multe, \u00eens\u0103 avem nevoie de sus\u021binerea ta. Orice dona\u021bie conteaz\u0103 pentru jurnalismul independent <\/p>\n","protected":false},"excerpt":{"rendered":"Vineri, 04 Septembrie 2026, ora 09:35 2509 citiri Mirel R\u0103doi FOTO Gaziantep Gigi Becali (68 de ani), patronul&hellip;\n","protected":false},"author":2,"featured_media":287848,"comment_status":"","ping_status":"","sticky":false,"template":"","format":"standard","meta":{"footnotes":"","_share_on_mastodon":"0"},"categories":[20],"tags":[269,196,909,577,41,40,38,39,185,184],"class_list":["post-287847","post","type-post","status-publish","format-standard","has-post-thumbnail","category-sport","tag-fcsb","tag-gigi-becali","tag-marius-baciu","tag-mirel-radoi","tag-ro","tag-romana","tag-romania","tag-romanian","tag-sport","tag-sports"],"share_on_mastodon":{"url":"https:\/\/pubeurope.com\/@ro\/117212633723810603","error":""},"_links":{"self":[{"href":"https:\/\/www.europesays.com\/ro\/wp-json\/wp\/v2\/posts\/287847","targetHints":{"allow":["GET"]}}],"collection":[{"href":"https:\/\/www.europesays.com\/ro\/wp-json\/wp\/v2\/posts"}],"about":[{"href":"https:\/\/www.europesays.com\/ro\/wp-json\/wp\/v2\/types\/post"}],"author":[{"embeddable":true,"href":"https:\/\/www.europesays.com\/ro\/wp-json\/wp\/v2\/users\/2"}],"replies":[{"embeddable":true,"href":"https:\/\/www.europesays.com\/ro\/wp-json\/wp\/v2\/comments?post=287847"}],"version-history":[{"count":0,"href":"https:\/\/www.europesays.com\/ro\/wp-json\/wp\/v2\/posts\/287847\/revisions"}],"wp:featuredmedia":[{"embeddable":true,"href":"https:\/\/www.europesays.com\/ro\/wp-json\/wp\/v2\/media\/287848"}],"wp:attachment":[{"href":"https:\/\/www.europesays.com\/ro\/wp-json\/wp\/v2\/media?parent=287847"}],"wp:term":[{"taxonomy":"category","embeddable":true,"href":"https:\/\/www.europesays.com\/ro\/wp-json\/wp\/v2\/categories?post=287847"},{"taxonomy":"post_tag","embeddable":true,"href":"https:\/\/www.europesays.com\/ro\/wp-json\/wp\/v2\/tags?post=287847"}],"curies":[{"name":"wp","href":"https:\/\/api.w.org\/{rel}","templated":true}]}}