{"id":287861,"date":"2026-09-04T12:01:17","date_gmt":"2026-09-04T12:01:17","guid":{"rendered":"https:\/\/www.europesays.com\/ro\/287861\/"},"modified":"2026-09-04T12:01:17","modified_gmt":"2026-09-04T12:01:17","slug":"avantajele-iphone-ultra-in-fata-iphone-18-pro-dar-la-preturi-diferite","status":"publish","type":"post","link":"https:\/\/www.europesays.com\/ro\/287861\/","title":{"rendered":"Avantajele iPhone ULTRA \u00een fata iPhone 18 Pro, dar la pre\u021buri diferite"},"content":{"rendered":"<p>            <br style=\"clear: both; display: block; float: none;\"\/><br \/>\n<img title=\"iPhone ultra prezentare\" fetchpriority=\"high\" decoding=\"async\" width=\"2560\" height=\"1440\" src=\"https:\/\/www.europesays.com\/ro\/wp-content\/uploads\/2026\/09\/iPhone-ultra-prezentare.webp\" alt=\"iPhone ultra prezentare\" class=\"wp-image-656332\"  \/><\/p>\n<p class=\"wp-block-paragraph\">Apple preg\u0103te\u0219te pentru noua genera\u021bie de telefoane dou\u0103 direc\u021bii foarte diferite, iar iPhone ULTRA ar urma s\u0103 se remarce prin trei avantaje importante fa\u021b\u0103 de iPhone 18 Pro. Diferen\u021bele ar veni din formatul pliabil, dimensiunea ecranelor \u0219i func\u021biile speciale de multitasking preg\u0103tite pentru iOS 27.<\/p>\n<p><br style=\"clear: both; display: block; float: none;\"\/><a href=\"https:\/\/google.com\/preferences\/source?q=idevice.ro\" aria-label=\"Adaug\u0103 iDevice.ro ca surs\u0103 preferat\u0103 \u00een Google\" class=\"external\" rel=\"nofollow noopener\" target=\"_blank\"><img loading=\"lazy\" decoding=\"async\" src=\"data:image\/svg+xml,%3Csvg%20xmlns=\" http:=\"\" alt=\"Adaug\u0103 iDevice.ro ca surs\u0103 preferat\u0103 \u00een Google\" width=\"200\" height=\"73\" data-lazy-src=\"https:\/\/www.europesays.com\/ro\/wp-content\/uploads\/2026\/09\/1788523270_613_google_preferred_source_badge_light_en.png\"\/><\/a><\/p>\n<p class=\"wp-block-paragraph\">iPhone 18 Pro ar urma s\u0103 p\u0103streze un ecran de 6,3 inci, \u00een timp ce modelul Pro Max ar ajunge la 6,9 inci, conform acelora\u0219i informa\u021bii. \u00cen schimb, iPhone ULTRA ar combina un ecran exterior de 5,5 inci cu un panou interior de 7,8 inci, oferind practic dou\u0103 experien\u021be foarte diferite \u00eentr-un singur dispozitiv.<\/p>\n<p class=\"wp-block-paragraph\">Aceast\u0103 construc\u021bie ar putea schimba semnificativ modul \u00een care utilizatorii aleg \u00eentre dimensiune \u0219i portabilitate, deoarece telefonul pliabil ar oferi simultan cel mai mare ecran \u0219i un format exterior compact. iPhone 18 Pro r\u0103m\u00e2ne mai apropiat de forma clasic\u0103 deja cunoscut\u0103, \u00een timp ce alternativa pliabil\u0103 ar \u00eencerca s\u0103 atrag\u0103 inclusiv utilizatorii care apreciau telefoanele mai mici.<\/p>\n<p><br style=\"clear: both; display: block; float: none;\"\/><\/p>\n<p>iPhone ULTRA este mai u\u0219or de c\u0103rat oriunde<\/p>\n<p class=\"wp-block-paragraph\">Un alt avantaj indicat pentru iPhone ULTRA \u021bine de modul \u00een care dispozitivul ar \u00eenc\u0103pea \u00een buzunar atunci c\u00e2nd este pliat, deoarece formatul compact ar reduce problemele \u00eent\u00e2lnite la telefoanele Pro mai mari. Pentru iPhone 18 Pro \u0219i mai ales pentru varianta Pro Max, dimensiunea poate r\u0103m\u00e2ne incomod\u0103 \u00een anumite buzunare, iar zvonurile indic\u0103 inclusiv un platou al camerelor posibil mai gros.<\/p>\n<p class=\"wp-block-paragraph\">Designul inspirat de gama Air ar trebui s\u0103 fac\u0103 iPhone ULTRA mai confortabil \u00een m\u00e2n\u0103 dec\u00e2t modelele Pro mai voluminoase, cel pu\u021bin conform a\u0219tept\u0103rilor actuale. Aceast\u0103 diferen\u021b\u0103 ar conta mai ales pentru utilizatorii care vor un ecran foarte mare pentru con\u021binut, dar nu doresc permanent dimensiunile exterioare ale unui telefon foarte mare.<\/p>\n<p>\t\t\t<a href=\"https:\/\/www.idevice.ro\/wp-content\/uploads\/2026\/08\/iPhone-Ultra-depliat-fotoi.webp\" data-caption-desc=\"iPhone Ultra depliat fotoi\" data-attachment-id=\"653527\" data-type=\"image\" class=\"fg-thumb\" rel=\"nofollow noopener\" target=\"_blank\"><img loading=\"lazy\" src=\"https:\/\/www.europesays.com\/ro\/wp-content\/uploads\/2026\/09\/4185011231.webp\" alt=\"iPhone Ultra depliat fotoi\" width=\"640\" height=\"360\" class=\"skip-lazy fg-image\" data-no-lazy=\"1\" decoding=\"async\"\/><\/a><\/p>\n<p>iPhone Ultra depliat fotoi<\/p>\n<p><a href=\"https:\/\/www.idevice.ro\/wp-content\/uploads\/2026\/08\/iphone-ultra-folie-protectie.webp\" data-caption-desc=\"iphone ultra folie protectie\" data-attachment-id=\"653526\" data-type=\"image\" class=\"fg-thumb\" rel=\"nofollow noopener\" target=\"_blank\"><img loading=\"lazy\" src=\"https:\/\/www.europesays.com\/ro\/wp-content\/uploads\/2026\/09\/3471324792.webp\" alt=\"iphone ultra folie protectie\" width=\"640\" height=\"360\" class=\"skip-lazy fg-image\" data-no-lazy=\"1\" decoding=\"async\"\/><\/a><\/p>\n<p>iphone ultra folie protectie<\/p>\n<p><a href=\"https:\/\/www.idevice.ro\/wp-content\/uploads\/2026\/08\/iphone-ultra-folie-protectie-ecran.webp\" data-caption-desc=\"iphone ultra folie protectie ecran\" data-attachment-id=\"653525\" data-type=\"image\" class=\"fg-thumb\" rel=\"nofollow noopener\" target=\"_blank\"><img loading=\"lazy\" src=\"https:\/\/www.europesays.com\/ro\/wp-content\/uploads\/2026\/09\/2982915796.webp\" alt=\"iphone ultra folie protectie ecran\" width=\"640\" height=\"360\" class=\"skip-lazy fg-image\" data-no-lazy=\"1\" decoding=\"async\"\/><\/a><\/p>\n<p>iphone ultra folie protectie ecran<\/p>\n<p><a href=\"https:\/\/www.idevice.ro\/wp-content\/uploads\/2026\/08\/iPhone-ULTRA-vs-iPhone-16-Pro-Max-foto-scaled.webp\" data-caption-desc=\"iPhone ULTRA vs iPhone 16 Pro Max foto\" data-attachment-id=\"653524\" data-type=\"image\" class=\"fg-thumb\" rel=\"nofollow noopener\" target=\"_blank\"><img loading=\"lazy\" src=\"https:\/\/www.europesays.com\/ro\/wp-content\/uploads\/2026\/09\/4178844451.webp\" alt=\"iPhone ULTRA vs iPhone 16 Pro Max foto\" width=\"640\" height=\"360\" class=\"skip-lazy fg-image\" data-no-lazy=\"1\" decoding=\"async\"\/><\/a><\/p>\n<p>iPhone ULTRA vs iPhone 16 Pro Max foto<\/p>\n<p><a href=\"https:\/\/www.idevice.ro\/wp-content\/uploads\/2026\/08\/iphone-ultra-camere-carcasa-apple.webp\" data-caption-desc=\"iphone ultra camere carcasa apple\" data-attachment-id=\"653523\" data-type=\"image\" class=\"fg-thumb\" rel=\"nofollow noopener\" target=\"_blank\"><img loading=\"lazy\" src=\"https:\/\/www.europesays.com\/ro\/wp-content\/uploads\/2026\/09\/771771533.webp\" alt=\"iphone ultra camere carcasa apple\" width=\"640\" height=\"360\" class=\"skip-lazy fg-image\" data-no-lazy=\"1\" decoding=\"async\"\/><\/a><\/p>\n<p>iphone ultra camere carcasa apple<\/p>\n<p><a href=\"https:\/\/www.idevice.ro\/wp-content\/uploads\/2026\/08\/iPhone-Ultra-argintiu.webp\" data-caption-desc=\"iPhone Ultra argintiu\" data-attachment-id=\"652844\" data-type=\"image\" class=\"fg-thumb\" rel=\"nofollow noopener\" target=\"_blank\"><img loading=\"lazy\" src=\"https:\/\/www.europesays.com\/ro\/wp-content\/uploads\/2026\/09\/2884689736.webp\" alt=\"iPhone Ultra argintiu\" width=\"640\" height=\"360\" class=\"skip-lazy fg-image\" data-no-lazy=\"1\" decoding=\"async\"\/><\/a><a href=\"https:\/\/www.idevice.ro\/wp-content\/uploads\/2026\/08\/iPhone-Ultra-albastru-inchis.webp\" data-caption-desc=\"iPhone Ultra albastru inchis\" data-attachment-id=\"652843\" data-type=\"image\" class=\"fg-thumb\" rel=\"nofollow noopener\" target=\"_blank\"><img loading=\"lazy\" src=\"https:\/\/www.europesays.com\/ro\/wp-content\/uploads\/2026\/09\/2096894252.webp\" alt=\"iPhone Ultra albastru inchis\" width=\"640\" height=\"360\" class=\"skip-lazy fg-image\" data-no-lazy=\"1\" decoding=\"async\"\/><\/a><\/p>\n<p>iPhone Ultra albastru inchis<\/p>\n<p><a href=\"https:\/\/www.idevice.ro\/wp-content\/uploads\/2026\/08\/iPhone-Ultra-este-Asteptat-in-Aceste-2-Culori.webp\" data-caption-title=\"iPhone Ultra este Asteptat in Aceste 2 Culori.\" data-caption-desc=\"iPhone Ultra este Asteptat in Aceste 2 Culori\" data-attachment-id=\"652842\" data-type=\"image\" class=\"fg-thumb\" rel=\"nofollow noopener\" target=\"_blank\"><img loading=\"lazy\" src=\"https:\/\/www.europesays.com\/ro\/wp-content\/uploads\/2026\/09\/3854928670.webp\" alt=\"iPhone Ultra este Asteptat in Aceste 2 Culori\" title=\"iPhone Ultra este Asteptat in Aceste 2 Culori.\" width=\"640\" height=\"360\" class=\"skip-lazy fg-image\" data-no-lazy=\"1\" decoding=\"async\"\/><\/a><\/p>\n<p>iPhone Ultra este Asteptat in Aceste 2 Culori.<\/p>\n<p>iPhone Ultra este Asteptat in Aceste 2 Culori<\/p>\n<p><a href=\"https:\/\/www.idevice.ro\/wp-content\/uploads\/2026\/07\/iPhone-ULTRA-productie-Apple-componente-scaled.webp\" data-caption-desc=\"iPhone ULTRA productie Apple componente\" data-attachment-id=\"650177\" data-type=\"image\" class=\"fg-thumb\" rel=\"nofollow noopener\" target=\"_blank\"><img loading=\"lazy\" src=\"https:\/\/www.europesays.com\/ro\/wp-content\/uploads\/2026\/09\/1262325934.webp\" alt=\"iPhone ULTRA productie Apple componente\" width=\"640\" height=\"360\" class=\"skip-lazy fg-image\" data-no-lazy=\"1\" decoding=\"async\"\/><\/a><\/p>\n<p>iPhone ULTRA productie Apple componente<\/p>\n<p><a href=\"https:\/\/www.idevice.ro\/wp-content\/uploads\/2026\/07\/componentele-iPhone-ULTRA-apple-scaled.webp\" data-caption-desc=\"componentele iPhone ULTRA apple\" data-attachment-id=\"650176\" data-type=\"image\" class=\"fg-thumb\" rel=\"nofollow noopener\" target=\"_blank\"><img loading=\"lazy\" src=\"https:\/\/www.europesays.com\/ro\/wp-content\/uploads\/2026\/09\/2143097120.webp\" alt=\"componentele iPhone ULTRA apple\" width=\"640\" height=\"360\" class=\"skip-lazy fg-image\" data-no-lazy=\"1\" decoding=\"async\"\/><\/a><\/p>\n<p>componentele iPhone ULTRA apple<\/p>\n<p><a href=\"https:\/\/www.idevice.ro\/wp-content\/uploads\/2026\/06\/iPhone-18-Pro-vs-iPhone-ULTRA.webp\" data-caption-desc=\"iPhone 18 Pro vs iPhone ULTRA\" data-attachment-id=\"646893\" data-type=\"image\" class=\"fg-thumb\" rel=\"nofollow noopener\" target=\"_blank\"><img loading=\"lazy\" src=\"https:\/\/www.europesays.com\/ro\/wp-content\/uploads\/2026\/09\/190212557.webp\" alt=\"iPhone 18 Pro vs iPhone ULTRA\" width=\"640\" height=\"360\" class=\"skip-lazy fg-image\" data-no-lazy=\"1\" decoding=\"async\"\/><\/a><\/p>\n<p>iPhone 18 Pro vs iPhone ULTRA<\/p>\n<p>\n\t\t\tPrev<br \/>\n\t\t\t1of11<br \/>\n\t\t\tNext\n\t\t<\/p>\n<p class=\"wp-block-paragraph\">Cea mai interesant\u0103 diferen\u021b\u0103 ar putea ap\u0103rea \u00eens\u0103 \u00een software, deoarece iPhone ULTRA este a\u0219teptat s\u0103 primeasc\u0103 func\u021bii exclusive de multitasking \u00een iOS 27. Exist\u0103 inclusiv posibilitatea folosirii simultane a dou\u0103 aplica\u021bii pe ecranul interior, cu ambele p\u0103strate active \u0219i cu suport pentru mutarea con\u021binutului prin drag and drop.<\/p>\n<p>iOS 27 ar putea diferentia telefoanele<\/p>\n<p class=\"wp-block-paragraph\">iOS 27 ar urma s\u0103 aduc\u0103 \u0219i suport landscape pentru mai multe aplica\u021bii de sistem, func\u021bie care nu ar fi exclusiv\u0103 pentru iPhone ULTRA, dar care ar avea o utilitate evident\u0103 pe ecranul s\u0103u de 7,8 inci. Experien\u021ba rezultat\u0103 s-ar apropia astfel mai mult de modul de utilizare al unui iPad, f\u0103r\u0103 ca dispozitivul s\u0103 renun\u021be la formatul de telefon atunci c\u00e2nd este pliat.<\/p>\n<p class=\"wp-block-paragraph\">iPhone 18 Pro ar putea p\u0103stra anumite avantaje hardware fa\u021b\u0103 de modelul pliabil, \u00eens\u0103 informa\u021biile actuale sugereaz\u0103 c\u0103 diferen\u021bierea principal\u0103 va veni din flexibilitatea oferit\u0103 de ecrane \u0219i software. Dac\u0103 specifica\u021biile prezentate se confirm\u0103, iPhone ULTRA nu va fi doar o versiune mai scump\u0103 sau mai mare, ci un dispozitiv construit pentru un mod diferit de utilizare zilnic\u0103.<\/p>\n<p><br style=\"clear: both; display: block; float: none;\"\/>\t\t\t<\/p>\n","protected":false},"excerpt":{"rendered":"Apple preg\u0103te\u0219te pentru noua genera\u021bie de telefoane dou\u0103 direc\u021bii foarte diferite, iar iPhone ULTRA ar urma s\u0103 se&hellip;\n","protected":false},"author":2,"featured_media":287862,"comment_status":"","ping_status":"","sticky":false,"template":"","format":"standard","meta":{"footnotes":"","_share_on_mastodon":"0"},"categories":[16],"tags":[83,30909,47804,41,40,38,39,141,124],"class_list":["post-287861","post","type-post","status-publish","format-standard","has-post-thumbnail","category-tehnologie","tag-apple","tag-iphone-18-pro","tag-iphone-ultra","tag-ro","tag-romana","tag-romania","tag-romanian","tag-technology","tag-tehnologie"],"share_on_mastodon":{"url":"https:\/\/pubeurope.com\/@ro\/117212669286067172","error":""},"_links":{"self":[{"href":"https:\/\/www.europesays.com\/ro\/wp-json\/wp\/v2\/posts\/287861","targetHints":{"allow":["GET"]}}],"collection":[{"href":"https:\/\/www.europesays.com\/ro\/wp-json\/wp\/v2\/posts"}],"about":[{"href":"https:\/\/www.europesays.com\/ro\/wp-json\/wp\/v2\/types\/post"}],"author":[{"embeddable":true,"href":"https:\/\/www.europesays.com\/ro\/wp-json\/wp\/v2\/users\/2"}],"replies":[{"embeddable":true,"href":"https:\/\/www.europesays.com\/ro\/wp-json\/wp\/v2\/comments?post=287861"}],"version-history":[{"count":0,"href":"https:\/\/www.europesays.com\/ro\/wp-json\/wp\/v2\/posts\/287861\/revisions"}],"wp:featuredmedia":[{"embeddable":true,"href":"https:\/\/www.europesays.com\/ro\/wp-json\/wp\/v2\/media\/287862"}],"wp:attachment":[{"href":"https:\/\/www.europesays.com\/ro\/wp-json\/wp\/v2\/media?parent=287861"}],"wp:term":[{"taxonomy":"category","embeddable":true,"href":"https:\/\/www.europesays.com\/ro\/wp-json\/wp\/v2\/categories?post=287861"},{"taxonomy":"post_tag","embeddable":true,"href":"https:\/\/www.europesays.com\/ro\/wp-json\/wp\/v2\/tags?post=287861"}],"curies":[{"name":"wp","href":"https:\/\/api.w.org\/{rel}","templated":true}]}}