{"id":287889,"date":"2026-09-04T12:20:16","date_gmt":"2026-09-04T12:20:16","guid":{"rendered":"https:\/\/www.europesays.com\/ro\/287889\/"},"modified":"2026-09-04T12:20:16","modified_gmt":"2026-09-04T12:20:16","slug":"sunat-de-antrenor-denis-dragus-a-refuzat-oferta-si-a-semnat-cu-fcsb","status":"publish","type":"post","link":"https:\/\/www.europesays.com\/ro\/287889\/","title":{"rendered":"Sunat de antrenor, Denis Dr\u0103gu\u0219 a refuzat oferta \u0219i a semnat cu FCSB!"},"content":{"rendered":"\n<ul class=\"bullets\">\n<li>\n<p>SuperLiga: CFR &#8211; Farul, vineri, 20:30, DGS 1<\/p>\n<\/li>\n<li>\n<p>Liga 2: Slatina &#8211; Chindia, vineri, 17:30, DGS 1<\/p>\n<\/li>\n<\/ul>\n<p>Totu\u0219i, cu doar c\u00e2teva ore \u00eenainte ca ro\u0219-alba\u0219trii s\u0103-i asigure semn\u0103tura, Denis Dr\u0103gu\u0219 <a href=\"https:\/\/www.digisport.ro\/fotbal\/fotbal-international\/dorit-de-fcsb-si-de-levski-denis-dragus-a-ales-si-e-asteptat-sa-semneze-in-ultima-zi-4463649\" target=\"_blank\" rel=\"noopener nofollow\" data-skip-linkfix=\"1\">a primit o ofert\u0103 \u0219i de la Levski Sofia<\/a>, echip\u0103 care a eliminat-o pe Universitatea Craiova din preliminariile UCL.\u00a0<\/p>\n<p>Denis Dr\u0103gu\u0219 a refuzat o ofert\u0103 de 600.000 de euro pe sezon de la Levski Sofia!<\/p>\n<p>Pentru a-l convinge pe Denis Dr\u0103gu\u0219, Levski Sofia i-ar fi oferit un salariu anual de 600.000 de euro, potrivit <a href=\"https:\/\/www.fanatik.ro\/denis-dragus-a-refuzat-600-000-de-euro-pe-an-de-la-levski-sofia-pentru-a-semna-cu-fcsb-21536573\" target=\"_blank\" rel=\"noopener nofollow\" data-skip-linkfix=\"1\">Fanatik<\/a>. Mai mult, antrenorul forma\u021biei bulgare l-ar fi contactat personal pe atacant pentru a \u00eencerca s\u0103-l conving\u0103 s\u0103 accepte oferta.<\/p>\n<p>  <img decoding=\"async\" data-skip-htmlfix=\"1\" src=\"https:\/\/www.europesays.com\/ro\/wp-content\/uploads\/2026\/09\/MjAwZjkzNzg5YjY0YThlNTNiZDBlMGNmZmUxMWJkMg==.thumb.jpg\" alt=\"dragus\"\/>   Denis Dr\u0103gu\u0219 \/ Foto: Getty Images  <\/p>\n<p>\u00centre timp, Denis Dr\u0103gu\u0219 \u201ds-a umplut\u201d de bani. Atacantul a ajuns la un acord cu Trabzonspor pentru rezilierea contractului \u0219i a primit compensa\u021bii \u00een valoare 1,2 milioane de euro, \u00eentruc\u00e2t mai avea \u00eenc\u0103 doi ani de contract.<\/p>\n<p>La FCSB, Gigi Becali i-a oferit un salariu de un milion de euro pe sezon, la care se adaug\u0103 bonusuri, \u00een cadrul unui contract valabil pentru urm\u0103torii trei ani.<\/p>\n<ul>\n<li>Cum ar urma s\u0103 arate FCSB, dup\u0103 ultimele transferuri:\u00a0T\u00e2rnovanu &#8211; Cre\u021bu, Dawa, Duarte, P\u0103durariu &#8211; Korenica, Joao Paulo, Muhar &#8211; Miculescu, Dr\u0103gu\u0219, Cisotti<\/li>\n<\/ul>\n<p>Gigi Becali: \u201dCe am f\u0103cut eu nu se va mai \u00eent\u00e2mpla 30 de ani de acum \u00eencolo\u201d<\/p>\n<p>\u201dNu vine nimeni \u00eemprumut. Dac\u0103 am zis c\u0103 dau cinci milioane de euro pe ei&#8230; Dac\u0103 \u00eei dau salariu at\u00e2t de mare, nu se consider\u0103 c\u0103 dai bani pe juc\u0103tori?<\/p>\n<p> Ce am f\u0103cut eu acum nu se va \u00eent\u00e2mpla 30 de ani de acum \u00eencolo \u00een Rom\u00e2nia (Ilie Dumitrescu &#8211; Adic\u0103 s\u0103 dai un salariu de un milion de euro timp de trei ani). E Dr\u0103gu\u0219, da. Dintre \u0103\u0219tia trei, doi o s\u0103-i vede\u021bi cu Dinamo\u201d,\u00a0a declarat Gigi Becali, la Digi Sport Special.<\/p>\n<p>Pe l\u00e2ng\u0103 Dr\u0103gu\u0219, FCSB i-a transferat \u0219i pe Karlo Muhar \u0219i Meriton Korenica. Croatul a semnat liber de contract, \u00een timp ce pentru kosovar s-au pl\u0103tit 600.000 de euro c\u0103tre CFR Cluj.<\/p>\n<p>Korenica va putea juca s\u00e2mb\u0103t\u0103, 5 septembrie, <a href=\"https:\/\/www.digisport.ro\/fotbal\/liga-1\/dinamo-fcsb-live-video-2030-digi-sport-1-spiritul-cainilor-versus-bombele-nucleare-ale-lui-gigi-becali-4466741\" target=\"_blank\" rel=\"noopener nofollow\" data-skip-linkfix=\"1\">\u00een marele derby cu Dinamo<\/a>. Partida \u00eencepe de la 20:30 \u0219i va putea fi urm\u0103rit\u0103 \u00een direct pe Digi Sport 1 \u0219i \u00een <a href=\"https:\/\/www.digisport.ro\/app\" target=\"_blank\" rel=\"noopener nofollow\" data-skip-linkfix=\"1\">aplica\u021bia Digi Sport<\/a>.<\/p>\n<p>Video rezumat FC Arge\u0219 &#8211; FCSB 0-5VIDEO Rezumat FC Arge\u0219 &#8211; FCSB 0-5, \u00een prima etap\u0103 din faza grupelor la Cupa Rom\u00e2nieiClasamentul din SuperLig\u0103  <img decoding=\"async\" data-skip-htmlfix=\"1\" src=\"https:\/\/www.europesays.com\/ro\/wp-content\/uploads\/2026\/09\/1788524416_545_ZyZ3PTU5MCZoYXNoPTBjMDY0ZDBiMzI5ZjljZWY4MjE1NWE1YjIzY2I5Y2Fk.thumb.jpg\" alt=\"clasament-superliga\"\/>   Clasament SuperLiga \/ Foto: Digi Sport     <\/p>\n<p>  Etichete:  <a href=\"https:\/\/www.digisport.ro\/eticheta\/gigi-becali\" rel=\"nofollow noopener\" target=\"_blank\">gigi becali<\/a> , <a href=\"https:\/\/www.digisport.ro\/eticheta\/mercato\" rel=\"nofollow noopener\" target=\"_blank\">mercato<\/a> , <a href=\"https:\/\/www.digisport.ro\/eticheta\/fcsb\" rel=\"nofollow noopener\" target=\"_blank\">fcsb<\/a> , <a href=\"https:\/\/www.digisport.ro\/eticheta\/denis-dragus\" rel=\"nofollow noopener\" target=\"_blank\">denis dragus<\/a>   <\/p>\n<p>Urm\u0103re\u0219te \u0219tirile digisport.ro \u0219i pe <a href=\"https:\/\/news.google.com\/publications\/CAAiENr1L9HFNMG5hpp5zTfVtpsqFAgKIhDa9S_RxTTBuYaaec031bab?ceid=RO:ro&amp;oc=3\" target=\"_blank\" rel=\"external nofollow noopener\">Google News<\/a><\/p>\n<p>   Noua Aplica\u0163ie Digi Sport poate fi desc\u0103rcat\u0103 din   <\/p>\n","protected":false},"excerpt":{"rendered":"SuperLiga: CFR &#8211; Farul, vineri, 20:30, DGS 1 Liga 2: Slatina &#8211; Chindia, vineri, 17:30, DGS 1 Totu\u0219i,&hellip;\n","protected":false},"author":2,"featured_media":287890,"comment_status":"","ping_status":"","sticky":false,"template":"","format":"standard","meta":{"footnotes":"","_share_on_mastodon":"0"},"categories":[20],"tags":[3811,269,196,7119,41,40,38,39,185,184],"class_list":["post-287889","post","type-post","status-publish","format-standard","has-post-thumbnail","category-sport","tag-denis-dragus","tag-fcsb","tag-gigi-becali","tag-mercato","tag-ro","tag-romana","tag-romania","tag-romanian","tag-sport","tag-sports"],"share_on_mastodon":{"url":"https:\/\/pubeurope.com\/@ro\/117212743668637034","error":""},"_links":{"self":[{"href":"https:\/\/www.europesays.com\/ro\/wp-json\/wp\/v2\/posts\/287889","targetHints":{"allow":["GET"]}}],"collection":[{"href":"https:\/\/www.europesays.com\/ro\/wp-json\/wp\/v2\/posts"}],"about":[{"href":"https:\/\/www.europesays.com\/ro\/wp-json\/wp\/v2\/types\/post"}],"author":[{"embeddable":true,"href":"https:\/\/www.europesays.com\/ro\/wp-json\/wp\/v2\/users\/2"}],"replies":[{"embeddable":true,"href":"https:\/\/www.europesays.com\/ro\/wp-json\/wp\/v2\/comments?post=287889"}],"version-history":[{"count":0,"href":"https:\/\/www.europesays.com\/ro\/wp-json\/wp\/v2\/posts\/287889\/revisions"}],"wp:featuredmedia":[{"embeddable":true,"href":"https:\/\/www.europesays.com\/ro\/wp-json\/wp\/v2\/media\/287890"}],"wp:attachment":[{"href":"https:\/\/www.europesays.com\/ro\/wp-json\/wp\/v2\/media?parent=287889"}],"wp:term":[{"taxonomy":"category","embeddable":true,"href":"https:\/\/www.europesays.com\/ro\/wp-json\/wp\/v2\/categories?post=287889"},{"taxonomy":"post_tag","embeddable":true,"href":"https:\/\/www.europesays.com\/ro\/wp-json\/wp\/v2\/tags?post=287889"}],"curies":[{"name":"wp","href":"https:\/\/api.w.org\/{rel}","templated":true}]}}