{"id":287909,"date":"2026-09-04T12:34:15","date_gmt":"2026-09-04T12:34:15","guid":{"rendered":"https:\/\/www.europesays.com\/ro\/287909\/"},"modified":"2026-09-04T12:34:15","modified_gmt":"2026-09-04T12:34:15","slug":"fcsb-nu-e-o-echipa-cu-pretentii-mircea-rednic-pune-paie-pe-foc-inainte-de-derby-de-romania-jucatorii-noi-nu-sunt-nici-de-play-out","status":"publish","type":"post","link":"https:\/\/www.europesays.com\/ro\/287909\/","title":{"rendered":"\u201eFCSB nu e o echip\u0103 cu preten\u021bii\u201d. Mircea Rednic pune paie pe foc \u00eenainte de\u00a0Derby de Rom\u00e2nia: \u201eJuc\u0103torii noi nu sunt nici de play-out\u201d"},"content":{"rendered":"<ul class=\"bullets\">&#13;<\/p>\n<li>Mircea Rednic (64 de ani), fost juc\u0103tor \u0219i antrenor la Dinamo, a analizat derby-ul cu FCSB.<\/li>\n<p>&#13;<br \/>\n&#13;<\/p>\n<li>Partida este programat\u0103 s\u00e2mb\u0103t\u0103, de la ora 20:30, \u0219i va fi \u00een format liveTEXT pe GOLAZO.ro \u0219i \u00een direct pe Digi Sport 1 \u0219i Prima Sport 1.<\/li>\n<p>&#13;\n<\/ul>\n<p><a id=\"google-source-button\" class=\"google-favorite\" target=\"_blank\" href=\"https:\/\/www.google.com\/preferences\/source?q=golazo.ro\" rel=\"nofollow noopener\"><\/p>\n<p>        <img loading=\"lazy\" decoding=\"async\" src=\"https:\/\/golazo.ro\/images\/google-logo.svg\" alt=\"\" width=\"24\" height=\"24\"\/><br \/>\n        <img loading=\"lazy\" decoding=\"async\" src=\"https:\/\/golazo.ro\/images\/check-icon-2.svg\" alt=\"\" width=\"24\" height=\"24\"\/><\/p>\n<p>    Adaug\u0103 GOLAZO.ro la favorite<\/p>\n<p><\/a><\/p>\n<p class=\"\">Campion cu Dinamo \u00een 2007, din postura de antrenor al \u201ec\u00e2inilor\u201d, Rednic sus\u021bine c\u0103 elevii antrena\u021bi de Nuno Campos (51 de ani) pornesc cu un avantaj, \u00een contextul situa\u021biei tensionate din tab\u0103ra rivalei.<\/p>\n<p>DINAMO &#8211; FCSB. Mircea Rednic: \u201eNu putem vorbi despre o echip\u0103 cu preten\u021bii\u201d<\/p>\n<p class=\"\">\u201eDinamo are un parcurs bun, se descurc\u0103 foarte bine cu echipele care le creeaz\u0103 spa\u021bii. A\u021bi v\u0103zut, punctele pierdute au fost cu forma\u021biile care s-au ap\u0103rat \u0219i s-au \u00eenchis foarte bine. <\/p>\n<p class=\"\">Vorbim aici de Petrolul, O\u021belul, Corvinul. Au probleme, pentru c\u0103 nu au juc\u0103tori care pot face diferen\u021ba unu contra unu \u0219i care au nevoie de culoare, spa\u021bii mai mari.<\/p>\n<p class=\"\">La ceea ce se \u00eent\u00e2mpl\u0103 la FCSB acum, nu putem vorbi despre o echip\u0103 cu preten\u021bii. Nu este organizare, juc\u0103tori care vin \u0219i care nu sunt nici de play-out.<\/p>\n<p class=\"\">Nu-i \u00een\u021beleg, ce gre\u0219eli se pot face acolo. Antrenorul nu are putere, autoritate \u0219i juc\u0103torii din ziua de azi cam profit\u0103 de situa\u021bia creat\u0103.<\/p>\n<p class=\"\">Nu se g\u00e2ndesc la faptul c\u0103 sunt la un club cu preten\u021bii, cu condi\u021bii foarte bune de toate felurile. Gigi Becali ofer\u0103 condi\u021bii \u0219i nici nu ar trebui s\u0103 fie antrenor acolo, spun asta \u00eentre ghilimele. Sunt antrenori \u0219i antrenori, unii se bucur\u0103 c\u0103 au aceast\u0103 \u0219ans\u0103.<\/p>\n<p class=\"\">Ca echip\u0103, FCSB nu prea a ar\u0103tat nimic, dar asta nu \u00eenseamn\u0103 c\u0103 Dinamo este c\u00e2\u0219tig\u0103toare. Sunt meciuri care pot schimba totul, la ce rivalitate este. <\/p>\n<p class=\"\">O s\u0103 fie un meci interesant, dar Dinamo s\u0103 nu cread\u0103 c\u0103 va avea un meci u\u0219or. Va fi un interes foarte mare pentru acest derby. Ambele echipe au \u0219anse, nu pot s\u0103 numesc o favorit\u0103. To\u021bi juc\u0103torii se mobilizeaz\u0103 \u0219i ui\u021bi de momentele proaste.<\/p>\n<p class=\"\">Normal c\u0103 eu \u00eemi doresc ca Dinamo s\u0103 c\u00e2\u0219tige, asta e clar\u201d, a declarat Mircea Rednic, citat de <a target=\"_blank\" href=\"https:\/\/www.digisport.ro\/fotbal\/liga-1\/mircea-rednic-inainte-de-dinamo-fcsb-nu-i-inteleg-ce-a-spus-despre-gigi-becali-4465037\" data-type=\"link\" data-id=\"https:\/\/www.digisport.ro\/fotbal\/liga-1\/mircea-rednic-inainte-de-dinamo-fcsb-nu-i-inteleg-ce-a-spus-despre-gigi-becali-4465037\" rel=\"nofollow noopener\">digisport.ro.<\/a><\/p>\n<p class=\"\">\u00cenaintea primului episod din \u201eDerby de Rom\u00e2nia\u201d din acest sezon, Dinamo este lider \u00een Superliga, cu 14 puncte.<\/p>\n<p class=\"\">De partea cealalt\u0103, FCSB ocup\u0103 locul 5, cu 11 puncte. Ro\u0219-alba\u0219trii vin dup\u0103 dou\u0103 \u00eenfr\u00e2ngeri consecutive \u00een Superliga: 0-1 cu CFR Cluj, respectiv 1-3 cu UTA Arad. <\/p>\n<p class=\"\">Forma\u021bia lui Marius Baciu a primit \u00eens\u0103 o adev\u0103rat\u0103 gur\u0103 de oxigen la mijlocul s\u0103pt\u0103m\u00e2nii, c\u00e2nd a \u00eenvins-o categoric pe FC Arge\u0219, scor 5-0, \u00een prima etap\u0103 a Cupei Rom\u00e2niei.<\/p>\n<p class=\"\">\u00centre timp, Gigi Becali a anun\u021bat ieri c\u0103 <a href=\"https:\/\/golazo.ro\/gigi-becalii-fcsb-denis-dragus-meriton-korenica-karlo-muhar-185178\" target=\"_blank\" rel=\"noreferrer noopener nofollow\">Denis Dr\u0103gu\u0219, Meriton Korenica \u0219i Karlo Muhar<\/a> au semnat cu FCSB.<\/p>\n<p>FOTO. Dinamo &#8211; FCSB 1-2, ultimul meci dintre cele dou\u0103 echipe<\/p>\n<p>    <img decoding=\"async\" src=\"https:\/\/www.europesays.com\/ro\/wp-content\/uploads\/2026\/09\/dinamo-fcsb-foto-raed-krishan-golazo-ro-2.jpeg\" alt=\"Dinamo - FCSB FOTO Raed Krishan - GOLAZO.ro .jpeg\" data-blur=\"https:\/\/www.europesays.com\/ro\/wp-content\/uploads\/2026\/09\/dinamo-fcsb-foto-raed-krishan-golazo-ro-2.jpeg\" width=\"684\" height=\"456\" class=\"blur\" loading=\"lazy\"\/><\/p>\n<p>            <img decoding=\"async\" src=\"https:\/\/www.europesays.com\/ro\/wp-content\/uploads\/2026\/09\/1788525255_658_dinamo-fcsb-foto-raed-krishan-golazo-ro-2.jpeg\" loading=\"lazy\" alt=\"Dinamo - FCSB FOTO Raed Krishan - GOLAZO.ro .jpeg\" width=\"684\" height=\"456\"\/><\/p>\n<p>        Galerie foto (50 imagini)<\/p>\n<p>                    <a href=\"https:\/\/golazo.ro\/dinamo-fcsb-foto-raed-krishan-golazoro-175720-g1?articleSource=185258\" class=\"gallery-link\" aria-label=\"Show gallery\" rel=\"nofollow noopener\" target=\"_blank\"><\/p>\n<p>                +50 Foto<br \/>\n            <\/a><\/p>\n<p>    <a href=\"https:\/\/golazo.ro\/dinamo-fcsb-foto-raed-krishan-golazoro-175720-g1\/dinamo-fcsb-foto-raed-krishan-golazoro-jpeg-441167?articleSource=185258\" class=\"link\" rel=\"nofollow noopener\" target=\"_blank\">labels.photo-gallery<\/a><\/p>\n<p>Cite\u0219te \u0219i<\/p>\n<p>VIDEO: cele mai noi imagini din sport<\/p>\n","protected":false},"excerpt":{"rendered":"&#13; Mircea Rednic (64 de ani), fost juc\u0103tor \u0219i antrenor la Dinamo, a analizat derby-ul cu FCSB. &#13;&hellip;\n","protected":false},"author":2,"featured_media":287910,"comment_status":"","ping_status":"","sticky":false,"template":"","format":"standard","meta":{"footnotes":"","_share_on_mastodon":"0"},"categories":[20],"tags":[49,269,2736,41,40,38,39,185,184,55],"class_list":["post-287909","post","type-post","status-publish","format-standard","has-post-thumbnail","category-sport","tag-dinamo","tag-fcsb","tag-mircea-rednic","tag-ro","tag-romana","tag-romania","tag-romanian","tag-sport","tag-sports","tag-superliga"],"share_on_mastodon":{"url":"https:\/\/pubeurope.com\/@ro\/117212798927803144","error":""},"_links":{"self":[{"href":"https:\/\/www.europesays.com\/ro\/wp-json\/wp\/v2\/posts\/287909","targetHints":{"allow":["GET"]}}],"collection":[{"href":"https:\/\/www.europesays.com\/ro\/wp-json\/wp\/v2\/posts"}],"about":[{"href":"https:\/\/www.europesays.com\/ro\/wp-json\/wp\/v2\/types\/post"}],"author":[{"embeddable":true,"href":"https:\/\/www.europesays.com\/ro\/wp-json\/wp\/v2\/users\/2"}],"replies":[{"embeddable":true,"href":"https:\/\/www.europesays.com\/ro\/wp-json\/wp\/v2\/comments?post=287909"}],"version-history":[{"count":0,"href":"https:\/\/www.europesays.com\/ro\/wp-json\/wp\/v2\/posts\/287909\/revisions"}],"wp:featuredmedia":[{"embeddable":true,"href":"https:\/\/www.europesays.com\/ro\/wp-json\/wp\/v2\/media\/287910"}],"wp:attachment":[{"href":"https:\/\/www.europesays.com\/ro\/wp-json\/wp\/v2\/media?parent=287909"}],"wp:term":[{"taxonomy":"category","embeddable":true,"href":"https:\/\/www.europesays.com\/ro\/wp-json\/wp\/v2\/categories?post=287909"},{"taxonomy":"post_tag","embeddable":true,"href":"https:\/\/www.europesays.com\/ro\/wp-json\/wp\/v2\/tags?post=287909"}],"curies":[{"name":"wp","href":"https:\/\/api.w.org\/{rel}","templated":true}]}}