{"id":287925,"date":"2026-09-04T12:48:11","date_gmt":"2026-09-04T12:48:11","guid":{"rendered":"https:\/\/www.europesays.com\/ro\/287925\/"},"modified":"2026-09-04T12:48:11","modified_gmt":"2026-09-04T12:48:11","slug":"s-a-terminat-telenovela-jovo-lukic-la-fcsb","status":"publish","type":"post","link":"https:\/\/www.europesays.com\/ro\/287925\/","title":{"rendered":"S-a terminat \u201dtelenovela\u201d Jovo Lukic la FCSB!"},"content":{"rendered":"\n<ul class=\"bullets\">\n<li>\n<p>SuperLiga: CFR &#8211; Farul, vineri, 20:30, DGS 1<\/p>\n<\/li>\n<li>\n<p>Liga 2: Slatina &#8211; Chindia, vineri, 17:30, DGS 1<\/p>\n<\/li>\n<\/ul>\n<p><a href=\"https:\/\/www.digisport.ro\/fotbal\/liga-1\/gigi-becali-baga-mana-adanc-in-buzunar-transfer-jovo-lukic-4463311\" target=\"_blank\" rel=\"noopener nofollow\" data-skip-linkfix=\"1\">\u021ainta omului de afaceri este Jovo Lukic<\/a> (27 de ani) de la \u201dU\u201d Cluj, golgheterul SuperLigii din sezonul trecut, pentru care ardelenii cer trei milioane de euro pentru orice echip\u0103 care vrea s\u0103 \u00eel transfere.<\/p>\n<p>Jovo Lukic nu va ajunge la FCSB! Diferen\u021b\u0103 de un milion de euro \u00eentre cerere \u0219i ofert\u0103<\/p>\n<p>Dup\u0103 ce a reu\u0219it s\u0103 dea trei lovituri pe final de mercato, Gigi Becali a dat \u0219i un rateu. Concret, perioada de mercato la \u201dU\u201d Cluj s-ar fi \u00eencheiat, noteaz\u0103 <a href=\"https:\/\/www.fanatik.ro\/jovo-lukic-ramane-la-u-cluj-gigi-becali-lovit-de-decizia-surprinzatoare-a-ardelenilor-mercato-inchis-21536625\" target=\"_blank\" rel=\"noopener nofollow\" data-skip-linkfix=\"1\">fanatik<\/a>.<\/p>\n<p>  <img decoding=\"async\" data-skip-htmlfix=\"1\" src=\"https:\/\/www.europesays.com\/ro\/wp-content\/uploads\/2026\/09\/c2g9YmM3Nzg3NDE0M2YzMGI3MzlhMzFiMWI5ZTNlY2E0ZmM=.thumb.jpg\" alt=\"nfsbih_official_1781293917_3918099811534637111_52092009781\"\/>   Jovo Lukic, la Cupa Mondial\u0103 \/ Foto: Instagram @nfsbih_official_  <\/p>\n<p>Acest lucru \u00eenseamn\u0103 c\u0103 lotul lui \u201dU\u201d Cluj este, \u00een mare parte, definitivat. Singura excep\u021bie ar putea fi funda\u0219ul Cisse, care are \u0219anse s\u0103 se despart\u0103 de echip\u0103 \u00een perioada urm\u0103toare.<\/p>\n<p>Singura modalitate prin care FCSB \u00eel poate transfera pe Jovo Lukic este s\u0103 pl\u0103teasc\u0103 suma de 3 milioane de euro, \u00eens\u0103 Gigi Becali a anun\u021bat \u00een cursul zilei de vineri, 4 septembrie, c\u0103 nu va pl\u0103ti mai mult de dou\u0103 milioane de euro pentru bosniac.<\/p>\n<p>\u201dMai a\u0219tept un atacant. Studiem, mai vedem. Pentru Lukic am zis 1,5 milioane, apoi dou\u0103 milioane. Dac\u0103 nu vor, n-am ce s\u0103 le fac. Dac\u0103 ar fi vrut, \u00eemi d\u0103deau vorb\u0103\u201d, a spus Gigi Becali.<\/p>\n<p>A\u0219adar, dac\u0103 nu va ap\u0103rea ceva neprev\u0103zut, adic\u0103 Gigi Becali s\u0103 m\u0103reasc\u0103 oferta cu un milion de euro, lucru pu\u021bin probabil, Jovo Lukic va r\u0103m\u00e2ne la \u201dU\u201d Cluj, acolo unde a spus c\u0103 este fericit \u0219i <a href=\"https:\/\/www.digisport.ro\/fotbal\/cupa-romaniei\/dorit-de-gigi-becali-la-fcsb-jovo-lukic-a-venit-la-microfon-si-a-facut-anuntul-4462793\" target=\"_blank\" rel=\"noopener nofollow\" data-skip-linkfix=\"1\">nu vrea neap\u0103rat s\u0103 plece<\/a>.<\/p>\n<p>Cifrele lui Jovo Lukic la \u201dU\u201d Cluj<\/p>\n<p>Clubul ardelean l-a transferat gratis \u00een vara lui 2025 pe Jovo Lukic, dup\u0103 un sezon modest al bosniacului la Universitatea Craiova, cu doar dou\u0103 goluri marcate \u00een 31 de apari\u021bii.<\/p>\n<p>La \u201dU\u201d Cluj, Jovo Lukic a \u201dexplodat\u201d \u0219i a reu\u0219it s\u0103 puncteze de 20 de ori \u00een 39 de apari\u021bii \u00een toate competi\u021biile. 18 goluri au fost marcate \u00een SuperLig\u0103 \u0219i bosniacul a c\u00e2\u0219tigat titlul de golgheter al campionatului.<\/p>\n<p>Jovo Lukic a continuat evolu\u021biile solide \u0219i \u00een acest sezon, \u00een care a reu\u0219it deja s\u0103 marcheze de patru ori, \u00een \u0219ase apari\u021bii pentru \u201dU\u201d Cluj.<\/p>\n<p>Bosniacul a evoluat mai pu\u021bin \u00een acest start de campanie, mai \u00eent\u00e2i pentru c\u0103 s-a \u00eentors mai t\u00e2rziu la echip\u0103, pentru c\u0103 a participat la Cupa Mondial\u0103, apoi pentru c\u0103 au existat discu\u021bii pentru un transfer \u00een Egipt, la Pyramids, dar mutarea a picat.<\/p>\n<p>Rezumat video FC Arge\u0219 &#8211; FCSB 0-5VIDEO Rezumat FC Arge\u0219 &#8211; FCSB 0-5, \u00een prima etap\u0103 din faza grupelor la Cupa Rom\u00e2niei   <\/p>\n<p>  Etichete:  <a href=\"https:\/\/www.digisport.ro\/eticheta\/transfer\" rel=\"nofollow noopener\" target=\"_blank\">transfer<\/a> , <a href=\"https:\/\/www.digisport.ro\/eticheta\/gigi-becali\" rel=\"nofollow noopener\" target=\"_blank\">gigi becali<\/a> , <a href=\"https:\/\/www.digisport.ro\/eticheta\/mercato\" rel=\"nofollow noopener\" target=\"_blank\">mercato<\/a> , <a href=\"https:\/\/www.digisport.ro\/eticheta\/jovo-lukic\" rel=\"nofollow noopener\" target=\"_blank\">jovo lukic<\/a>   <\/p>\n<p>Urm\u0103re\u0219te \u0219tirile digisport.ro \u0219i pe <a href=\"https:\/\/news.google.com\/publications\/CAAiENr1L9HFNMG5hpp5zTfVtpsqFAgKIhDa9S_RxTTBuYaaec031bab?ceid=RO:ro&amp;oc=3\" target=\"_blank\" rel=\"external nofollow noopener\">Google News<\/a><\/p>\n<p>   Noua Aplica\u0163ie Digi Sport poate fi desc\u0103rcat\u0103 din   <\/p>\n","protected":false},"excerpt":{"rendered":"SuperLiga: CFR &#8211; Farul, vineri, 20:30, DGS 1 Liga 2: Slatina &#8211; Chindia, vineri, 17:30, DGS 1 \u021ainta&hellip;\n","protected":false},"author":2,"featured_media":287926,"comment_status":"","ping_status":"","sticky":false,"template":"","format":"standard","meta":{"footnotes":"","_share_on_mastodon":"0"},"categories":[20],"tags":[196,19378,7119,41,40,38,39,185,184,379],"class_list":["post-287925","post","type-post","status-publish","format-standard","has-post-thumbnail","category-sport","tag-gigi-becali","tag-jovo-lukic","tag-mercato","tag-ro","tag-romana","tag-romania","tag-romanian","tag-sport","tag-sports","tag-transfer"],"share_on_mastodon":{"url":"https:\/\/pubeurope.com\/@ro\/117212853621379530","error":""},"_links":{"self":[{"href":"https:\/\/www.europesays.com\/ro\/wp-json\/wp\/v2\/posts\/287925","targetHints":{"allow":["GET"]}}],"collection":[{"href":"https:\/\/www.europesays.com\/ro\/wp-json\/wp\/v2\/posts"}],"about":[{"href":"https:\/\/www.europesays.com\/ro\/wp-json\/wp\/v2\/types\/post"}],"author":[{"embeddable":true,"href":"https:\/\/www.europesays.com\/ro\/wp-json\/wp\/v2\/users\/2"}],"replies":[{"embeddable":true,"href":"https:\/\/www.europesays.com\/ro\/wp-json\/wp\/v2\/comments?post=287925"}],"version-history":[{"count":0,"href":"https:\/\/www.europesays.com\/ro\/wp-json\/wp\/v2\/posts\/287925\/revisions"}],"wp:featuredmedia":[{"embeddable":true,"href":"https:\/\/www.europesays.com\/ro\/wp-json\/wp\/v2\/media\/287926"}],"wp:attachment":[{"href":"https:\/\/www.europesays.com\/ro\/wp-json\/wp\/v2\/media?parent=287925"}],"wp:term":[{"taxonomy":"category","embeddable":true,"href":"https:\/\/www.europesays.com\/ro\/wp-json\/wp\/v2\/categories?post=287925"},{"taxonomy":"post_tag","embeddable":true,"href":"https:\/\/www.europesays.com\/ro\/wp-json\/wp\/v2\/tags?post=287925"}],"curies":[{"name":"wp","href":"https:\/\/api.w.org\/{rel}","templated":true}]}}