{"id":287977,"date":"2026-09-04T13:39:20","date_gmt":"2026-09-04T13:39:20","guid":{"rendered":"https:\/\/www.europesays.com\/ro\/287977\/"},"modified":"2026-09-04T13:39:20","modified_gmt":"2026-09-04T13:39:20","slug":"cum-arata-companion-to-ai-living-in-realitate-am-explorat-samsung-connect-2026-la-berlin-casa-in-care-ai-ul-conecteaza-totul","status":"publish","type":"post","link":"https:\/\/www.europesays.com\/ro\/287977\/","title":{"rendered":"Cum arat\u0103 \u201eCompanion to AI Living\u201d \u00een realitate? Am explorat Samsung Connect 2026 la Berlin, casa \u00een care AI-ul conecteaz\u0103 totul"},"content":{"rendered":"<p>Dac\u0103 ai urm\u0103rit Mobilissimo.ro pe re\u021belele de socializare la \u00eenceputul lunii septembrie, probabil \u0219tii deja c\u0103 am petrecut c\u00e2teva zile la Berlin, principalul motiv fiind participarea la\u00a0<a href=\"https:\/\/www.mobilissimo.ro\/articole-diverse\/am-fost-la-samsung-connect-inainte-de-ifa-2026-ce-s-a-anuntat-pe-scena-din-berlin\" rel=\"nofollow noopener\" target=\"_blank\">Samsung Connect 2026<\/a>, un eveniment cu o abordare diferit\u0103 \u00een contextul IFA Berlin din acest an. \u00cen locul clasicului stand de la Messe pe care \u00eel vizitam \u00een fiecare an, Samsung m-a invitat\u00a0 direct \u00een &#8222;casa&#8221; sa, una ultratehnologizat\u0103 \u00een care am descoperit cum AI-ul transform\u0103 \u00een realitate stilul de via\u021b\u0103 al viitorului.<\/p>\n<p>Mi-a pl\u0103cut tare mult abordarea aceasta de demonstra\u021bie\u00a0a modului \u00een care compania vede casa conectat\u0103, o schimbare de la clasicul stand unde erau adunate telefoane, televizoare \u0219i electrocasnice. Evenimentul despre care v\u0103 povestesc a avut loc pe data de 2 septembrie, u\u0219ile expozi\u021biei din Humboldt Carr\u00e9, Berlin, fiind deschise de la ora 16:00. Am fost printre primii ajun\u0219i la fa\u021ba locului \u0219i am participat la un beta-test de scanare a badge-ului electronic de participare, unde fetele de la intrare au primit indica\u021bii legat de modul de scanare.<\/p>\n<p style=\"text-align:center\"><a href=\"https:\/\/www.mobilissimo.ro\/imgs\/uploaded\/images\/Samsung\/Photo 02-09-2026%2C 15 30 45.jpg\" target=\"_blank\" rel=\"nofollow noopener\"><img decoding=\"async\" alt=\"Samsung \" src=\"https:\/\/www.europesays.com\/ro\/wp-content\/uploads\/2026\/09\/Photo 02-09-2026, 15 30 45.jpg\" style=\"height:650px; width:366px\"\/><\/a><\/p>\n<p>Decorul a fost unul de poveste, cu voaluri colorate \u0219i iluminate de LED-uri, iar pentru un moment am avut impresia c\u0103 am venit la un bal, c\u0103 am nimerit \u00eentr-un palat \u0219i nu la un eveniment de pres\u0103. Spa\u021biul era atent construit pentru a m\u0103 conduce dintr-un scenariu \u00een altul. Samsung Connect este deschis \u00eentre 2 \u0219i 6 septembrie \u0219i ilustreaz\u0103 viziunea companiei \u201eCompanion to AI Living\u201d.<\/p>\n<p>Am avut aproape dou\u0103 ore la dispozi\u021bie \u00eenaintea conferin\u021bei de pres\u0103 programate pentru ora 18:00, suficient c\u00e2t s\u0103 parcurg zonele expozi\u021bionale, s\u0103 discut cu reprezentan\u021bii Samsung \u0219i s\u0103 testez o parte dintre produse. \u00cen tot acest timp am urm\u0103rit mai ales felul \u00een care SmartThings \u0219i AI-ul leag\u0103 diferitele categorii de produse Samsung.<\/p>\n<p>De la Connected Living la o cas\u0103 \u00een care dispozitivele comunic\u0103 \u00eentre ele<\/p>\n<p>Traseul \u00eencepea logic cu zona Connected Living, funda\u021bia ecosistemului. Aici am descoperit ce \u00eencearc\u0103 Samsung s\u0103 transmit\u0103 prin \u00eentregul eveniment: telefonul, televizorul, dispozitivele purtabile \u0219i electrocasnicele nu mai sunt prezentate ca insule separate, ci drept componente ale aceleia\u0219i experien\u021be SmartThings.<\/p>\n<p class=\"photoGallery\"><a class=\"ui-action-gallery-overlay\" data-photo-gallery-id=\"15809\"><img class=\"articleGalleryPreviewImage\" src=\"https:\/\/www.europesays.com\/ro\/wp-content\/uploads\/2026\/09\/6a991768b0b2e.jpg\" alt=\"Samsung Connect - IFA 2026 (galerie)\" width=\"2000\" height=\"1125\" loading=\"lazy\" decoding=\"async\"\/>Samsung Connect &#8211; IFA 2026 (galerie)<\/a><\/p>\n<p>Zonele urm\u0103toare dezvoltau aceast\u0103 idee \u00een direc\u021bii diferite. Connect AI to Entertainment punea accent pe televizoare, monitoare, gaming \u0219i experien\u021be media asistate de AI, Connect AI to Care pe wellness, monitorizare \u0219i family care, iar Connect AI to Home muta discu\u021bia spre electrocasnice \u0219i administrarea inteligent\u0103 a locuin\u021bei.<\/p>\n<blockquote>\n<p>\u201eAI ar trebui s\u0103 ofere beneficii tangibile pe care oamenii s\u0103 le poat\u0103 vedea \u0219i experimenta \u00een via\u021ba de zi cu zi.&#8221;<\/p>\n<\/blockquote>\n<p style=\"text-align:center\">(Benjamin Braun, Chief Marketing Officer la Samsung Europa).<\/p>\n<p>Connected Lifestyle \u00eenchidea traseul prin personalizare \u0219i modul \u00een care dispozitivele se adapteaz\u0103 utilizatorului. Mi-a pl\u0103cut c\u0103 spa\u021biul nu se limita la demonstra\u021bii abstracte despre AI: fiecare zon\u0103 te aducea \u00een fa\u021ba unor produse \u0219i scenarii concrete de utilizare. De aici \u00eencepe, de fapt, partea mai interesant\u0103 a turului: ce a adus Samsung nou la Berlin.<\/p>\n<p>Micro RGB, Vision AI Companion \u0219i monitoare Odyssey\u00a0<\/p>\n<p>Zona de divertisment a avut o greutate aparte \u00een cadrul Samsung Connect, iar contextul explic\u0103 de ce. Samsung spune c\u0103 ocup\u0103 de 20 de ani consecutivi prima pozi\u021bie pe pia\u021ba global\u0103 de televizoare, iar la Berlin a adus o parte dintre tehnologiile prin care \u00eencearc\u0103 s\u0103 continue aceast\u0103 serie.<\/p>\n<p style=\"text-align:center\"><a href=\"https:\/\/www.europesays.com\/ro\/wp-content\/uploads\/2026\/09\/s1(1).jpg\" target=\"_blank\"><img decoding=\"async\" alt=\"Micro RGB\" src=\"https:\/\/www.europesays.com\/ro\/wp-content\/uploads\/2026\/09\/s1(1).jpg\" style=\"height:351px; width:592px\"\/><\/a><\/p>\n<p>\u00cen prim-plan s-au aflat Micro RGB \u0219i Vision AI Companion, al\u0103turi de experien\u021bele conectate prin SmartThings. Vision AI Companion aduce AI conversa\u021bional pe televizoarele Samsung din gama 2026, cu recomand\u0103ri \u0219i informa\u021bii contextuale afi\u0219ate \u00een timpul vizion\u0103rii. Pe fiecare panou din dreptul produselor prezentate am avut informa\u021bii despre tehnologiile AI pe care le integreaz\u0103.\u00a0<\/p>\n<p style=\"text-align:center\"><a href=\"https:\/\/www.mobilissimo.ro\/imgs\/uploaded\/images\/Samsung\/Photo 02-09-2026%2C 17 08 00.jpg\" target=\"_blank\" rel=\"nofollow noopener\"><img decoding=\"async\" alt=\"Samsung\" src=\"https:\/\/www.europesays.com\/ro\/wp-content\/uploads\/2026\/09\/Photo 02-09-2026, 17 08 00.jpg\" style=\"height:333px; width:592px\"\/><\/a><\/p>\n<p>Pe partea de gaming au fost expuse c\u00e2teva modele Odyssey care atrag aten\u021bia \u0219i f\u0103r\u0103 prea mult\u0103 introducere. G75SJ este un OLED curbat de 42 inch cu rezolu\u021bie 4K, \u00een timp ce G60H de 27 inch urc\u0103 rata de refresh p\u00e2n\u0103 la 1100 Hz. \u00cen aceea\u0219i zon\u0103 se afla Odyssey OLED G9 de 49 inch, DQHD \u0219i 360 Hz, iar pentru o scurt\u0103 clip\u0103 m-am imaginat pe 19 noiembrie \u00een fa\u021ba lui, cu GTA 6 rul\u00e2nd.<\/p>\n<p>AI-ul ajunge \u0219i la ma\u0219ina de sp\u0103lat \u0219i la frigider<\/p>\n<p>\u00cen zona dedicat\u0103 casei am g\u0103sit \u0219i noile ma\u0219ini de sp\u0103lat\u00a0Bespoke AI Washer. Modelul de 10 kg este prezentat cu un consum de energie cu p\u00e2n\u0103 la 70% sub pragul minim necesar clasei A \u00een Europa, conform testelor interne Samsung, iar varianta de 13 kg folose\u0219te SpaceMax pentru a p\u0103stra o ad\u00e2ncime standard de 600 mm \u00een ciuda capacit\u0103\u021bii mai mari.<\/p>\n<p style=\"text-align:center\"><a href=\"https:\/\/www.mobilissimo.ro\/imgs\/uploaded\/images\/Samsung\/Photo 02-09-2026%2C 17 02 53.jpg\" target=\"_blank\" rel=\"nofollow noopener\"><img decoding=\"async\" alt=\"Samsung\" src=\"https:\/\/www.europesays.com\/ro\/wp-content\/uploads\/2026\/09\/Photo 02-09-2026, 17 02 53.jpg\" style=\"height:333px; width:592px\"\/><\/a><\/p>\n<p>Samsung a prezentat anterior \u0219i folosirea Google Gemini pentru AI Vision pe Family Hub, o pies\u0103 important\u0103 din strategia prin care frigiderul devine mai mult dec\u00e2t un aparat cu un ecran mare pe u\u0219\u0103.<\/p>\n<p>Galaxy S26 FE \u0219i GalaxyBook6 completeaz\u0103 ecosistemul<\/p>\n<p>Pentru mine, una dintre opririle importante ale turului a fost zona Galaxy, unde am avut ocazia s\u0103 fiu printre primii care au pus m\u00e2na pe Samsung Galaxy S26 FE. Telefonul vine direct cu Android 17 \u0219i One UI 9, iar experien\u021ba mea cu el am detaliat-o separat \u00een <a href=\"https:\/\/www.mobilissimo.ro\/stiri-telefoane\/am-pus-mana-pe-samsung-galaxy-s26-fe-la-berlin-primul-galaxy-cu-android-17-din-fabrica\" target=\"_blank\" rel=\"nofollow noopener\">hands-on-ul<\/a> realizat la Berlin.<\/p>\n<p>Galaxy S26 FE este \u0219i un exemplu potrivit pentru direc\u021bia Samsung de la IFA: func\u021biile Galaxy AI ajung \u0219i pe modelul FE, \u00eentr-un ecosistem \u00een care AI-ul apare pe telefon, televizor, wearables \u0219i electrocasnice.<\/p>\n<p style=\"text-align:center\"><a href=\"https:\/\/www.mobilissimo.ro\/imgs\/uploaded\/images\/Samsung\/Photo 02-09-2026%2C 16 59 04.jpg\" target=\"_blank\" rel=\"nofollow noopener\"><img decoding=\"async\" alt=\"Samsung\" src=\"https:\/\/www.europesays.com\/ro\/wp-content\/uploads\/2026\/09\/Photo 02-09-2026, 16 59 04.jpg\" style=\"height:396px; width:592px\"\/><\/a><\/p>\n<p>De asemenea, \u00een aceea\u0219i zon\u0103 am g\u0103sit Galaxy Book6 de 14 inch, un model prin care Samsung extinde seria spre o zon\u0103 mai accesibil\u0103. Laptopul promite p\u00e2n\u0103 la 25 de ore de autonomie, folose\u0219te procesoare Intel Core 3 sau Core 5 \u0219i include func\u021bii Galaxy AI. Mi s-a p\u0103rut o prezen\u021b\u0103 fireasc\u0103 \u00een Samsung Connect tocmai pentru c\u0103 duce ecosistemul dincolo de telefon \u0219i wearables, spre PC \u0219i continuitatea dintre dispozitive.<\/p>\n<p>Impresii\u00a0<\/p>\n<p>La ora 18:00, conferin\u021ba de pres\u0103 a legat toate aceste demonstra\u021bii de produsele pe care Samsung le-a adus \u00een prim plan la IFA 2026: Galaxy S26 FE, wearables, Micro RGB \u0219i Vision AI Companion, noile monitoare Odyssey, ma\u0219inile de sp\u0103lat Bespoke AI \u0219i evolu\u021bia Family Hub.<\/p>\n<p>Dup\u0103 aproape dou\u0103 ore petrecute prin Samsung Connect, am apreciat mai ales felul \u00een care AI-ul a fost integrat \u00een experien\u021bele prezentate. Nu am avut senza\u021bia c\u0103 fiecare produs trebuie s\u0103-\u021bi aminteasc\u0103 permanent c\u0103 folose\u0219te inteligen\u021b\u0103 artificial\u0103, iar asta conteaz\u0103 \u00eentr-o perioad\u0103 \u00een care AI-ul poate deveni obositor atunci c\u00e2nd este \u00eempins \u00een orice func\u021bie. \u00cel g\u0103se\u0219ti \u00een televizoare, electrocasnice, telefon sau zona de wellness, dar tu alegi unde \u0219i c\u00e2t vrei s\u0103 profi\u021bi de el.<\/p>\n<p style=\"text-align:center\"><a href=\"https:\/\/www.europesays.com\/ro\/wp-content\/uploads\/2026\/09\/43.jpg\" target=\"_blank\"><img decoding=\"async\" alt=\"Samsung Connect\" src=\"https:\/\/www.europesays.com\/ro\/wp-content\/uploads\/2026\/09\/43.jpg\" style=\"height:333px; width:592px\"\/><\/a><\/p>\n<p>Mi-a pl\u0103cut \u00een schimb foarte mult formatul acestei expozi\u021bii. La multe dintre evenimentele IFA sau MWC la care particip, startul se d\u0103 cu o conferin\u021b\u0103 de pres\u0103 de cel pu\u021bin o or\u0103, dup\u0103 care jurnali\u0219tii se \u00eendreapt\u0103 aproape simultan spre zonele de hands-on. \u0218tim cum arat\u0103 urm\u0103toarele minute: aglomera\u021bie, timp limitat cu produsele \u0219i \u00eencercarea de a ajunge de la o demonstra\u021bie la alta.<\/p>\n<p>La Berlin, Samsung a inversat ordinea. Am avut aproape dou\u0103 ore s\u0103 explorez spa\u021biul \u00een ritmul meu, s\u0103 testez produse \u0219i s\u0103 discut cu reprezentan\u021bii companiei, f\u0103r\u0103 presiunea de a ajunge primul la urm\u0103toarea demonstra\u021bie. C\u00e2nd am luat loc la conferin\u021ba de la ora 18:00, v\u0103zusem \u0219i testasem deja o bun\u0103 parte dintre produsele despre care urma s\u0103 se vorbeasc\u0103. Pentru mine, acesta a fost unul dintre cele mai reu\u0219ite aspecte ale Samsung Connect 2026.<\/p>\n<p>NO COMMENT: Samsung Connect 2026, tur prin casa AI de la Berlin cu SmartThings \u0219i Galaxy S26 FE<\/p>\n","protected":false},"excerpt":{"rendered":"Dac\u0103 ai urm\u0103rit Mobilissimo.ro pe re\u021belele de socializare la \u00eenceputul lunii septembrie, probabil \u0219tii deja c\u0103 am petrecut&hellip;\n","protected":false},"author":2,"featured_media":287978,"comment_status":"","ping_status":"","sticky":false,"template":"","format":"standard","meta":{"footnotes":"","_share_on_mastodon":"0"},"categories":[16],"tags":[1129,274,32469,78720,15939,12231,79240,37044,78314,44771,4681,15793,51340,79241,179,158,25258,2211,28759,41,40,38,39,163,64220,3069,141,124,15309,79239,33004],"class_list":["post-287977","post","type-post","status-publish","format-standard","has-post-thumbnail","category-tehnologie","tag-ai","tag-android","tag-android-17","tag-bespoke-ai","tag-electrocasnice","tag-evenimente","tag-family-hub","tag-galaxy-ai","tag-galaxy-book6","tag-galaxy-s26-fe","tag-gaming","tag-gta-6","tag-ifa","tag-intel-core","tag-inteligenta-artificiala","tag-laptop","tag-micro-rgb","tag-monitoare","tag-odyssey","tag-ro","tag-romana","tag-romania","tag-romanian","tag-samsung","tag-smart-living","tag-smartthings","tag-technology","tag-tehnologie","tag-televizoare","tag-vision-ai-companion","tag-wearables"],"share_on_mastodon":{"url":"https:\/\/pubeurope.com\/@ro\/117213054309470782","error":""},"_links":{"self":[{"href":"https:\/\/www.europesays.com\/ro\/wp-json\/wp\/v2\/posts\/287977","targetHints":{"allow":["GET"]}}],"collection":[{"href":"https:\/\/www.europesays.com\/ro\/wp-json\/wp\/v2\/posts"}],"about":[{"href":"https:\/\/www.europesays.com\/ro\/wp-json\/wp\/v2\/types\/post"}],"author":[{"embeddable":true,"href":"https:\/\/www.europesays.com\/ro\/wp-json\/wp\/v2\/users\/2"}],"replies":[{"embeddable":true,"href":"https:\/\/www.europesays.com\/ro\/wp-json\/wp\/v2\/comments?post=287977"}],"version-history":[{"count":0,"href":"https:\/\/www.europesays.com\/ro\/wp-json\/wp\/v2\/posts\/287977\/revisions"}],"wp:featuredmedia":[{"embeddable":true,"href":"https:\/\/www.europesays.com\/ro\/wp-json\/wp\/v2\/media\/287978"}],"wp:attachment":[{"href":"https:\/\/www.europesays.com\/ro\/wp-json\/wp\/v2\/media?parent=287977"}],"wp:term":[{"taxonomy":"category","embeddable":true,"href":"https:\/\/www.europesays.com\/ro\/wp-json\/wp\/v2\/categories?post=287977"},{"taxonomy":"post_tag","embeddable":true,"href":"https:\/\/www.europesays.com\/ro\/wp-json\/wp\/v2\/tags?post=287977"}],"curies":[{"name":"wp","href":"https:\/\/api.w.org\/{rel}","templated":true}]}}