{"id":287983,"date":"2026-09-04T13:46:09","date_gmt":"2026-09-04T13:46:09","guid":{"rendered":"https:\/\/www.europesays.com\/ro\/287983\/"},"modified":"2026-09-04T13:46:09","modified_gmt":"2026-09-04T13:46:09","slug":"apple-ar-pregati-un-macbook-oled-mai-ieftin-cu-ecran-tactil-si-fara-notch","status":"publish","type":"post","link":"https:\/\/www.europesays.com\/ro\/287983\/","title":{"rendered":"Apple ar preg\u0103ti un MacBook OLED mai ieftin, cu ecran tactil \u0219i f\u0103r\u0103 notch"},"content":{"rendered":"<p class=\"wp-block-paragraph\">Apple ar putea lansa spre finalul anului 2028 sau \u00eenceputul lui 2029 un nou MacBook cu ecran tactil OLED, potrivit unui program de lans\u0103ri <a href=\"https:\/\/omdiaevents.com\/china-display-conference\/\" target=\"_blank\" rel=\"noreferrer noopener nofollow\">atribuit anali\u0219tilor Omdia<\/a>. Modelul nu a fost confirmat de companie \u0219i ar urma s\u0103 fie pozi\u021bionat \u00eentre MacBook Air \u0219i versiunile mai scumpe de MacBook Pro. Noul MacBook OLED ar putea deveni o alternativ\u0103 mai accesibil\u0103 la modelele Pro cu panou tandem OLED. Sursa vorbe\u0219te despre un ecran de aproximativ 13,6 sau 13,8\u201d.<\/p>\n<p>Un MacBook OLED f\u0103r\u0103 notch<\/p>\n<p class=\"wp-block-paragraph\">Pe l\u00e2ng\u0103 ecranul tactil, modelul ar putea folosi o camer\u0103 web ascuns\u0103 sub panelul OLED. Aceast\u0103 solu\u021bie ar elimina at\u00e2t notch-ul, c\u00e2t \u0219i decupajul circular folosit pentru amplasarea camerei pe unele laptopuri. Dispozitivul ar putea fi un nou MacBook ultrau\u0219or, nu doar o versiune mai ieftin\u0103 a MacBook Pro. Programul de lans\u0103ri nu indic\u0103 \u00eens\u0103 procesorul, configura\u021biile de memorie, rezolu\u021bia display-ului sau pre\u021bul anticipat.<\/p>\n<p class=\"wp-block-paragraph\">Panelul apare \u00een document cu o structur\u0103 \u201eHybrid OLED\u201d \u0219i un singur strat RGB, diferit\u0103 de configura\u021bia tandem OLED prev\u0103zut\u0103 pentru modelele superioare. \u00centr-un panel tandem, dou\u0103 straturi OLED sunt suprapuse pentru a cre\u0219te luminozitatea \u0219i a \u00eembun\u0103t\u0103\u021bi eficien\u021ba \u0219i durata de utilizare. Acest tip de panel este deja folosit pe iPad Pro.<\/p>\n<p>MacBook Air ar r\u0103m\u00e2ne la ecran LCD<\/p>\n<p class=\"wp-block-paragraph\">MacBook Air nu ar urma s\u0103 primeasc\u0103 un display OLED \u00een aceast\u0103 perioad\u0103. Potrivit informa\u021biilor atribuite Omdia, Apple inten\u021bioneaz\u0103 s\u0103 p\u0103streze LCD-urile pe aceast\u0103 gam\u0103 cel pu\u021bin p\u00e2n\u0103 \u00een 2030. Separarea ar permite companiei s\u0103 men\u021bin\u0103 o diferen\u021b\u0103 mai clar\u0103 \u00eentre MacBook Air, noul model OLED \u0219i MacBook Pro.<\/p>\n<p>Ce se \u00eent\u00e2mpl\u0103 cu MacBook Pro \u0219i MacBook Ultra<\/p>\n<p class=\"wp-block-paragraph\">Modelele MacBook Pro cu display Mini-LED ar putea r\u0103m\u00e2ne \u00een ofert\u0103 cel pu\u021bin p\u00e2n\u0103 \u00een 2028, \u00een paralel cu variantele OLED. Paneluri tandem OLED de 14,3 \u0219i 16,3 inci sunt men\u021bionate \u00een programul de lans\u0103ri, \u0219i ar putea acoperi 95% din spa\u021biul de culoare BT.2020.<\/p>\n<p class=\"wp-block-paragraph\">Aceste ecrane sunt asociate cu un viitor model denumit MacBook Ultra. Acesta ar putea folosi procesoare Apple M5 Pro \u0219i M5 Max, nu variante bazate pe genera\u021bia M6. Un alt proiect, cel al unui MacBook cu ecran pliabil, ar fi fost abandonat. Apple ar fi analizat diagonale de 14,3 \u0219i 16,3 inci pentru acesta, dar, cel pu\u021bin momentan, compania nu va merge \u00een aceast\u0103 direc\u021bie. <\/p>\n<p class=\"wp-block-paragraph\">Aceste progame de lans\u0103ri reflect\u0103 estim\u0103rile anali\u0219tilor \u0219i informa\u021bii din industria display-urilor. Planurile se pot schimba \u00eenainte ca produsele s\u0103 intre \u00een produc\u021bie, mai ales \u00een cazul modelelor programate pentru c\u00e2\u021biva ani de acum \u00eenainte, precum 2028 sau 2029.<\/p>\n","protected":false},"excerpt":{"rendered":"Apple ar putea lansa spre finalul anului 2028 sau \u00eenceputul lui 2029 un nou MacBook cu ecran tactil&hellip;\n","protected":false},"author":2,"featured_media":287984,"comment_status":"","ping_status":"","sticky":false,"template":"","format":"standard","meta":{"footnotes":"","_share_on_mastodon":"0"},"categories":[16],"tags":[83,37076,34719,9043,3647,41,40,38,39,141,124],"class_list":["post-287983","post","type-post","status-publish","format-standard","has-post-thumbnail","category-tehnologie","tag-apple","tag-macbook-air","tag-macbook-oled","tag-macbook-pro","tag-oled","tag-ro","tag-romana","tag-romania","tag-romanian","tag-technology","tag-tehnologie"],"share_on_mastodon":{"url":"https:\/\/pubeurope.com\/@ro\/117213081498860294","error":""},"_links":{"self":[{"href":"https:\/\/www.europesays.com\/ro\/wp-json\/wp\/v2\/posts\/287983","targetHints":{"allow":["GET"]}}],"collection":[{"href":"https:\/\/www.europesays.com\/ro\/wp-json\/wp\/v2\/posts"}],"about":[{"href":"https:\/\/www.europesays.com\/ro\/wp-json\/wp\/v2\/types\/post"}],"author":[{"embeddable":true,"href":"https:\/\/www.europesays.com\/ro\/wp-json\/wp\/v2\/users\/2"}],"replies":[{"embeddable":true,"href":"https:\/\/www.europesays.com\/ro\/wp-json\/wp\/v2\/comments?post=287983"}],"version-history":[{"count":0,"href":"https:\/\/www.europesays.com\/ro\/wp-json\/wp\/v2\/posts\/287983\/revisions"}],"wp:featuredmedia":[{"embeddable":true,"href":"https:\/\/www.europesays.com\/ro\/wp-json\/wp\/v2\/media\/287984"}],"wp:attachment":[{"href":"https:\/\/www.europesays.com\/ro\/wp-json\/wp\/v2\/media?parent=287983"}],"wp:term":[{"taxonomy":"category","embeddable":true,"href":"https:\/\/www.europesays.com\/ro\/wp-json\/wp\/v2\/categories?post=287983"},{"taxonomy":"post_tag","embeddable":true,"href":"https:\/\/www.europesays.com\/ro\/wp-json\/wp\/v2\/tags?post=287983"}],"curies":[{"name":"wp","href":"https:\/\/api.w.org\/{rel}","templated":true}]}}