{"id":287987,"date":"2026-09-04T13:49:17","date_gmt":"2026-09-04T13:49:17","guid":{"rendered":"https:\/\/www.europesays.com\/ro\/287987\/"},"modified":"2026-09-04T13:49:17","modified_gmt":"2026-09-04T13:49:17","slug":"ce-putea-urma-daca-nicusor-dan-refuza-numirile-la-marile-parchete-explicatiile-unui-fost-sef-al-dna","status":"publish","type":"post","link":"https:\/\/www.europesays.com\/ro\/287987\/","title":{"rendered":"Ce putea urma dac\u0103 Nicu\u0219or Dan refuza numirile la marile parchete. Explica\u021biile unui fost \u0219ef al DNA"},"content":{"rendered":"<p>Vineri, 04 Septembrie 2026, ora 14:31<\/p>\n<p>1676 citiri<\/p>\n<p><a class=\"news__image\" data-href=\"https:\/\/s2.ziareromania.ro\/?mmid=a246756b1be709b2b3\" data-size=\"1024x682\" title=\"Ce putea urma dac\u0103 Nicu\u0219or Dan refuza numirile la marile parchete. Explica\u021biile unui fost \u0219ef al DNA\"><img decoding=\"async\" src=\"https:\/\/www.europesays.com\/ro\/wp-content\/uploads\/2026\/09\/Ce-putea-urma-dac---Nicu--or-Dan-refuza-numirile-la-marile-parchete--Explica--iile-unui-fost---ef-al.jpeg\" alt=\"Ce putea urma dac\u0103 Nicu\u0219or Dan refuza numirile la marile parchete. Explica\u021biile unui fost \u0219ef al DNA\" title=\"Ce putea urma dac\u0103 Nicu\u0219or Dan refuza numirile la marile parchete. Explica\u021biile unui fost \u0219ef al DNA\" class=\"img-responsive\"\/><\/a><\/p>\n<p>Nicu\u0219or Dan, pre\u0219edintele Rom\u00e2niei FOTO Hepta<\/p>\n<p>C\u0103lin Nistor, fost procuror-\u0219ef al DNA, spune c\u0103 eficien\u021ba Direc\u021biei Na\u021bionale Anticorup\u021bie depinde \u00een primul r\u00e2nd de calitatea procurorilor care instrumenteaz\u0103 dosarele. \u00centr-un interviu acordat emisiunii <a href=\"https:\/\/www.mediafax.ro\/off-the-record\/calin-nistor-fost-sef-al-dna-despre-numirile-marilor-parchete-daca-presedintele-refuza-sa-numeasca-nu-stiu-ce-se-intampla-nu-va-focalizati-pe-cazurile-de-coruptie-23801890\" target=\"_blank\" rel=\"nofollow noopener\">OFF The Record de la Mediafax<\/a>, acesta a vorbit \u0219i despre recentele numiri la conducerea marilor parchete, f\u0103cute de pre\u0219edintele Nicu\u0219or Dan.<\/p>\n<p>\u00cen opinia sa, DNA nu are nevoie ca to\u021bi procurorii din schem\u0103 s\u0103 fie excep\u021bionali, dar trebuie s\u0103 existe un nucleu de anchetatori capabili s\u0103 gestioneze dosare importante \u0219i complexe.<\/p>\n<p>\u201eDar m\u0103car s\u0103 ai 10-15 procurori foarte buni pe care te po\u021bi baza s\u0103 fac\u0103 cazuri mari. S\u0103 fie procurori de anvergur\u0103, de anduran\u021b\u0103, s\u0103 piard\u0103 nop\u021bi. S\u0103 fie pragmatici \u00een aprecierea probelor, \u00een identificarea faptei\u201d, a declarat C\u0103lin Nistor.<\/p>\n<p>Ce spune despre numirile de la marile parchete<\/p>\n<p>Fostul \u0219ef al DNA a explicat c\u0103 procedura de numire trebuia dus\u0103 la cap\u0103t \u00eenainte de expirarea mandatelor, \u00een condi\u021biile \u00een care legisla\u021bia nu mai permite delegarea pe func\u021biile de conducere la marile parchete.<\/p>\n<p>\u201eDac\u0103 pre\u0219edintele refuza numirea, nu \u0219tiu ce se \u00eent\u00e2mpla. Pentru c\u0103 expirau mandatele. Trebuia reluat\u0103 procedura, erau termene pe care trebuie s\u0103 le respec\u021bi. \u0218i probabil ar fi r\u0103mas f\u0103r\u0103 conducere o perioad\u0103. Dar legat de numiri nu m\u0103 voi pronun\u021ba \u00een niciun sens\u201d, a mai spus fostul procuror \u0219ef al DNA.<\/p>\n<p>Nistor: Problemele parchetelor nu se reduc la dosarele de corup\u021bie<\/p>\n<p>C\u0103lin Nistor a atras aten\u021bia c\u0103 activitatea parchetelor trebuie analizat\u0103 \u00een ansamblu, nu doar prin prisma anchetelor de corup\u021bie, care beneficiaz\u0103 de cea mai mare vizibilitate public\u0103.<\/p>\n<p>\u201eNu v\u0103 focaliza\u021bi pe cazurile de corup\u021bie. E adev\u0103rat c\u0103 astea sunt \u00een aten\u021bia public\u0103, dar \u00een Rom\u00e2nia sunt multe cauze de alt gen, care \u0219i alea trebuie rezolvate, cumva, ar trebui v\u0103zute parchetele \u00een ansamblu, cum func\u021bioneaz\u0103 parchetele, poli\u021bia, pentru c\u0103 \u00een \u021bara asta sunt 1.700.000 de dosare, din c\u00e2te \u0219tiu eu de solu\u021bionat, \u0219i vreo 2.300 de procurori. Nu le lucreaz\u0103 ei, le lucreaz\u0103 cu lucr\u0103torii de poli\u021bie judiciar\u0103\u201d, a declarat C\u0103lin Nistor.<\/p>\n<p>\u021ai-a pl\u0103cut articolul?<\/p>\n<p> Vrem s\u0103 producem mai multe, \u00eens\u0103 avem nevoie de sus\u021binerea ta. Orice dona\u021bie conteaz\u0103 pentru jurnalismul independent <\/p>\n","protected":false},"excerpt":{"rendered":"Vineri, 04 Septembrie 2026, ora 14:31 1676 citiri Nicu\u0219or Dan, pre\u0219edintele Rom\u00e2niei FOTO Hepta C\u0103lin Nistor, fost procuror-\u0219ef&hellip;\n","protected":false},"author":2,"featured_media":287988,"comment_status":"","ping_status":"","sticky":false,"template":"","format":"standard","meta":{"footnotes":"","_share_on_mastodon":"0"},"categories":[10],"tags":[32,33,31,1567,36,37,27,34,35,25,358,79242,41,40,38,39,26,28,29,30],"class_list":["post-287987","post","type-post","status-publish","format-standard","has-post-thumbnail","category-romania","tag-breaking-news","tag-breakingnews","tag-cele-mai-populare-subiecte","tag-dna","tag-featured-news","tag-featurednews","tag-headlines","tag-latest-news","tag-latestnews","tag-news","tag-nicusor-dan","tag-numiri-parchete","tag-ro","tag-romana","tag-romania","tag-romanian","tag-stiri","tag-titluri","tag-top-stories","tag-topstories"],"share_on_mastodon":{"url":"https:\/\/pubeurope.com\/@ro\/117213093670295312","error":""},"_links":{"self":[{"href":"https:\/\/www.europesays.com\/ro\/wp-json\/wp\/v2\/posts\/287987","targetHints":{"allow":["GET"]}}],"collection":[{"href":"https:\/\/www.europesays.com\/ro\/wp-json\/wp\/v2\/posts"}],"about":[{"href":"https:\/\/www.europesays.com\/ro\/wp-json\/wp\/v2\/types\/post"}],"author":[{"embeddable":true,"href":"https:\/\/www.europesays.com\/ro\/wp-json\/wp\/v2\/users\/2"}],"replies":[{"embeddable":true,"href":"https:\/\/www.europesays.com\/ro\/wp-json\/wp\/v2\/comments?post=287987"}],"version-history":[{"count":0,"href":"https:\/\/www.europesays.com\/ro\/wp-json\/wp\/v2\/posts\/287987\/revisions"}],"wp:featuredmedia":[{"embeddable":true,"href":"https:\/\/www.europesays.com\/ro\/wp-json\/wp\/v2\/media\/287988"}],"wp:attachment":[{"href":"https:\/\/www.europesays.com\/ro\/wp-json\/wp\/v2\/media?parent=287987"}],"wp:term":[{"taxonomy":"category","embeddable":true,"href":"https:\/\/www.europesays.com\/ro\/wp-json\/wp\/v2\/categories?post=287987"},{"taxonomy":"post_tag","embeddable":true,"href":"https:\/\/www.europesays.com\/ro\/wp-json\/wp\/v2\/tags?post=287987"}],"curies":[{"name":"wp","href":"https:\/\/api.w.org\/{rel}","templated":true}]}}