{"id":287997,"date":"2026-09-04T13:58:10","date_gmt":"2026-09-04T13:58:10","guid":{"rendered":"https:\/\/www.europesays.com\/ro\/287997\/"},"modified":"2026-09-04T13:58:10","modified_gmt":"2026-09-04T13:58:10","slug":"marius-baciu-a-facut-anuntul-despre-denis-dragus-inainte-de-dinamo","status":"publish","type":"post","link":"https:\/\/www.europesays.com\/ro\/287997\/","title":{"rendered":"Marius Baciu a f\u0103cut anun\u021bul despre Denis Dr\u0103gu\u0219, \u00eenainte de Dinamo"},"content":{"rendered":"\n<ul class=\"bullets\">\n<li>\n<p>SuperLiga: CFR &#8211; Farul, vineri, 20:30, DGS 1<\/p>\n<\/li>\n<li>\n<p>Liga 2: Slatina &#8211; Chindia, vineri, 17:30, DGS 1<\/p>\n<\/li>\n<\/ul>\n<p>Meciul de pe stadionul &#8222;Arcul de Triumf&#8221; se joac\u0103 s\u00e2mb\u0103t\u0103, de la ora 20:30, \u0219i va putea fi urm\u0103rit \u00een direct pe Digi Sport 1, site-ul digisport.ro \u0219i\u00a0<a href=\"https:\/\/www.digisport.ro\/app\" data-skip-linkfix=\"1\" rel=\"nofollow noopener\" target=\"_blank\">aplica\u021bia Digi Sport<\/a>\u00a0(disponibil\u0103 pe Google Play \u0219i App Store), de c\u0103tre abona\u021bii DIGI Rom\u00e2nia afla\u021bi pe teritoriul \u021b\u0103rii.<\/p>\n<p>Marius Baciu a anun\u021bat c\u0103 Denis Dr\u0103gu\u0219 are \u0219anse mici meciul Dinamo &#8211; FCSB<\/p>\n<p>Printre altele, antrenorul ro\u0219-alba\u0219trilor a fost \u00eentrebat despre cei trei juc\u0103tori care au b\u0103tut palma recent cu FCSB: Denis Dr\u0103gu\u0219 (27 de ani), Karlo Muhar (30 de ani) \u0219i Meriton Korenica (29 de ani).\u00a0<\/p>\n<p>Despre primii doi, Marius Baciu a l\u0103sat de \u00een\u021beles c\u0103 nu sunt suficient de ap\u021bi din punct de vedere fizic pentru un meci de asemenea anvergur\u0103. Astfel, dac\u0103 nu apare ceva neprev\u0103zut, Denis Dr\u0103gu\u0219 \u0219i Karlo Muhar nu vor debuta \u00een derby-ul bucure\u0219tean.\u00a0<\/p>\n<p>&#8222;Da, sunt aici, p\u00e2n\u0103 la ora 18 ne vom \u00eent\u00e2lni cu to\u021bii. Nu \u0219tiu alte detalii despre Muhar, ast\u0103zi voi discuta cu el mai mult. Acela\u0219i lucru \u0219i despre Dr\u0103gu\u0219. <\/p>\n<p>Azi vor intra \u00een evalu\u0103ri medicale \u0219i fizice \u0219i p\u00e2n\u0103 disear\u0103 vom avea timp s\u0103 vedem unde sunt. <\/p>\n<p>Dar noi avem atacan\u021bi. \u00cel avem pe Garita, \u00eel avem pe Alex Stoian, s\u0103 vedem cum e Dr\u0103gu\u0219. Nu cred c\u0103 poate s\u0103 intre \u00een meciul cu Dinamo, de\u0219i cred c\u0103 \u0219i-ar dori&#8221;, a declarat Marius Baciu.\u00a0<\/p>\n<p>Denis Dr\u0103gu\u0219 a f\u0103cut cantonamentul de var\u0103 cu Trabzonspor, \u00eens\u0103 nu a bifat nici m\u0103car un minut \u00een meciurile amicale. Ulterior, nu a fost inclus \u00een lot pentru partidele oficiale ale turcilor.\u00a0<\/p>\n<p>Meriton Korenica e gata s\u0103 fie titular \u00een meciul Dinamo &#8211; FCSB\u00a0<\/p>\n<p>Situa\u021bia celuilalt juc\u0103tor nou de la FCSB, Meriton Korenica, este diferit\u0103. Kosovarul a jucat constant pentru CFR Cluj \u00een startul acestui sezon, a\u0219a c\u0103 are tonus suficient s\u0103 intre \u00eenc\u0103 din primul minut.\u00a0<\/p>\n<p>&#8222;Korenica e singurul juc\u0103tor care se pare c\u0103 e 100%. \u0218i cu el vom lua o decizie \u00een cursul zilei de ast\u0103zi. \u00cen principiu, cred c\u0103 va putea fi \u00een lot, dar \u00eenc\u0103 vrem s\u0103 vedem ce se \u00eent\u00e2mpl\u0103 p\u00e2n\u0103 dup\u0103 antrenament. Korenica e juc\u0103torul care este \u00een activitate, \u00een p\u00e2ine&#8221;, a mai spus Marius Baciu.\u00a0<\/p>\n<p>Cum ar putea ar\u0103ta primul 11 de la FCSB la meciul cu Dinamo\u00a0<\/p>\n<ul>\n<li>T\u00e2rnovanu &#8211; Labonne, Dawa, Duarte, P\u0103durariu &#8211; Arad, Joao Paulo, Korenica &#8211; Miculescu, Garita, Cisotti<\/li>\n<\/ul>\n<p>  Etichete:  <a href=\"https:\/\/www.digisport.ro\/eticheta\/marius-baciu\" rel=\"nofollow noopener\" target=\"_blank\">marius baciu<\/a> , <a href=\"https:\/\/www.digisport.ro\/eticheta\/transfer-fcsb\" rel=\"nofollow noopener\" target=\"_blank\">transfer fcsb<\/a> , <a href=\"https:\/\/www.digisport.ro\/eticheta\/denis-dragus\" rel=\"nofollow noopener\" target=\"_blank\">denis dragus<\/a>   <\/p>\n<p>Urm\u0103re\u0219te \u0219tirile digisport.ro \u0219i pe <a href=\"https:\/\/news.google.com\/publications\/CAAiENr1L9HFNMG5hpp5zTfVtpsqFAgKIhDa9S_RxTTBuYaaec031bab?ceid=RO:ro&amp;oc=3\" target=\"_blank\" rel=\"external nofollow noopener\">Google News<\/a><\/p>\n<p>   Noua Aplica\u0163ie Digi Sport poate fi desc\u0103rcat\u0103 din   <\/p>\n","protected":false},"excerpt":{"rendered":"SuperLiga: CFR &#8211; Farul, vineri, 20:30, DGS 1 Liga 2: Slatina &#8211; Chindia, vineri, 17:30, DGS 1 Meciul&hellip;\n","protected":false},"author":2,"featured_media":287998,"comment_status":"","ping_status":"","sticky":false,"template":"","format":"standard","meta":{"footnotes":"","_share_on_mastodon":"0"},"categories":[20],"tags":[3811,909,41,40,38,39,185,184,380],"class_list":["post-287997","post","type-post","status-publish","format-standard","has-post-thumbnail","category-sport","tag-denis-dragus","tag-marius-baciu","tag-ro","tag-romana","tag-romania","tag-romanian","tag-sport","tag-sports","tag-transfer-fcsb"],"share_on_mastodon":{"url":"https:\/\/pubeurope.com\/@ro\/117213128736104629","error":""},"_links":{"self":[{"href":"https:\/\/www.europesays.com\/ro\/wp-json\/wp\/v2\/posts\/287997","targetHints":{"allow":["GET"]}}],"collection":[{"href":"https:\/\/www.europesays.com\/ro\/wp-json\/wp\/v2\/posts"}],"about":[{"href":"https:\/\/www.europesays.com\/ro\/wp-json\/wp\/v2\/types\/post"}],"author":[{"embeddable":true,"href":"https:\/\/www.europesays.com\/ro\/wp-json\/wp\/v2\/users\/2"}],"replies":[{"embeddable":true,"href":"https:\/\/www.europesays.com\/ro\/wp-json\/wp\/v2\/comments?post=287997"}],"version-history":[{"count":0,"href":"https:\/\/www.europesays.com\/ro\/wp-json\/wp\/v2\/posts\/287997\/revisions"}],"wp:featuredmedia":[{"embeddable":true,"href":"https:\/\/www.europesays.com\/ro\/wp-json\/wp\/v2\/media\/287998"}],"wp:attachment":[{"href":"https:\/\/www.europesays.com\/ro\/wp-json\/wp\/v2\/media?parent=287997"}],"wp:term":[{"taxonomy":"category","embeddable":true,"href":"https:\/\/www.europesays.com\/ro\/wp-json\/wp\/v2\/categories?post=287997"},{"taxonomy":"post_tag","embeddable":true,"href":"https:\/\/www.europesays.com\/ro\/wp-json\/wp\/v2\/tags?post=287997"}],"curies":[{"name":"wp","href":"https:\/\/api.w.org\/{rel}","templated":true}]}}