{"id":287999,"date":"2026-09-04T14:00:15","date_gmt":"2026-09-04T14:00:15","guid":{"rendered":"https:\/\/www.europesays.com\/ro\/287999\/"},"modified":"2026-09-04T14:00:15","modified_gmt":"2026-09-04T14:00:15","slug":"dji-osmo-360-ii-ajunge-in-europa-la-ifa-berlin","status":"publish","type":"post","link":"https:\/\/www.europesays.com\/ro\/287999\/","title":{"rendered":"DJI Osmo 360 II ajunge \u00een Europa la IFA Berlin"},"content":{"rendered":"<p>DJI a lansat \u00een Europa Osmo 360 II cu un nou senzor HDR p\u0103trat de 1 inch, capabil s\u0103 \u00eenregistreze videoclipuri 8K la 60 fps. Camera beneficiaz\u0103 \u0219i de o func\u021bie AI SuperNight 2.0 pentru film\u0103ri \u00eembun\u0103t\u0103\u021bite \u00een lumin\u0103 slab\u0103, fotografii HDR de 120MP \u0219i time-lapse-uri de 16K.<\/p>\n<p>DJI Osmo 360 II ajunge \u00een Europa<\/p>\n<p>DJI a lansat la IFA Berlin camera Osmo 360 II, la trei s\u0103pt\u0103m\u00e2ni dup\u0103 <a href=\"https:\/\/www.connect.ro\/2026\/08\/14\/camera-dji-osmo-360-ii-a-fost-lansata-oficial\/\" target=\"_blank\" rel=\"noopener nofollow\">lansarea \u00een China<\/a>.<\/p>\n<p>Noua camer\u0103 aduce un senzor mai mare, \u00eenregistrare 8K mai rapid\u0103 \u0219i promite performan\u021be \u00eembun\u0103t\u0103\u021bite \u00een condi\u021bii de lumin\u0103 slab\u0103.<\/p>\n<p>Actualizarea principal\u0103 este un nou senzor HDR p\u0103trat de 1 inch, despre care DJI spune c\u0103 men\u021bine acela\u0219i c\u00e2mp vizual de 360 \u200b\u200bde grade ca un senzor dreptunghiular tradi\u021bional de 1 inch. Este capabil s\u0103 captureze videoclipuri 8K la 60 fps, cu p\u00e2n\u0103 la 14,5 stopuri de gam\u0103 dinamic\u0103 \u0219i pixeli de 2,4 \u03bcm.<\/p>\n<p>Pentru fotografierea \u00een condi\u021bii de lumin\u0103 slab\u0103, Osmo 360 II utilizeaz\u0103 noua func\u021bie AI SuperNight 2.0 de la DJI \u0219i un sistem de reducere a zgomotului cu inteligen\u021b\u0103 artificial\u0103, conceput pentru a produce imagini mai luminoase \u0219i mai curate \u00een condi\u021bii de lumin\u0103 slab\u0103.<\/p>\n<p>Camera accept\u0103, de asemenea, fotografii HDR de 120MP la 360 de grade, timelapse-uri de 16K \u0219i imagini Vortex de 8K\/120 fps. DJI spune c\u0103 software-ul s\u0103u poate genera o mi\u0219care lent\u0103 de p\u00e2n\u0103 la 64x folosind interpolarea cadrelor cu inteligen\u021b\u0103 artificial\u0103, echivalentul unei rezolu\u021bii decupate la 8K\/480 fps. Toate formatele video accept\u0103 acum culoare pe 10 bi\u021bi, \u00een timp ce D-Log M este disponibil \u0219i pentru gradarea culorilor.<\/p>\n<p>O alt\u0103 noutate sunt lentilele interschimbabile: spre deosebire de primul DJI Osmo 360, utilizatorii pot acum \u00eenlocui singuri lentilele zg\u00e2riate sau rupte. Potrivit DJI, camera atinge acum o gam\u0103 dinamic\u0103 de 14,5 stopuri \u00een loc de 13,5 stopuri c\u00e2te era anterior.<\/p>\n<p>Aduce \u0219i alte \u00eembun\u0103t\u0103\u021biri minore, cum ar fi un sistem de montare magnetic\u0103 bidirec\u021bional, tehnologia NFC Quick Connect \u0219i actualiz\u0103ri de software, cum ar fi un mod de urm\u0103rire a personajului.<\/p>\n<p>Pre\u021burile \u00een Europa sunt evident, mult mai mari. Exist\u0103 trei pachete principale:<\/p>\n<ul>\n<li>\n<p>Osmo 360 II Standard Combo: pre\u021b de la 589 EUR. Acest pachet de baz\u0103 include camera 8K 360\u00b0, o hus\u0103 de protec\u021bie pentru camer\u0103, un capac pentru obiectiv din silicon \u0219i spa\u021biu de stocare \u00eencorporat de 105 GB.<\/p>\n<\/li>\n<li>\n<p>\u00a0<\/p>\n<p>Osmo 360 II Limitless Riding Combo: pre\u021bul de 609 EUR. Adaptat pentru configura\u021bii de ciclism \u0219i motociclete.<\/p>\n<\/li>\n<li>\n<p>\u00a0<\/p>\n<p>Osmo 360 II Adventure Combo: pre\u021b de la 739 EUR. Acest pachet premium se extinde la pachetul standard ad\u0103ug\u00e2nd configura\u021bii suplimentare de baterie \u0219i accesorii de filmare specializate.<\/p>\n<\/li>\n<\/ul>\n","protected":false},"excerpt":{"rendered":"DJI a lansat \u00een Europa Osmo 360 II cu un nou senzor HDR p\u0103trat de 1 inch, capabil&hellip;\n","protected":false},"author":2,"featured_media":288000,"comment_status":"","ping_status":"","sticky":false,"template":"","format":"standard","meta":{"footnotes":"","_share_on_mastodon":"0"},"categories":[16],"tags":[72709,2066,235,70522,79245,41,40,38,39,141,124],"class_list":["post-287999","post","type-post","status-publish","format-standard","has-post-thumbnail","category-tehnologie","tag-camere-actiune","tag-camere-video","tag-dji","tag-ifa-berlin","tag-osmo-360-ii","tag-ro","tag-romana","tag-romania","tag-romanian","tag-technology","tag-tehnologie"],"share_on_mastodon":{"url":"https:\/\/pubeurope.com\/@ro\/117213136604161840","error":""},"_links":{"self":[{"href":"https:\/\/www.europesays.com\/ro\/wp-json\/wp\/v2\/posts\/287999","targetHints":{"allow":["GET"]}}],"collection":[{"href":"https:\/\/www.europesays.com\/ro\/wp-json\/wp\/v2\/posts"}],"about":[{"href":"https:\/\/www.europesays.com\/ro\/wp-json\/wp\/v2\/types\/post"}],"author":[{"embeddable":true,"href":"https:\/\/www.europesays.com\/ro\/wp-json\/wp\/v2\/users\/2"}],"replies":[{"embeddable":true,"href":"https:\/\/www.europesays.com\/ro\/wp-json\/wp\/v2\/comments?post=287999"}],"version-history":[{"count":0,"href":"https:\/\/www.europesays.com\/ro\/wp-json\/wp\/v2\/posts\/287999\/revisions"}],"wp:featuredmedia":[{"embeddable":true,"href":"https:\/\/www.europesays.com\/ro\/wp-json\/wp\/v2\/media\/288000"}],"wp:attachment":[{"href":"https:\/\/www.europesays.com\/ro\/wp-json\/wp\/v2\/media?parent=287999"}],"wp:term":[{"taxonomy":"category","embeddable":true,"href":"https:\/\/www.europesays.com\/ro\/wp-json\/wp\/v2\/categories?post=287999"},{"taxonomy":"post_tag","embeddable":true,"href":"https:\/\/www.europesays.com\/ro\/wp-json\/wp\/v2\/tags?post=287999"}],"curies":[{"name":"wp","href":"https:\/\/api.w.org\/{rel}","templated":true}]}}