{"id":288049,"date":"2026-09-04T14:46:18","date_gmt":"2026-09-04T14:46:18","guid":{"rendered":"https:\/\/www.europesays.com\/ro\/288049\/"},"modified":"2026-09-04T14:46:18","modified_gmt":"2026-09-04T14:46:18","slug":"rasturnare-de-situatie-la-miezul-noptii-detalii-din-culise-despre-transferul-lui-jovo-lukic-la-fcsb","status":"publish","type":"post","link":"https:\/\/www.europesays.com\/ro\/288049\/","title":{"rendered":"R\u0103sturnare de situa\u021bie la miezul nop\u021bii! Detalii din culise despre transferul lui Jovo Lukic la FCSB"},"content":{"rendered":"<p>\n            Articol de <a rel=\"author nofollow noopener\" href=\"https:\/\/www.gsp.ro\/autor\/maria-olteanu-3927.html\" target=\"_blank\">Maria Olteanu<\/a>            &#8211; Publicat vineri, 04 septembrie 2026,  08:06            \/ Actualizat vineri, 04 septembrie 2026 09:06                    <\/p>\n<p>Jovo Lukic (27 de ani), atacantul bosniac al celor de la Universitatea Cluj, a fost una dintre priorit\u0103\u021bile celor de la FCSB \u00een acest mercato, pentru a \u00eent\u0103ri ofensiva, dup\u0103 plecarea lui Daniel B\u00eerligea \u00een Serie A. Chiar dac\u0103 p\u00e2n\u0103 acum nu s-a concretizat nimic, exist\u0103 \u00een continuare \u0219anse ca Lukic s\u0103 \u00eembrace tricoul ro\u0219-albastru.<\/p>\n<p class=\"do-not-hide\">\u00cen ultimele zile, mutarea lui Lukic de la Cluj la Bucure\u0219ti a fost pus\u0103 pe hold. Patronul Gigi Becali a anun\u021bat c\u0103 ofer\u0103 \u201e2 milioane \u0219i niciun ban \u00een plus\u201d\u00a0pentru a-l aduce la echipa lui, \u00een timp ce dinspre U Cluj, <a target=\"_self\" class=\"editor-link\" href=\"https:\/\/www.gsp.ro\/fotbal\/liga-1\/radu-constantea-u-cluj-raspuns-oferta-gigi-becali-fcsb-jovo-lukic-975952.html\" rel=\"nofollow noopener\">prin vocea pre\u0219edintelui Radu Constantea<\/a>, transferul p\u0103rea irealizabil. Chiar \u0219i juc\u0103torul ar fi transmis c\u0103 nu vrea s\u0103 mearg\u0103 la Bucure\u0219ti.<\/p>\n<p class=\"do-not-hide\">Totu\u0219i, joi seara, aproape de miezul nop\u021bii, fostul mare interna\u021bional Gabi Balint a sus\u021binut c\u0103 Lukic va ajunge p\u00e2n\u0103 la urm\u0103 la FCSB \u00een acest mercato. Suma de pornire va fi cea de 2 milioane de euro, care va cre\u0219te \u00een func\u021bie de unele bonusuri de performan\u021b\u0103. <\/p>\n<p>Gabi Balint sus\u021bine c\u0103 Lukic va semna cu FCSB<\/p>\n<p>\u201eMai vine \u0219i Lukic, pe dou\u0103 milioane. Pune-l deja pe Lukic cu dou\u0103 milioane. 80%. Dou\u0103 milioane d\u0103. Se va face p\u00e2n\u0103 la urm\u0103. Dou\u0103 milioane \u0219i ni\u0219te bani, \u00een caz c\u0103&#8230;<\/p>\n<p>Pe dou\u0103 milioane va fi luat \u0219i ceva \u00een caz c\u0103 se calific\u0103 sau c\u00e2\u0219tig\u0103 titlul. Prime, bonusuri \u00een contract, dac\u0103 d\u0103 goluri, dac\u0103&#8230;\u201d, a transmis Gabi Balint la emisiunea \u201eFotbal Club\u201d, de la Digi Sport. <\/p>\n<p><img decoding=\"async\" src=\"https:\/\/www.europesays.com\/ro\/wp-content\/uploads\/2026\/09\/1788533178_10_f7a1f686-883d-4523-be1f-aa3579118dc3.jpg\" loading=\"lazy\" title=\"Jovo Lukic e din nou pe radarul lui Gigi Becali\/\/ foto Imago Images\" alt=\"R\u0103sturnare de situa\u021bie la miezul nop\u021bii! Detalii din culise despre transferul lui Jovo Lukic la FCSB\" width=\"738\" height=\"502\"\/><\/p>\n<p>Jovo Lukic e din nou pe radarul lui Gigi Becali\/\/ foto Imago Images<\/p>\n<p>Jovo Lukic a fost golgheterul sezonului precedent din Superliga. \u00cen campionatul intern, \u00een primul s\u0103u an la forma\u021bia din Ardeal, bosniacul a marcat 18 goluri.<\/p>\n<p>A fost prezent la Campionatul Mondial, \u00een lotul Bosniei \u0219i Her\u021begovinei, iar \u00een startul noului sezon competi\u021bional a bifat 6 meciuri, 4 goluri \u0219i o pas\u0103 decisiv\u0103. Este cotat de site-urile de specialitate la 2,2 milioane de euro.<\/p>\n","protected":false},"excerpt":{"rendered":"Articol de Maria Olteanu &#8211; Publicat vineri, 04 septembrie 2026, 08:06 \/ Actualizat vineri, 04 septembrie 2026 09:06&hellip;\n","protected":false},"author":2,"featured_media":288050,"comment_status":"","ping_status":"","sticky":false,"template":"","format":"standard","meta":{"footnotes":"","_share_on_mastodon":"0"},"categories":[5],"tags":[32,33,31,269,36,37,9503,27,19378,34,35,25,41,40,38,39,26,55,28,29,30,440],"class_list":["post-288049","post","type-post","status-publish","format-standard","has-post-thumbnail","category-titluri","tag-breaking-news","tag-breakingnews","tag-cele-mai-populare-subiecte","tag-fcsb","tag-featured-news","tag-featurednews","tag-gabi-balint","tag-headlines","tag-jovo-lukic","tag-latest-news","tag-latestnews","tag-news","tag-ro","tag-romana","tag-romania","tag-romanian","tag-stiri","tag-superliga","tag-titluri","tag-top-stories","tag-topstories","tag-u-cluj"],"share_on_mastodon":{"url":"https:\/\/pubeurope.com\/@ro\/117213318362833117","error":""},"_links":{"self":[{"href":"https:\/\/www.europesays.com\/ro\/wp-json\/wp\/v2\/posts\/288049","targetHints":{"allow":["GET"]}}],"collection":[{"href":"https:\/\/www.europesays.com\/ro\/wp-json\/wp\/v2\/posts"}],"about":[{"href":"https:\/\/www.europesays.com\/ro\/wp-json\/wp\/v2\/types\/post"}],"author":[{"embeddable":true,"href":"https:\/\/www.europesays.com\/ro\/wp-json\/wp\/v2\/users\/2"}],"replies":[{"embeddable":true,"href":"https:\/\/www.europesays.com\/ro\/wp-json\/wp\/v2\/comments?post=288049"}],"version-history":[{"count":0,"href":"https:\/\/www.europesays.com\/ro\/wp-json\/wp\/v2\/posts\/288049\/revisions"}],"wp:featuredmedia":[{"embeddable":true,"href":"https:\/\/www.europesays.com\/ro\/wp-json\/wp\/v2\/media\/288050"}],"wp:attachment":[{"href":"https:\/\/www.europesays.com\/ro\/wp-json\/wp\/v2\/media?parent=288049"}],"wp:term":[{"taxonomy":"category","embeddable":true,"href":"https:\/\/www.europesays.com\/ro\/wp-json\/wp\/v2\/categories?post=288049"},{"taxonomy":"post_tag","embeddable":true,"href":"https:\/\/www.europesays.com\/ro\/wp-json\/wp\/v2\/tags?post=288049"}],"curies":[{"name":"wp","href":"https:\/\/api.w.org\/{rel}","templated":true}]}}