{"id":288053,"date":"2026-09-04T14:49:11","date_gmt":"2026-09-04T14:49:11","guid":{"rendered":"https:\/\/www.europesays.com\/ro\/288053\/"},"modified":"2026-09-04T14:49:11","modified_gmt":"2026-09-04T14:49:11","slug":"ifa-2026-acer-introduce-consola-portabila-de-gaming-predator-atlas-7-si-prezinta-conceptul-hibrid-project-dualplay-mini","status":"publish","type":"post","link":"https:\/\/www.europesays.com\/ro\/288053\/","title":{"rendered":"IFA 2026: Acer introduce consola portabil\u0103 de gaming Predator Atlas 7 \u0219i prezint\u0103 conceptul hibrid Project DualPlay Mini"},"content":{"rendered":"<p class=\"wp-block-paragraph\">Acer \u00ee\u0219i extinde portofoliul de dispozitive mobile de gaming \u0219i a prezentat \u00een cadrul IFA 2026 Berlin noua consol\u0103 portabil\u0103 Predator Atlas 7, al\u0103turi de un concept numit Project DualPlay Mini, conceput pentru a \u00eembina gamingul \u0219i productivitatea \u00eentr-un singur format convertibil.<\/p>\n<p class=\"wp-block-paragraph\">Predator Atlas 7 aduce performan\u021ba modelului de 8 inch anun\u021bat anterior \u00eentr-o carcas\u0103 mai compact\u0103 \u0219i mai u\u0219oar\u0103, av\u00e2nd o greutate sub 700 de grame \u00een versiunea standard sau sub 750 de grame \u00een configurarea cu baterie extins\u0103 de 80 Wh. Dispozitivul ruleaz\u0103 Windows 11 Home \u0219i este echipat cu procesoare p\u00e2n\u0103 la Intel Arc G3 Extreme \u0219i grafic\u0103 integrat\u0103 Intel Arc B390, al\u0103turi de o memorie de p\u00e2n\u0103 la 24 GB LPDDR5x \u0219i un SSD NVMe PCIe Gen4 de p\u00e2n\u0103 la 1 TB. Ecranul tactil de 7 inch cu panou IPS ofer\u0103 rezolu\u021bie Full HD, o rat\u0103 de refresh de 120 Hz cu suport VRR, o luminozitate maxim\u0103 de 500 ni\u021bi \u0219i este protejat de sticl\u0103 Corning Gorilla Glass Victus.<\/p>\n<p><img fetchpriority=\"high\" decoding=\"async\" width=\"900\" height=\"506\" src=\"https:\/\/www.europesays.com\/ro\/wp-content\/uploads\/2026\/09\/Predator-Atlas-7_l1.jpg\" alt=\"Predator Atlas 7\" class=\"wp-image-389226\"  \/><\/p>\n<p class=\"wp-block-paragraph\">R\u0103cirea este asigurat\u0103 de un sistem cu dou\u0103 ventilatoare, dintre care unul din plastic \u0219i unul metalic de precizie Predator AeroBlade cu pale ultra-sub\u021biri de 0.1 mm. Ambele sunt asistate de tehnologia Vortex Flow pentru evacuarea eficient\u0103 a c\u0103ldurii \u00een timpul sesiunilor lungi de joc. Din punct de vedere al controlului, consola include triggere analogice cu efect Hall \u0219i op\u021biunea pentru joystickuri TMR cu tehnologie de magnetorezisten\u021b\u0103, rezistente la efectul de drift. Pe partea de conectivitate, echipamentul pune la dispozi\u021bie dou\u0103 porturi Thunderbolt 4, un cititor de carduri microSD UHS-II, conexiuni Intel Killer Wi-Fi 7 \u0219i Bluetooth 5.4, precum \u0219i un cititor de amprente integrat \u00een butonul de pornire pentru autentificare prin Windows Hello. Predator Atlas 7 va fi lansat \u00een regiunea EMEA \u00een luna noiembrie 2026.<\/p>\n<p><img loading=\"lazy\" decoding=\"async\" width=\"1200\" height=\"675\" src=\"https:\/\/www.europesays.com\/ro\/wp-content\/uploads\/2026\/09\/Predator-Atlas-7_p1.jpg\" alt=\"Predator Atlas 7\" class=\"wp-image-389227\"  \/><\/p>\n<p class=\"wp-block-paragraph\">Al\u0103turi de noul model de serie, compania a dezv\u0103luit \u0219i Project DualPlay Mini, un dispozitiv-concept cu ecran de 8 inch ce exploreaz\u0103 posibilitatea de a func\u021biona at\u00e2t ca o consol\u0103 portabil\u0103, c\u00e2t \u0219i ca o sta\u021bie mobil\u0103 de lucru. Datorit\u0103 unui mecanism special ce permite rabatarea \u0219i rotirea ecranului, echipamentul include o tastatur\u0103 fizic\u0103 iluminat\u0103 utilizabil\u0103 \u00een modul mini-laptop pentru jocuri de tip shooter sau sarcini de birou, put\u00e2nd fi transformat rapid \u00eentr-o consol\u0103 portabil\u0103 pentru alte genuri de jocuri.<\/p>\n<p><img loading=\"lazy\" decoding=\"async\" width=\"1200\" height=\"843\" data-id=\"389229\" src=\"https:\/\/www.europesays.com\/ro\/wp-content\/uploads\/2026\/09\/Project-Dualplay-Mini_p1.jpg\" alt=\"\" class=\"wp-image-389229\"  \/><\/p>\n<p><img loading=\"lazy\" decoding=\"async\" width=\"1200\" height=\"675\" data-id=\"389228\" src=\"https:\/\/www.europesays.com\/ro\/wp-content\/uploads\/2026\/09\/Project-Dualplay-Mini_l1.jpg\" alt=\"\" class=\"wp-image-389228\"  \/><\/p>\n<p class=\"wp-block-paragraph\">Dispozitivul este bazat pe o arhitectur\u0103 Intel cu r\u0103cire cu dou\u0103 ventilatoare \u0219i poart\u0103 pe capac un detaliu aniversar \u00een cod Morse, care marcheaz\u0103 \u00eemplinirea a 50 de ani de la fondarea companiei Acer.<\/p>\n","protected":false},"excerpt":{"rendered":"Acer \u00ee\u0219i extinde portofoliul de dispozitive mobile de gaming \u0219i a prezentat \u00een cadrul IFA 2026 Berlin noua&hellip;\n","protected":false},"author":2,"featured_media":288054,"comment_status":"","ping_status":"","sticky":false,"template":"","format":"standard","meta":{"footnotes":"","_share_on_mastodon":"0"},"categories":[16],"tags":[6341,11182,79260,5007,68356,520,41,40,38,39,141,124],"class_list":["post-288053","post","type-post","status-publish","format-standard","has-post-thumbnail","category-tehnologie","tag-acer","tag-consola","tag-consola-de-gaming","tag-consola-portabila","tag-ifa-2026","tag-lansare","tag-ro","tag-romana","tag-romania","tag-romanian","tag-technology","tag-tehnologie"],"share_on_mastodon":{"url":"https:\/\/pubeurope.com\/@ro\/117213329504443980","error":""},"_links":{"self":[{"href":"https:\/\/www.europesays.com\/ro\/wp-json\/wp\/v2\/posts\/288053","targetHints":{"allow":["GET"]}}],"collection":[{"href":"https:\/\/www.europesays.com\/ro\/wp-json\/wp\/v2\/posts"}],"about":[{"href":"https:\/\/www.europesays.com\/ro\/wp-json\/wp\/v2\/types\/post"}],"author":[{"embeddable":true,"href":"https:\/\/www.europesays.com\/ro\/wp-json\/wp\/v2\/users\/2"}],"replies":[{"embeddable":true,"href":"https:\/\/www.europesays.com\/ro\/wp-json\/wp\/v2\/comments?post=288053"}],"version-history":[{"count":0,"href":"https:\/\/www.europesays.com\/ro\/wp-json\/wp\/v2\/posts\/288053\/revisions"}],"wp:featuredmedia":[{"embeddable":true,"href":"https:\/\/www.europesays.com\/ro\/wp-json\/wp\/v2\/media\/288054"}],"wp:attachment":[{"href":"https:\/\/www.europesays.com\/ro\/wp-json\/wp\/v2\/media?parent=288053"}],"wp:term":[{"taxonomy":"category","embeddable":true,"href":"https:\/\/www.europesays.com\/ro\/wp-json\/wp\/v2\/categories?post=288053"},{"taxonomy":"post_tag","embeddable":true,"href":"https:\/\/www.europesays.com\/ro\/wp-json\/wp\/v2\/tags?post=288053"}],"curies":[{"name":"wp","href":"https:\/\/api.w.org\/{rel}","templated":true}]}}