{"id":288075,"date":"2026-09-04T15:15:09","date_gmt":"2026-09-04T15:15:09","guid":{"rendered":"https:\/\/www.europesays.com\/ro\/288075\/"},"modified":"2026-09-04T15:15:09","modified_gmt":"2026-09-04T15:15:09","slug":"nu-a-fost-la-antrenament-video-marius-baciu-anunt-de-ultima-ora-inainte-de-dinamo-fcsb-sanse-mici-sa-l-vedem-ca-titular","status":"publish","type":"post","link":"https:\/\/www.europesays.com\/ro\/288075\/","title":{"rendered":"\u201eNu a fost la antrenament\u201d VIDEO. Marius Baciu, anun\u021b de ultim\u0103 or\u0103 \u00eenainte de Dinamo &#8211; FCSB: \u201e\u0218anse mici s\u0103-l vedem ca titular\u201d"},"content":{"rendered":"<ul class=\"bullets\">&#13;<\/p>\n<li>Marius Baciu (51 de ani), antrenorul celor de la FCSB, a venit cu noi detalii despre situa\u021bia lui Octavian Popescu (23 de ani) \u00eenaintea derby-ului cu Dinamo.<\/li>\n<p>&#13;<br \/>\n&#13;<\/p>\n<li>Dinamo &#8211; FCSB se joac\u0103 s\u00e2mb\u0103t\u0103, de la ora 20:30, \u0219i va fi \u00een format liveTEXT pe GOLAZO.ro \u0219i \u00een direct pe Digi Sport 1 \u0219i Prima Sport 1.<\/li>\n<p>&#13;\n<\/ul>\n<p><a id=\"google-source-button\" class=\"google-favorite\" target=\"_blank\" href=\"https:\/\/www.google.com\/preferences\/source?q=golazo.ro\" rel=\"nofollow noopener\"><\/p>\n<p>        <img loading=\"lazy\" decoding=\"async\" src=\"https:\/\/golazo.ro\/images\/google-logo.svg\" alt=\"\" width=\"24\" height=\"24\"\/><br \/>\n        <img loading=\"lazy\" decoding=\"async\" src=\"https:\/\/golazo.ro\/images\/check-icon-2.svg\" alt=\"\" width=\"24\" height=\"24\"\/><\/p>\n<p>    Adaug\u0103 GOLAZO.ro la favorite<\/p>\n<p><\/a><\/p>\n<p class=\"\">Fotbalistul <a href=\"https:\/\/golazo.ro\/octavian-popescu-supsectat-raceala-fcsb-uta-184885\" target=\"_blank\" rel=\"noreferrer noopener nofollow\">a lipsit din lotul FCSB<\/a> pentru partida cu UTA Arad, pierdut\u0103 de fosta campioan\u0103 cu 1-3 la T\u00e2rgovi\u0219te. Acesta a anun\u021bat din scurt c\u0103 are dureri de cap \u0219i frisoane \u0219i a lipsit de la ultimele antrenamente ale echipei.<\/p>\n<p class=\"\">Ulterior, Tavi a ratat \u0219i confruntarea cu FC Arge\u0219, 5-0, \u00een prima etap\u0103 a grupelor din Cupa Rom\u00e2niei.<\/p>\n<p>DINAMO &#8211; FCSB. Marius Baciu, despre Octavian Popescu: \u201eIeri n-a fost la antrenament\u201d<\/p>\n<p class=\"\">Tehnicianul ro\u0219-alba\u0219trilor a dezv\u0103luit c\u0103, \u00een toat\u0103 aceast\u0103 perioad\u0103, Popescu nu s-a mai prezentat la baz\u0103 pentru a nu risca s\u0103-\u0219i \u00eemboln\u0103veasc\u0103 colegii.<\/p>\n<p class=\"\">Baciu sus\u021bine c\u0103 juc\u0103torul \u00een v\u00e2rst\u0103 de 23 de ani \u00eenc\u0103 nu s-a prezentat la antrenamente \u0219i r\u0103m\u00e2ne incert pentru derby-ul cu Dinamo.<\/p>\n<p class=\"\">\u201eEu am primit mesaj de la el. Au fost mai departe asisten\u021bii no\u0219tri. Eu nu l-am v\u0103zut, c\u0103 nu a vrut s\u0103 se \u00eent\u00e2mple ceva cu al\u021bi juc\u0103tori de-ai no\u0219tri \u0219i a preferat s\u0103 r\u0103m\u00e2n\u0103 acas\u0103.  <\/p>\n<p class=\"\">Lucrurile sunt doar de staff medical. \u0218tiu c\u0103 au mai fost, ieri sau alalt\u0103ieri, la el acas\u0103 pentru a-i face perfuzii.\u00a0Ieri nu a fost la antrenamente. \u0218anse mici s\u0103-l vedem titular\u201d, a declarat Marius Baciu la conferin\u021ba de pres\u0103.<\/p>\n<p class=\"\">Octavian Popescu a avut un start bun de sezon, cu un gol \u0219i dou\u0103 pase decisive \u00een primele patru meciuri oficiale jucate de FCSB \u00een toate competi\u021biile.<\/p>\n<p class=\"\">Ulterior, n-a mai dat randament \u0219i a fost trecut pe banca de rezerv\u0103. Popescu a avut <a href=\"https:\/\/golazo.ro\/octavian-popescu-fcsb-fc-botosani-superliga-interviu-183590\" target=\"_blank\" rel=\"noreferrer noopener nofollow\">o ie\u0219ire nervoas\u0103 \u0219i s-a declarat nemul\u021bumit <\/a>de statutul s\u0103u, dup\u0103 ce a fost decisiv \u00een meciul cu FC Boto\u0219ani, scor 3-2.<\/p>\n<p>Cite\u0219te \u0219i<\/p>\n<p>VIDEO: cele mai noi imagini din sport<\/p>\n","protected":false},"excerpt":{"rendered":"&#13; Marius Baciu (51 de ani), antrenorul celor de la FCSB, a venit cu noi detalii despre situa\u021bia&hellip;\n","protected":false},"author":2,"featured_media":288076,"comment_status":"","ping_status":"","sticky":false,"template":"","format":"standard","meta":{"footnotes":"","_share_on_mastodon":"0"},"categories":[20],"tags":[49,269,909,3929,41,40,38,39,185,184],"class_list":["post-288075","post","type-post","status-publish","format-standard","has-post-thumbnail","category-sport","tag-dinamo","tag-fcsb","tag-marius-baciu","tag-octavian-popescu","tag-ro","tag-romana","tag-romania","tag-romanian","tag-sport","tag-sports"],"share_on_mastodon":{"url":"https:\/\/pubeurope.com\/@ro\/117213431983011085","error":""},"_links":{"self":[{"href":"https:\/\/www.europesays.com\/ro\/wp-json\/wp\/v2\/posts\/288075","targetHints":{"allow":["GET"]}}],"collection":[{"href":"https:\/\/www.europesays.com\/ro\/wp-json\/wp\/v2\/posts"}],"about":[{"href":"https:\/\/www.europesays.com\/ro\/wp-json\/wp\/v2\/types\/post"}],"author":[{"embeddable":true,"href":"https:\/\/www.europesays.com\/ro\/wp-json\/wp\/v2\/users\/2"}],"replies":[{"embeddable":true,"href":"https:\/\/www.europesays.com\/ro\/wp-json\/wp\/v2\/comments?post=288075"}],"version-history":[{"count":0,"href":"https:\/\/www.europesays.com\/ro\/wp-json\/wp\/v2\/posts\/288075\/revisions"}],"wp:featuredmedia":[{"embeddable":true,"href":"https:\/\/www.europesays.com\/ro\/wp-json\/wp\/v2\/media\/288076"}],"wp:attachment":[{"href":"https:\/\/www.europesays.com\/ro\/wp-json\/wp\/v2\/media?parent=288075"}],"wp:term":[{"taxonomy":"category","embeddable":true,"href":"https:\/\/www.europesays.com\/ro\/wp-json\/wp\/v2\/categories?post=288075"},{"taxonomy":"post_tag","embeddable":true,"href":"https:\/\/www.europesays.com\/ro\/wp-json\/wp\/v2\/tags?post=288075"}],"curies":[{"name":"wp","href":"https:\/\/api.w.org\/{rel}","templated":true}]}}