{"id":288079,"date":"2026-09-04T15:17:14","date_gmt":"2026-09-04T15:17:14","guid":{"rendered":"https:\/\/www.europesays.com\/ro\/288079\/"},"modified":"2026-09-04T15:17:14","modified_gmt":"2026-09-04T15:17:14","slug":"acer-swift-air-14-vrea-terenul-lui-macbook-neo-hands-on-la-ifa-2026-alaturi-de-air-16","status":"publish","type":"post","link":"https:\/\/www.europesays.com\/ro\/288079\/","title":{"rendered":"Acer Swift Air 14 vrea terenul lui MacBook Neo: hands-on la IFA 2026, al\u0103turi de Air 16"},"content":{"rendered":"<p>Acer Swift Air 14 intr\u0103 f\u0103r\u0103 ocoli\u0219uri pe terenul lui MacBook Neo, iar la standul Acer de la IFA 2026 mesajul a fost spus direct: format compact, culori vii, dar cu mai mult\u0103 flexibilitate hardware. L-am luat la m\u00e2n\u0103 al\u0103turi de noul Swift Air 16, iar mai jos pute\u021bi vedea hands-on-ul video cu ambele modele.<\/p>\n<p style=\"text-align: center;\">\n<p>Swift Air 14: asem\u0103narea se vede, diferen\u021bele sunt \u00een detalii<\/p>\n<p>Capacul rotunjit, carcasa din aluminiu \u0219i variantele de culoare trimit inevitabil cu g\u00e2ndul la <a href=\"https:\/\/www.mobilissimo.ro\/stiri-diverse\/apple-lanseaza-macbook-neo-primul-macbook-de-599-dolari\" rel=\"nofollow noopener\" target=\"_blank\">MacBook Neo<\/a>. Swift Air 14 are \u00eens\u0103 propriile argumente \u0219i unele se v\u0103d imediat c\u00e2nd \u00eel deschizi.<\/p>\n<p>Tastatura este iluminat\u0103, touchpad-ul e generos, iar la numai 1,19 kg laptopul este chiar pu\u021bin mai u\u0219or dec\u00e2t MacBook Neo, care c\u00e2nt\u0103re\u0219te 1,23 kg. Acer folose\u0219te un ecran IPS de 14 inch, WUXGA, \u00een format 16:10 \u0219i cu refresh rate de 120 Hz.<\/p>\n<p class=\"photoGallery\"><a class=\"ui-action-gallery-overlay\" data-photo-gallery-id=\"15836\"><img class=\"articleGalleryPreviewImage\" src=\"https:\/\/www.europesays.com\/ro\/wp-content\/uploads\/2026\/09\/6a9adbabddb99.jpg\" alt=\"Acer Swift Air 14 \/ 16 - Fotografii hands-on IFA 2026 (galerie)\" width=\"2000\" height=\"1500\" loading=\"lazy\" decoding=\"async\"\/>Acer Swift Air 14 \/ 16 &#8211; Fotografii hands-on IFA 2026 (galerie)<\/a><\/p>\n<p>Sub carcas\u0103 intr\u0103 procesoare Intel Core Series 3, p\u00e2n\u0103 la Core 7 350, maximum 16 GB RAM \u0219i 512 GB SSD. Avem \u0219i dou\u0103 porturi Thunderbolt 4, USB-A, Wi-Fi 6E \u0219i o baterie de 70 Wh. Acer vorbe\u0219te despre p\u00e2n\u0103 la 19 ore de redare video, de\u0219i compara\u021bia direct\u0103 cu cele 16 ore declarate de Apple pentru MacBook Neo trebuie f\u0103cut\u0103 cu pruden\u021b\u0103: metodologiile de test nu sunt acelea\u0219i.<\/p>\n<p>Mi-au pl\u0103cut \u00een special finisajele. Sage Green este mai degrab\u0103 un gri-verzui discret, iar Blossom Pink, Frost Blue \u0219i Lilac Purple \u00eel scot din clasica zon\u0103 de laptop argintiu sau negru.<\/p>\n<p>Swift Air 16 cre\u0219te ecranul, nu \u0219i talia (prea mult)<\/p>\n<p>\u00cen spatele lui st\u0103 Acer Swift Air 16, iar aici asem\u0103narea cu MacBook Neo devine mai pu\u021bin important\u0103. Laptopul are 16 inch, dar m\u0103soar\u0103 doar 13,3 mm \u00een grosime \u0219i c\u00e2nt\u0103re\u0219te 1,5 kg. <a href=\"https:\/\/www.mobilissimo.ro\/stiri-diverse\/ifa-2026-acer-swift-air-16-aduce-procesoare-intel-core-series-3-cantareste-doar-1-5-kilograme-si-aduce-ecran-oled-si-baterie-mare\" rel=\"nofollow noopener\" target=\"_blank\">Modelul fusese deja prezentat pe Mobilissimo<\/a>, \u00eens\u0103 dimensiunile se \u00een\u021beleg mult mai bine c\u00e2nd \u00eel ai efectiv \u00een fa\u021b\u0103.<\/p>\n<p style=\"text-align: center;\"><a href=\"https:\/\/www.mobilissimo.ro\/imgs\/uploaded\/images\/9\/Photo 03-09-2026%2C 17 24 18.jpg\" target=\"_blank\" rel=\"nofollow noopener\"><img decoding=\"async\" alt=\"\" src=\"https:\/\/www.europesays.com\/ro\/wp-content\/uploads\/2026\/09\/Photo 03-09-2026, 17 24 18.jpg\" style=\"height:444px; width:592px\"\/><\/a><\/p>\n<p>Configura\u021bia cea mai interesant\u0103 urc\u0103 la un panou OLED 3K de 2880 \u00d7 1800 pixeli \u0219i 120 Hz, iar Acer ofer\u0103 separat \u0219i o versiune IPS tactil\u0103 WUXGA. Sunt p\u00e2n\u0103 la 16 GB LPDDR5x, SSD de 512 GB \u0219i tot procesoare Intel Core Series 3, p\u00e2n\u0103 la Core 7 350.<\/p>\n<p>Touchpad-ul este enorm. A fost probabil primul lucru pe care l-am remarcat dup\u0103 ecran, iar l\u00e2ng\u0103 el g\u0103sim tastatur\u0103 iluminat\u0103 \u0219i un sistem cu patru difuzoare.<\/p>\n<p>Pentru videoconferin\u021be apar Acer PurifiedVoice, care folose\u0219te reducerea zgomotului pentru voce, \u0219i PurifiedView, pentru \u00eembun\u0103t\u0103\u021birea imaginii camerei. Swift Air 16 prime\u0219te \u0219i dou\u0103 Thunderbolt 4, iar bateria de 70 Wh poate ajunge la 50% \u00een 30 de minute cu adaptorul de 100 W.<\/p>\n<p>Rival de MacBook Neo? Pre\u021bul va fi decisiv<\/p>\n<p>Pe h\u00e2rtie, strategia Acer are sens. MacBook Neo r\u0103m\u00e2ne la 8 GB memorie unificat\u0103, are dou\u0103 porturi USB-C dintre care unul func\u021bioneaz\u0103 la viteze USB 2 \u0219i o tastatur\u0103 f\u0103r\u0103 iluminare, \u00een vreme ce Swift Air 14 poate urca la 16 GB RAM \u0219i ofer\u0103 Thunderbolt 4 plus USB-A. Apple contraatac\u0103 prin ecosistem, macOS \u0219i cipul A18 Pro, deci simpla num\u0103rare a specifica\u021biilor nu ne spune care este laptopul mai bun.<\/p>\n<p style=\"text-align: center;\"><a href=\"https:\/\/www.mobilissimo.ro\/imgs\/uploaded\/images\/9\/Photo 03-09-2026%2C 17 24 20.jpg\" target=\"_blank\" rel=\"nofollow noopener\"><img decoding=\"async\" alt=\"\" src=\"https:\/\/www.europesays.com\/ro\/wp-content\/uploads\/2026\/09\/Photo 03-09-2026, 17 24 20.jpg\" style=\"height:444px; width:592px\"\/><\/a><\/p>\n<p>Aici vreau s\u0103 v\u0103d pre\u021burile \u00eenainte s\u0103 laud prea tare direc\u021bia Acer. Dac\u0103 diferen\u021ba fa\u021b\u0103 de Neo devine mare, compara\u021bia se schimb\u0103 imediat.<\/p>\n<p>Swift Air 16 ajunge \u00een Europa \u00een decembrie 2026, iar Acer nu a anun\u021bat \u00eenc\u0103 un pre\u021b pentru Europa. La acela\u0219i stand se afl\u0103 \u0219i spectaculosul <a href=\"https:\/\/www.mobilissimo.ro\/stiri-diverse\/ifa-2026-acer-swift-blade-14-tocmai-a-debutat-si-suna-a-rival-de-macbook-neo-are-doar-799-de-grame-si-vine-cu-display-oled-la-90hz\" rel=\"nofollow noopener\" target=\"_blank\">Swift Blade 14 de numai 799 de grame<\/a>, dar acela merit\u0103 propriul hands-on.<\/p>\n","protected":false},"excerpt":{"rendered":"Acer Swift Air 14 intr\u0103 f\u0103r\u0103 ocoli\u0219uri pe terenul lui MacBook Neo, iar la standul Acer de la&hellip;\n","protected":false},"author":2,"featured_media":288080,"comment_status":"","ping_status":"","sticky":false,"template":"","format":"standard","meta":{"footnotes":"","_share_on_mastodon":"0"},"categories":[16],"tags":[6341,55035,79262,68356,78315,79263,38456,41,40,38,39,141,124,1281],"class_list":["post-288079","post","type-post","status-publish","format-standard","has-post-thumbnail","category-tehnologie","tag-acer","tag-acer-swift-air-14","tag-acer-swift-air-16","tag-ifa-2026","tag-intel-core-series-3","tag-laptopuri-ultraportabile","tag-macbook-neo","tag-ro","tag-romana","tag-romania","tag-romanian","tag-technology","tag-tehnologie","tag-windows"],"share_on_mastodon":{"url":"https:\/\/pubeurope.com\/@ro\/117213439418276269","error":""},"_links":{"self":[{"href":"https:\/\/www.europesays.com\/ro\/wp-json\/wp\/v2\/posts\/288079","targetHints":{"allow":["GET"]}}],"collection":[{"href":"https:\/\/www.europesays.com\/ro\/wp-json\/wp\/v2\/posts"}],"about":[{"href":"https:\/\/www.europesays.com\/ro\/wp-json\/wp\/v2\/types\/post"}],"author":[{"embeddable":true,"href":"https:\/\/www.europesays.com\/ro\/wp-json\/wp\/v2\/users\/2"}],"replies":[{"embeddable":true,"href":"https:\/\/www.europesays.com\/ro\/wp-json\/wp\/v2\/comments?post=288079"}],"version-history":[{"count":0,"href":"https:\/\/www.europesays.com\/ro\/wp-json\/wp\/v2\/posts\/288079\/revisions"}],"wp:featuredmedia":[{"embeddable":true,"href":"https:\/\/www.europesays.com\/ro\/wp-json\/wp\/v2\/media\/288080"}],"wp:attachment":[{"href":"https:\/\/www.europesays.com\/ro\/wp-json\/wp\/v2\/media?parent=288079"}],"wp:term":[{"taxonomy":"category","embeddable":true,"href":"https:\/\/www.europesays.com\/ro\/wp-json\/wp\/v2\/categories?post=288079"},{"taxonomy":"post_tag","embeddable":true,"href":"https:\/\/www.europesays.com\/ro\/wp-json\/wp\/v2\/tags?post=288079"}],"curies":[{"name":"wp","href":"https:\/\/api.w.org\/{rel}","templated":true}]}}