{"id":288103,"date":"2026-09-04T15:39:09","date_gmt":"2026-09-04T15:39:09","guid":{"rendered":"https:\/\/www.europesays.com\/ro\/288103\/"},"modified":"2026-09-04T15:39:09","modified_gmt":"2026-09-04T15:39:09","slug":"ifa-2026-rugone-xsnap-7-pro-are-modul-foto-detasabil-si-se-transforma-in-camera-de-actiune-cat-costa","status":"publish","type":"post","link":"https:\/\/www.europesays.com\/ro\/288103\/","title":{"rendered":"IFA 2026: RugOne Xsnap 7 Pro are modul foto deta\u0219abil \u0219i se transform\u0103 \u00een camer\u0103 de ac\u021biune; C\u00e2t cost\u0103?"},"content":{"rendered":"<p>Telefoanele robuste \u00eencearc\u0103 de obicei s\u0103 ias\u0103 \u00een eviden\u021b\u0103 prin baterii uria\u0219e, carcase masive sau func\u021bii pentru lucru \u00een condi\u021bii dificile, \u00eens\u0103 RugOne Xsnap 7 Pro merge \u00eentr-o direc\u021bie mai neobi\u0219nuit\u0103. Acest model transform\u0103 camera de ac\u021biune \u00eentr-un accesoriu deta\u0219abil al telefonului. Ideea aminte\u0219te mai degrab\u0103 de un sistem modular dec\u00e2t de un smartphone conven\u021bional, iar la IFA 2026 afl\u0103m \u0219i c\u00e2nd ajunge efectiv pe pia\u021b\u0103 \u0219i c\u00e2t va costa acest model.<\/p>\n<p style=\"text-align:center\"><a href=\"https:\/\/www.mobilissimo.ro\/imgs\/uploaded\/images\/9\/download (33)(4).jpg\" target=\"_blank\" rel=\"nofollow noopener\"><img decoding=\"async\" alt=\"\" src=\"https:\/\/www.europesays.com\/ro\/wp-content\/uploads\/2026\/09\/download (33)(4).jpg\" style=\"height:311px; width:592px\"\/><\/a><\/p>\n<p>Atrac\u021bia principal\u0103 r\u0103m\u00e2ne modulul foto compact, de form\u0103 p\u0103trat\u0103. Camera st\u0103 fixat\u0103 magnetic \u00een carcasa telefonului, dar poate fi scoas\u0103 \u0219i folosit\u0103 independent, inclusiv prins\u0103 de echipament pentru film\u0103ri POV. \u00cenregistreaz\u0103 video la rezolu\u021bie 2.7K \u0219i 30 FPS, are 64 GB de stocare proprie \u0219i ofer\u0103 p\u00e2n\u0103 la 40 de minute de autonomie. Conexiunea cu telefonul se face wireless prin aplica\u021bia Xsnap Go, astfel c\u0103 ecranul smartphone-ului poate servi drept vizor \u0219i telecomand\u0103. Modulul rezist\u0103 \u0219i la scufund\u0103ri de p\u00e2n\u0103 la 5 metri.<\/p>\n<p>Specifica\u021bii RugOne Xsnap 7 Pro<\/p>\n<ul>\n<li>Ecran: 6.67 inch, rat\u0103 de refresh de 120 Hz<\/li>\n<li>Procesor: MediaTek Dimensity 8400<\/li>\n<li>Camer\u0103 principal\u0103: 50 MP, cu stabilizare optic\u0103 OIS<\/li>\n<li>Camer\u0103 pentru vedere nocturn\u0103: 64 MP, cu LED-uri infraro\u0219ii dedicate<\/li>\n<li>Camer\u0103 de ac\u021biune deta\u0219abil\u0103: filmare 2.7K la 30 FPS<\/li>\n<li>Stocare camer\u0103 deta\u0219abil\u0103: 64 GB<\/li>\n<li>Autonomie camer\u0103 deta\u0219abil\u0103: p\u00e2n\u0103 la 40 de minute<\/li>\n<li>Conectare camer\u0103: wireless, prin aplica\u021bie companion<\/li>\n<li>Fixare camer\u0103: magnetic\u0103, \u00een panoul posterior al telefonului<\/li>\n<li>Rezisten\u021b\u0103 camer\u0103 deta\u0219abil\u0103: scufundare p\u00e2n\u0103 la 5 metri<\/li>\n<li>Rezisten\u021b\u0103 telefon: certificare IP69K pentru ap\u0103 \u0219i praf<\/li>\n<li>Culori: Classic Black, Sand Dune<\/li>\n<\/ul>\n<p>RugOne are deja istorie la Berlin. Brandul <a href=\"https:\/\/www.mobilissimo.ro\/articole-telefoane\/ifa-2025-video-hands-on-rugone-xever-7-pro\" target=\"_blank\" rel=\"nofollow noopener\">debuta la IFA 2025 cu seria Xever 7<\/a>, unde ideea neobi\u0219nuit\u0103 era bateria deta\u0219abil\u0103. Xsnap 7 Pro mut\u0103 modularitatea spre camer\u0103, o direc\u021bie mai interesant\u0103 pentru cei care filmeaz\u0103 pe biciclet\u0103, \u00een drume\u021bii sau \u00een alte activit\u0103\u021bi unde telefonul nu poate r\u0103m\u00e2ne permanent \u00een m\u00e2n\u0103.<\/p>\n<p style=\"text-align:center\"><a href=\"https:\/\/www.mobilissimo.ro\/imgs\/uploaded\/images\/9\/download (34)(2).jpg\" target=\"_blank\" rel=\"nofollow noopener\"><img decoding=\"async\" alt=\"\" src=\"https:\/\/www.europesays.com\/ro\/wp-content\/uploads\/2026\/09\/download (34)(2).jpg\" style=\"height:390px; width:592px\"\/><\/a><\/p>\n<p>Lansarea oficial\u0103 are loc la IFA Berlin pe 5 septembrie. Campania Kickstarter \u00eencepe pe 7 septembrie, cu un pre\u021b early-bird de 799 de euro. Disponibilitatea global\u0103 este programat\u0103 pentru octombrie, la un pre\u021b anun\u021bat de 999 de euro.<\/p>\n","protected":false},"excerpt":{"rendered":"Telefoanele robuste \u00eencearc\u0103 de obicei s\u0103 ias\u0103 \u00een eviden\u021b\u0103 prin baterii uria\u0219e, carcase masive sau func\u021bii pentru lucru&hellip;\n","protected":false},"author":2,"featured_media":288104,"comment_status":"","ping_status":"","sticky":false,"template":"","format":"standard","meta":{"footnotes":"","_share_on_mastodon":"0"},"categories":[16],"tags":[274,79271,70522,79272,79269,41,40,38,39,58075,79268,141,124,79270],"class_list":["post-288103","post","type-post","status-publish","format-standard","has-post-thumbnail","category-tehnologie","tag-android","tag-camera-de-actiune","tag-ifa-berlin","tag-kickstarter","tag-mediatek-dimensity-8400","tag-ro","tag-romana","tag-romania","tag-romanian","tag-rugone","tag-rugone-xsnap-7-pro","tag-technology","tag-tehnologie","tag-telefon-robust"],"share_on_mastodon":{"url":"https:\/\/pubeurope.com\/@ro\/117213525971589872","error":""},"_links":{"self":[{"href":"https:\/\/www.europesays.com\/ro\/wp-json\/wp\/v2\/posts\/288103","targetHints":{"allow":["GET"]}}],"collection":[{"href":"https:\/\/www.europesays.com\/ro\/wp-json\/wp\/v2\/posts"}],"about":[{"href":"https:\/\/www.europesays.com\/ro\/wp-json\/wp\/v2\/types\/post"}],"author":[{"embeddable":true,"href":"https:\/\/www.europesays.com\/ro\/wp-json\/wp\/v2\/users\/2"}],"replies":[{"embeddable":true,"href":"https:\/\/www.europesays.com\/ro\/wp-json\/wp\/v2\/comments?post=288103"}],"version-history":[{"count":0,"href":"https:\/\/www.europesays.com\/ro\/wp-json\/wp\/v2\/posts\/288103\/revisions"}],"wp:featuredmedia":[{"embeddable":true,"href":"https:\/\/www.europesays.com\/ro\/wp-json\/wp\/v2\/media\/288104"}],"wp:attachment":[{"href":"https:\/\/www.europesays.com\/ro\/wp-json\/wp\/v2\/media?parent=288103"}],"wp:term":[{"taxonomy":"category","embeddable":true,"href":"https:\/\/www.europesays.com\/ro\/wp-json\/wp\/v2\/categories?post=288103"},{"taxonomy":"post_tag","embeddable":true,"href":"https:\/\/www.europesays.com\/ro\/wp-json\/wp\/v2\/tags?post=288103"}],"curies":[{"name":"wp","href":"https:\/\/api.w.org\/{rel}","templated":true}]}}