{"id":288163,"date":"2026-09-04T16:49:15","date_gmt":"2026-09-04T16:49:15","guid":{"rendered":"https:\/\/www.europesays.com\/ro\/288163\/"},"modified":"2026-09-04T16:49:15","modified_gmt":"2026-09-04T16:49:15","slug":"huawei-a-lansat-noile-watch-gt7-si-gt7-pro-watch-6-si-watch-6-pro-watch-d3-si-o-noua-tableta-flagship","status":"publish","type":"post","link":"https:\/\/www.europesays.com\/ro\/288163\/","title":{"rendered":"Huawei a lansat noile Watch GT7 \u0219i GT7 Pro, Watch 6 \u0219i Watch 6 Pro, Watch D3 \u0219i o nou\u0103 tablet\u0103 flagship"},"content":{"rendered":"<p class=\"wp-block-paragraph\">Huawei a organizat un eveniment major de lansare \u00een M\u00fcnchen, Germania, pe data de 2 septembrie 2026, aduc\u00e2nd \u00een prim-plan o gam\u0103 nou\u0103 de dispozitive inteligente axate pe monitorizarea s\u0103n\u0103t\u0103\u021bii, performan\u021b\u0103 sportiv\u0103 \u0219i productivitate. Din punctul meu de vedere, lansarea a subliniat \u00eenc\u0103 o dat\u0103 angajamentul produc\u0103torului de a inova at\u00e2t pe segmentul de purtabile premium, c\u00e2t \u0219i pe cel al tabletelor de top.<\/p>\n<p><img fetchpriority=\"high\" decoding=\"async\" width=\"1200\" height=\"675\" src=\"https:\/\/www.europesays.com\/ro\/wp-content\/uploads\/2026\/09\/Eveniment-HUAWEI-Munchen-2026-26-1200x675.jpg\" alt=\"Eveniment HUAWEI Munchen 2026\" class=\"wp-image-389241\"  \/><\/p>\n<p class=\"wp-block-paragraph\">De\u0219i \u00een cadrul evenimentului grandios a fost prezentat\u0103 \u0219i seria de telefoane Nova 16, aten\u021bia noastr\u0103 se concentreaz\u0103 pe produsele care vor fi disponibile oficial \u00een mod cert pe pia\u021ba local\u0103, respectiv noile ceasuri din seriile Watch GT7, Watch 6 \u0219i Watch D3, al\u0103turi de noua tablet\u0103 flagship Huawei MatePad Pro 12 echipat\u0103 cu ecran PaperMatte.<\/p>\n<p class=\"wp-block-paragraph\">A\u0219a cum am \u00een\u021beles eu din prezent\u0103rile de la eveniment, vedetele seriei de purtabile sunt, f\u0103r\u0103 \u00eendoial\u0103, modelele Huawei Watch GT7 \u0219i Huawei Watch GT7 Pro. Acestea continu\u0103 tradi\u021bia seriei GT, combin\u00e2nd un design rafinat, cu un echilibru ideal \u00eentre sportivitate \u0219i elegan\u021b\u0103, cu senzori de monitorizare extrem de preci\u0219i \u0219i cu o autonomie impresionant\u0103, ce ajunge p\u00e2n\u0103 la dou\u0103 s\u0103pt\u0103m\u00e2ni.<\/p>\n<p class=\"wp-block-paragraph\">Varianta Watch GT7 Pro aduce materiale ultra-rezistente, precum o carcas\u0103 din aliaj de titan, cu f\u00e2\u0219ia ce \u00eenconjoar\u0103 ecranul din ceramic\u0103 \u0219i sticl\u0103 din cristal de safir ce protejeaz\u0103 display-ul, \u00een timp ce modelul standard Watch GT7 mizeaz\u0103 pe o construc\u021bie din o\u021bel inoxidabil.<\/p>\n<p class=\"wp-block-paragraph\">Senzorii de ritm cardiac \u0219i SpO2 au primit actualiz\u0103ri majore de algoritm pentru a oferi m\u0103sur\u0103tori \u0219i mai exacte chiar \u0219i \u00een timpul antrenamentelor de mare intensitate. De asemenea, modulul GPS dual-band \u00eembun\u0103t\u0103\u021bit garanteaz\u0103 o localizare precis\u0103 \u00een timpul alerg\u0103rilor sau drume\u021biilor, iar noile op\u021biuni dedicate aplica\u021biilor de golf \u0219i scufund\u0103ri fac din varianta Pro un partener extrem de capabil pentru pasiona\u021bii de astfel de activit\u0103\u021bi.<\/p>\n<p><img loading=\"lazy\" decoding=\"async\" width=\"1200\" height=\"650\" data-id=\"389242\" src=\"https:\/\/www.europesays.com\/ro\/wp-content\/uploads\/2026\/09\/Eveniment-HUAWEI-Munchen-2026-14-1200x650.jpg\" alt=\"\" class=\"wp-image-389242\"  \/><\/p>\n<p><img loading=\"lazy\" decoding=\"async\" width=\"1200\" height=\"853\" data-id=\"389243\" src=\"https:\/\/www.europesays.com\/ro\/wp-content\/uploads\/2026\/09\/Eveniment-HUAWEI-Munchen-2026-16-1200x853.jpg\" alt=\"\" class=\"wp-image-389243\"  \/><\/p>\n<p class=\"wp-block-paragraph\">Pe l\u00e2ng\u0103 toate acestea, noul Huawei Watch GT7 Pro aduce \u00eembun\u0103t\u0103\u021biri majore \u0219i pentru pasiona\u021bii de sporturi de iarn\u0103 prin introducerea unui mod de schi complet reproiectat. Noul algoritm analizeaz\u0103 \u00een profunzime mi\u0219c\u0103rile corpului \u0219i dinamica fiec\u0103rui viraj, oferind o interpretare mult mai precis\u0103 a tehnicii de cobor\u00e2re \u0219i a curbelor luate de schior. \u00cen plus, integrarea avansat\u0103 a senzorilor cu sistemul de pozi\u021bionare permite o cartografiere excelent\u0103 \u0219i o localizare mult mai exact\u0103 pe p\u00e2rtie, chiar \u0219i \u00een condi\u021bii meteo dificile. O alt\u0103 noutate absolut\u0103 este modul dedicat schiului \u00een interior, dezvoltat special pentru p\u00e2rtiile acoperite deschise pe tot parcursul anului, oferind parametri dedica\u021bi de monitorizare \u0219i urm\u0103rire a performan\u021bei indiferent de sezon.\u00a0<\/p>\n<p class=\"wp-block-paragraph\">Al\u0103turi de modelele din gama Watch GT7, au fost lansate \u0219i noile Huawei Watch 6 \u0219i Watch 6 Pro, create pentru cei care caut\u0103 func\u021bii avansate de smartwatch \u0219i o conectivitate complet\u0103. Construite cu sticl\u0103 u\u0219or bombat\u0103 de safir (dar mult mai pu\u021bin evident\u0103 dec\u00e2t la genera\u021bia trecut\u0103) \u0219i carcase din materiale premium, aceste ceasuri dispun de suport eSIM integrat, permi\u021b\u00e2nd efectuarea de apeluri \u0219i navigare independent de smartphone.<\/p>\n<p><img loading=\"lazy\" decoding=\"async\" width=\"1200\" height=\"750\" data-id=\"389244\" src=\"https:\/\/www.europesays.com\/ro\/wp-content\/uploads\/2026\/09\/Eveniment-HUAWEI-Munchen-2026-17-1200x750.jpg\" alt=\"\" class=\"wp-image-389244\"  \/><\/p>\n<p><img loading=\"lazy\" decoding=\"async\" width=\"1200\" height=\"675\" data-id=\"389245\" src=\"https:\/\/www.europesays.com\/ro\/wp-content\/uploads\/2026\/09\/Eveniment-HUAWEI-Munchen-2026-25-1200x675.jpg\" alt=\"\" class=\"wp-image-389245\"  \/><\/p>\n<p class=\"wp-block-paragraph\">Echipate cu senzor X-TAP \u0219i un sistem avansat de monitorizare EKG, noile modele pot genera rapoarte detaliate de s\u0103n\u0103tate \u00eentr-un timp record. Autonomia r\u0103m\u00e2ne competitiv\u0103 \u00een categoria sa, fiind sus\u021binut\u0103 de profiluri inteligente de gestionare a energiei, \u00een timp ce ecranul LTPO AMOLED ofer\u0103 o luminozitate excelent\u0103 (maxim 3500 ni\u021bi \u00een peak) chiar \u0219i sub lumina direct\u0103 a soarelui. Ceasurile Watch 6 combin\u0103 elegan\u021ba clasic\u0103 cu un pachet software modern bazat pe HarmonyOS, fiind ideale pentru cei care \u00ee\u0219i doresc un asistent personal la \u00eencheietur\u0103 f\u0103r\u0103 a face compromisuri la capitolul stil.<\/p>\n<p class=\"wp-block-paragraph\">Pentru cei preocupa\u021bi \u00eendeaproape de monitorizarea medical\u0103, Huawei a lansat Watch D3, succesorul uneia dintre cele mai inovatoare linii de ceasuri de pe pia\u021b\u0103. Huawei Watch D3 perfec\u021bioneaz\u0103 tehnologia de m\u0103surare a tensiunii arteriale la \u00eencheietur\u0103, utiliz\u00e2nd o nou\u0103 pomp\u0103 micro-mecanic\u0103 \u00een corpul ceasului \u0219i o pern\u0103 de aer integrat\u0103 direct \u00een curea. Fa\u021b\u0103 de genera\u021biile anterioare, D3 aduce un profil mai sub\u021bire \u0219i mai confortabil, put\u00e2nd fi purtat f\u0103r\u0103 probleme pe parcursul \u00eentregii zile, precum \u0219i \u00een timpul somnului.<\/p>\n<p><img loading=\"lazy\" decoding=\"async\" width=\"1200\" height=\"851\" data-id=\"389246\" src=\"https:\/\/www.europesays.com\/ro\/wp-content\/uploads\/2026\/09\/Eveniment-HUAWEI-Munchen-2026-20-1200x851.jpg\" alt=\"\" class=\"wp-image-389246\"  \/><\/p>\n<p><img loading=\"lazy\" decoding=\"async\" width=\"1200\" height=\"725\" data-id=\"389247\" src=\"https:\/\/www.europesays.com\/ro\/wp-content\/uploads\/2026\/09\/Eveniment-HUAWEI-Munchen-2026-21-1200x725.jpg\" alt=\"\" class=\"wp-image-389247\"  \/><\/p>\n<p class=\"wp-block-paragraph\">Dispozitivul include analize EKG, detec\u021bia rigidit\u0103\u021bii arteriale \u0219i monitorizarea nivelului de stres, oferind un pachet complet de diagnostic preventiv. Certific\u0103rile medicale ob\u021binute \u0219i interfa\u021ba optimizat\u0103 fac din Huawei Watch D3 un instrument de \u00eencredere pentru utilizatorii care au nevoie de monitorizare cardiovascular\u0103 continu\u0103 \u0219i precis\u0103.<\/p>\n<p class=\"wp-block-paragraph\">Pe partea de productivitate \u0219i crea\u021bie vizual\u0103, punctul de atrac\u021bie a fost noua tablet\u0103 Huawei MatePad Pro 12. Echipat\u0103 cu un ecran Tandem OLED avansat \u0219i tehnologia proprietar\u0103 PaperMatte, tableta reu\u0219e\u0219te s\u0103 elimine aproape complet reflexiile, oferind o senza\u021bie tactil\u0103 similar\u0103 scrisului pe h\u00e2rtie. Ecranul de 12.2 inch ofer\u0103 o luminozitate ridicat\u0103, culori vii, rezolu\u021bie \u0219i o rat\u0103 de refresh \u00eenalte, fiind extrem de bl\u00e2nd cu ochii \u00een timpul sesiunilor lungi de lucru sau lectur\u0103. Cu un profil extrem de sub\u021bire (4.7 mm) \u0219i o greutate redus\u0103 (454 grame), MatePad Pro 12 este conceput\u0103 pentru profesioni\u0219tii mobili \u0219i creativi.<\/p>\n<p><img loading=\"lazy\" decoding=\"async\" width=\"1200\" height=\"921\" src=\"https:\/\/www.europesays.com\/ro\/wp-content\/uploads\/2026\/09\/Huawei-MatePad-Pro-12-2026-e1788538184770-1200x921.webp\" alt=\"Huawei MatePad Pro 12 (2026)\" class=\"wp-image-389248\"  \/><\/p>\n<p class=\"wp-block-paragraph\">Suportul pentru noua tastatur\u0103 inteligent\u0103 cu touchpad integrat \u0219i stylus-ul activ M-Pencil transform\u0103 tableta \u00eentr-o alternativ\u0103 viabil\u0103 la laptopurile tradi\u021bionale, fiind sus\u021binut\u0103 de o baterie generoas\u0103 de 10.400 mAh, cu \u00eenc\u0103rcare rapid\u0103 (66W) \u0219i \u00eenc\u0103rcare invers\u0103 prin cablu cu maxim 40W.<\/p>\n<p class=\"wp-block-paragraph\">Evenimentul de la M\u00fcnchen mi-a reconfirmat strategia Huawei de a oferi un ecosistem conectat \u0219i axat pe s\u0103n\u0103tate, fitness \u0219i eficien\u021b\u0103 personal\u0103. Cu un portofoliu actualizat de ceasuri inteligente pentru toate categoriile de utilizatori \u0219i o tablet\u0103 conceput\u0103 pentru nivel profesional, noile produse lansate urmeaz\u0103 s\u0103 devin\u0103 disponibile pe pia\u021ba din Rom\u00e2nia \u00een perioada urm\u0103toare, iar un review complet pentru Huawei Watch GT7 Pro va fi publicat pe site \u00een c\u00e2teva zile.<\/p>\n","protected":false},"excerpt":{"rendered":"Huawei a organizat un eveniment major de lansare \u00een M\u00fcnchen, Germania, pe data de 2 septembrie 2026, aduc\u00e2nd&hellip;\n","protected":false},"author":2,"featured_media":288164,"comment_status":"","ping_status":"","sticky":false,"template":"","format":"standard","meta":{"footnotes":"","_share_on_mastodon":"0"},"categories":[16],"tags":[23469,156,79281,79282,76758,78422,78684,69647,520,41,40,38,39,141,124],"class_list":["post-288163","post","type-post","status-publish","format-standard","has-post-thumbnail","category-tehnologie","tag-eveniment","tag-huawei","tag-huawei-d3","tag-huawei-matepad-pro-12","tag-huawei-watch-6","tag-huawei-watch-6-pro","tag-huawei-watch-gt7","tag-huawei-watch-gt7-pro","tag-lansare","tag-ro","tag-romana","tag-romania","tag-romanian","tag-technology","tag-tehnologie"],"share_on_mastodon":{"url":"https:\/\/pubeurope.com\/@ro\/117213801387857879","error":""},"_links":{"self":[{"href":"https:\/\/www.europesays.com\/ro\/wp-json\/wp\/v2\/posts\/288163","targetHints":{"allow":["GET"]}}],"collection":[{"href":"https:\/\/www.europesays.com\/ro\/wp-json\/wp\/v2\/posts"}],"about":[{"href":"https:\/\/www.europesays.com\/ro\/wp-json\/wp\/v2\/types\/post"}],"author":[{"embeddable":true,"href":"https:\/\/www.europesays.com\/ro\/wp-json\/wp\/v2\/users\/2"}],"replies":[{"embeddable":true,"href":"https:\/\/www.europesays.com\/ro\/wp-json\/wp\/v2\/comments?post=288163"}],"version-history":[{"count":0,"href":"https:\/\/www.europesays.com\/ro\/wp-json\/wp\/v2\/posts\/288163\/revisions"}],"wp:featuredmedia":[{"embeddable":true,"href":"https:\/\/www.europesays.com\/ro\/wp-json\/wp\/v2\/media\/288164"}],"wp:attachment":[{"href":"https:\/\/www.europesays.com\/ro\/wp-json\/wp\/v2\/media?parent=288163"}],"wp:term":[{"taxonomy":"category","embeddable":true,"href":"https:\/\/www.europesays.com\/ro\/wp-json\/wp\/v2\/categories?post=288163"},{"taxonomy":"post_tag","embeddable":true,"href":"https:\/\/www.europesays.com\/ro\/wp-json\/wp\/v2\/tags?post=288163"}],"curies":[{"name":"wp","href":"https:\/\/api.w.org\/{rel}","templated":true}]}}