{"id":288177,"date":"2026-09-04T17:10:16","date_gmt":"2026-09-04T17:10:16","guid":{"rendered":"https:\/\/www.europesays.com\/ro\/288177\/"},"modified":"2026-09-04T17:10:16","modified_gmt":"2026-09-04T17:10:16","slug":"ifa-2026-dreame-a3-awd-pro-este-aproape-un-4x4-pentru-gazon-urca-pante-de-80-si-vede-peste-300-de-obstacole","status":"publish","type":"post","link":"https:\/\/www.europesays.com\/ro\/288177\/","title":{"rendered":"IFA 2026: Dreame A3 AWD Pro este aproape un 4&#215;4 pentru gazon; urc\u0103 pante de 80% \u0219i vede peste 300 de obstacole"},"content":{"rendered":"<p>Dreame aduce la <a href=\"https:\/\/www.mobilissimo.ro\/stiri-despre\/IFA+2026\" rel=\"nofollow noopener\" target=\"_blank\">IFA 2026<\/a> un robot de tuns gazonul care pare mai degrab\u0103 un mic 4&#215;4 autonom dec\u00e2t o \u201ema\u0219in\u0103 de tuns iarba\u201d. <a href=\"https:\/\/www.androidheadlines.com\/2026\/09\/dreame-a3-awd-pro-robot-lawn-mower-ifa-2026.html\" rel=\"nofollow noopener noreferrer\" target=\"_blank\">A3 AWD Pro<\/a> are trac\u021biune integral\u0103, suspensie, LiDAR 3D \u0219i dou\u0103 camere, put\u00e2nd lucra pe suprafe\u021be de p\u00e2n\u0103 la 5.000 m\u00b2 f\u0103r\u0103 cablu perimetral sau antene RTK prin gr\u0103din\u0103.<\/p>\n<p>Dreame folose\u0219te sistemul OmniSense 3.0, care combin\u0103 LiDAR 3D la 360 de grade cu dou\u0103 camere HDR 1080p pentru vedere binocular\u0103. Robotul \u00ee\u0219i construie\u0219te singur harta \u0219i poate recunoa\u0219te peste 300 de tipuri de obstacole, de la furtunuri \u0219i mobilier p\u00e2n\u0103 la oameni, animale sau arici, de la distan\u021be de p\u00e2n\u0103 la 70 de metri.<\/p>\n<p class=\"photoGallery\"><a class=\"ui-action-gallery-overlay\" data-photo-gallery-id=\"15833\"><img class=\"articleGalleryPreviewImage\" src=\"https:\/\/www.europesays.com\/ro\/wp-content\/uploads\/2026\/09\/6a9acdcee8db0.jpg\" alt=\"DREAME A3 AWD Pro (galerie)\" width=\"910\" height=\"601\" loading=\"lazy\" decoding=\"async\"\/>DREAME A3 AWD Pro (galerie)<\/a><\/p>\n<p>E aceea\u0219i filosofie de naviga\u021bie pe care am v\u0103zut-o evolu\u00e2nd de la <a href=\"https:\/\/www.mobilissimo.ro\/articole-diverse\/dreame-a1-ajunge-in-romania-robotul-de-tuns-iarba-care-iti-face-curtea-impecabila-fara-efort\" rel=\"nofollow noopener\" target=\"_blank\">Dreame A1, ajuns oficial \u0219i \u00een Rom\u00e2nia<\/a>, doar c\u0103 acum robotul pare preg\u0103tit \u0219i pentru cur\u021bi unde \u201eteren drept\u201d este mai degrab\u0103 o sugestie.<\/p>\n<p>4&#215;4 pentru gazon \u0219i pante de 80%<\/p>\n<p>Fiecare roat\u0103 are propriul motor, iar Dreame promite urcarea unor pante de p\u00e2n\u0103 la 80%, adic\u0103 38,7 grade. Poate trece \u0219i peste obstacole verticale de p\u00e2n\u0103 la 5,5 cm, ajutat de ro\u021bile spate cu profil off-road, ro\u021bile omnidirec\u021bionale frontale \u0219i suspensia integral\u0103.<\/p>\n<p style=\"text-align:center\"><a href=\"https:\/\/www.europesays.com\/ro\/wp-content\/uploads\/2026\/09\/four-wheel-drive-for-extreme-slo.jpg\" target=\"_blank\"><img decoding=\"async\" alt=\"\" src=\"https:\/\/www.europesays.com\/ro\/wp-content\/uploads\/2026\/09\/four-wheel-drive-for-extreme-slo.jpg\" style=\"height:370px; width:592px\"\/><\/a><\/p>\n<p>T\u0103ierea se face cu dou\u0103 discuri flotante, pe o l\u0103\u021bime total\u0103 de 40 cm, iar \u00een\u0103l\u021bimea poate fi reglat\u0103 \u00eentre 3 \u0219i 10 cm. Sistemul EdgeMaster 2.0 \u00eempinge lamele spre exterior atunci c\u00e2nd robotul ajunge l\u00e2ng\u0103 zid sau gard, l\u0103s\u00e2nd o margine netuns\u0103 de mai pu\u021bin de 3 cm. \u00cen modul Rush poate acoperi p\u00e2n\u0103 la 800 m\u00b2 pe or\u0103.<\/p>\n<p>Dac\u0103 robotul <a href=\"https:\/\/www.mobilissimo.ro\/articole-diverse\/ces-2026-dreame-roboticmower-apex-atrage-toata-atentia-masina-de-tuns-iarba-inteligenta\" rel=\"nofollow noopener\" target=\"_blank\">APEX prezentat de Dreame la CES 2026<\/a> venea cu bra\u021b robotic pentru a muta obiectele din cale, A3 AWD Pro merge pe abordarea mai realist\u0103 pentru moment: le vede, le identific\u0103 \u0219i le ocole\u0219te. Mai pu\u021bin SF, probabil mai folositor \u00eentr-o curte real\u0103.<\/p>\n<p>Poate deveni \u0219i paznic pentru gr\u0103din\u0103<\/p>\n<p>Func\u021bia Garden Guardian folose\u0219te camerele robotului pentru streaming video, detec\u021bia persoanelor \u0219i trasee de patrulare configurabile. Exist\u0103 localizare GPS, conectivitate 4G eSIM, alert\u0103 dac\u0103 robotul este ridicat \u0219i chiar un loca\u0219 intern pentru Apple AirTag.<\/p>\n<p style=\"text-align:center\"><a href=\"https:\/\/www.europesays.com\/ro\/wp-content\/uploads\/2026\/09\/navigation-and-mapping.jpg\" target=\"_blank\"><img decoding=\"async\" alt=\"\" src=\"https:\/\/www.europesays.com\/ro\/wp-content\/uploads\/2026\/09\/navigation-and-mapping.jpg\" style=\"height:370px; width:592px\"\/><\/a><\/p>\n<p>Din aplica\u021bie se pot seta zone separate, \u00een\u0103l\u021bimi diferite de tundere, direc\u021bia de lucru, spa\u021bii interzise pentru piscin\u0103 sau straturi de flori \u0219i chiar h\u0103r\u021bi distincte pentru curtea din fa\u021b\u0103 \u0219i cea din spate. Dreame a parcurs ceva drum fa\u021b\u0103 de <a href=\"https:\/\/www.mobilissimo.ro\/articole-diverse\/dreame-a1-pro-sau-dreame-a2-ce-masina-de-tuns-gazonul-alegi-de-black-friday\" rel=\"nofollow noopener\" target=\"_blank\">A1 Pro \u0219i A2, modelele pe care le-am comparat deja pe Mobilissimo<\/a>.<\/p>\n<p>Interesant este c\u0103 A3 AWD Pro 3500 se g\u0103se\u0219te deja \u0219i \u00een Rom\u00e2nia, at\u00e2t pe eMAG prin partener, c\u00e2t \u0219i direct pe site-ul Dreame. Varianta pentru peluze de p\u00e2n\u0103 la 3.500 m\u00b2 apare la <a href=\"https:\/\/www.bf.ro\/go\/GsC5nSbW\" rel=\"nofollow noopener noreferrer\" target=\"_blank\">12.999 lei<\/a>, iar pe Dreame Rom\u00e2nia a fost afi\u0219at\u0103 \u0219i la <a href=\"https:\/\/www.bf.ro\/go\/Wj51NZhU\" rel=\"nofollow noopener noreferrer\" target=\"_blank\">11.999 lei<\/a>.<\/p>\n","protected":false},"excerpt":{"rendered":"Dreame aduce la IFA 2026 un robot de tuns gazonul care pare mai degrab\u0103 un mic 4&#215;4 autonom&hellip;\n","protected":false},"author":2,"featured_media":288178,"comment_status":"","ping_status":"","sticky":false,"template":"","format":"standard","meta":{"footnotes":"","_share_on_mastodon":"0"},"categories":[16],"tags":[15683,79283,79288,79286,152,79287,68356,18530,79285,41,79284,40,38,39,141,124],"class_list":["post-288177","post","type-post","status-publish","format-standard","has-post-thumbnail","category-tehnologie","tag-dreame","tag-dreame-a3-awd-pro","tag-dreame-a3-awd-pro-3500","tag-edgemaster-2-0","tag-emag","tag-gradina-inteligenta","tag-ifa-2026","tag-lidar","tag-omnisense-3-0","tag-ro","tag-robot-de-tuns-gazonul","tag-romana","tag-romania","tag-romanian","tag-technology","tag-tehnologie"],"share_on_mastodon":{"url":"https:\/\/pubeurope.com\/@ro\/117213883929068712","error":""},"_links":{"self":[{"href":"https:\/\/www.europesays.com\/ro\/wp-json\/wp\/v2\/posts\/288177","targetHints":{"allow":["GET"]}}],"collection":[{"href":"https:\/\/www.europesays.com\/ro\/wp-json\/wp\/v2\/posts"}],"about":[{"href":"https:\/\/www.europesays.com\/ro\/wp-json\/wp\/v2\/types\/post"}],"author":[{"embeddable":true,"href":"https:\/\/www.europesays.com\/ro\/wp-json\/wp\/v2\/users\/2"}],"replies":[{"embeddable":true,"href":"https:\/\/www.europesays.com\/ro\/wp-json\/wp\/v2\/comments?post=288177"}],"version-history":[{"count":0,"href":"https:\/\/www.europesays.com\/ro\/wp-json\/wp\/v2\/posts\/288177\/revisions"}],"wp:featuredmedia":[{"embeddable":true,"href":"https:\/\/www.europesays.com\/ro\/wp-json\/wp\/v2\/media\/288178"}],"wp:attachment":[{"href":"https:\/\/www.europesays.com\/ro\/wp-json\/wp\/v2\/media?parent=288177"}],"wp:term":[{"taxonomy":"category","embeddable":true,"href":"https:\/\/www.europesays.com\/ro\/wp-json\/wp\/v2\/categories?post=288177"},{"taxonomy":"post_tag","embeddable":true,"href":"https:\/\/www.europesays.com\/ro\/wp-json\/wp\/v2\/tags?post=288177"}],"curies":[{"name":"wp","href":"https:\/\/api.w.org\/{rel}","templated":true}]}}