{"id":288197,"date":"2026-09-04T17:34:13","date_gmt":"2026-09-04T17:34:13","guid":{"rendered":"https:\/\/www.europesays.com\/ro\/288197\/"},"modified":"2026-09-04T17:34:13","modified_gmt":"2026-09-04T17:34:13","slug":"adriana-saftoiu-contesta-motivarea-ccr-care-ii-afecteaza-numirea-la-conducerea-tvr-mie-mi-se-pare-destul-de-grav","status":"publish","type":"post","link":"https:\/\/www.europesays.com\/ro\/288197\/","title":{"rendered":"Adriana S\u0103ftoiu contest\u0103 motivarea CCR care \u00eei afecteaz\u0103 numirea la conducerea TVR: \u201eMie mi se pare destul de grav\u201d"},"content":{"rendered":"<p>Adriana S\u0103ftoiu, pre\u0219edintele-director general al Televiziunii Rom\u00e2ne, contest\u0103 modul \u00een care Curtea Constitu\u021bional\u0103 a formulat motivarea unei decizii care afecteaz\u0103 inclusiv actul prin care ea a fost numit\u0103 la conducerea TVR. S\u0103ftoiu sus\u021bine c\u0103 hot\u0103r\u00e2rea privind numirea sa\u00a0<a href=\"https:\/\/adevarul.ro\/politica\/aur-cere-ccr-sa-publice-de-urgenta-deciziile-2553963.html\" rel=\"nofollow noopener\" target=\"_blank\">nu a fost contestat\u0103 de AUR\u00a0<\/a>\u0219i nici nu ar fi fost discutat\u0103 \u00een plenul CCR, \u00eens\u0103 apare \u00een motivare ca o extensie a unei alte hot\u0103r\u00e2ri.<\/p>\n<p> <img decoding=\"async\" src=\"https:\/\/www.europesays.com\/ro\/wp-content\/uploads\/2026\/09\/1788543253_17_index.jpeg\" alt=\"Adriana S\u0103ftoiu, pre\u0219edintele-director general al Televiziunii Rom\u00e2ne.\" width=\"1320\" height=\"750\" loading=\"eager\" fetchpriority=\"high\" class=\"svelte-1kfbksm\"\/> <\/p>\n<p>Adriana S\u0103ftoiu, pre\u0219edintele-director general al Televiziunii Rom\u00e2ne. Foto: arhiv\u0103<\/p>\n<p>publicitate&#8221;); background-position: center center; background-repeat: no-repeat;&#8221;&gt;<\/p>\n<p>\u0218efa TVR spune c\u0103 situa\u021bia ridic\u0103 o problem\u0103 de principiu \u0219i afirm\u0103 c\u0103 este \u201e\u00eengrijor\u0103tor\u201d faptul c\u0103 \u00een motivarea CCR ar fi fost inclus\u0103 o chestiune care, potrivit sus\u021binerilor sale, nu a f\u0103cut obiectul deliber\u0103rii.<\/p>\n<p>\u201eM\u0103 uime\u0219te faptul c\u0103 hot\u0103r\u00e2rea prin care am fost numit\u0103 pre\u0219edinte \u2013 director general la televiziune, care nu a fost atacat\u0103 de AUR ca neconstitu\u021bional\u0103, totu\u0219i Curtea a decis c\u0103 este neconstitu\u021bional\u0103. \u00cen\u021beleg c\u0103 nici m\u0103car aceast\u0103 hot\u0103r\u00e2re, Hot\u0103r\u00e2rea 50, nu a fost discutat\u0103 \u00een plenul CCR\u201d, a declarat Adriana S\u0103ftoiu pentru\u00a0<a href=\"https:\/\/www.cotidianul.ro\/adriana-saftoiu-reactie-in-exclusivitate-pentru-cotidianul-ccr-a-declarat-neconstitutionala-o-hotarare-pe-care-nici-n-a-discutat-o\/\" rel=\"nofollow noopener\" target=\"_blank\">Cotidianul.<\/a><\/p>\n<p>Potrivit acesteia, Hot\u0103r\u00e2rea 50 apare \u00een motivarea CCR drept o extensie a Hot\u0103r\u00e2rii 45.<\/p>\n<p>\u201ePur \u0219i simplu apare \u00een motivare ca o extensie a Hot\u0103r\u00e2rii 45 \u2013 decizia a fost extins\u0103 \u0219i c\u0103tre Hot\u0103r\u00e2rea 50. Mie mi se pare destul de grav\u201d, a mai spus S\u0103ftoiu.<\/p>\n<p>Surse parlamentare au declarat c\u0103 situa\u021bia interimatelor de la TVR \u0219i SRTV urmeaz\u0103 s\u0103 fie decis\u0103 \u00een plenul reunit al Parlamentului. Potrivit acestora, interimatele nu se prelungesc automat.<\/p>\n<p> S\u0103ftoiu: \u201eMi-e \u0219i fric\u0103 s\u0103 suspectez\u201d o ingerin\u021b\u0103 politic\u0103 <\/p>\n<p>\u00centrebat\u0103 dac\u0103 suspecteaz\u0103 o posibil\u0103 ingerin\u021b\u0103 politic\u0103 sau existen\u021ba unui interes politic \u00een aceast\u0103 situa\u021bie, Adriana S\u0103ftoiu a spus c\u0103 se teme chiar s\u0103 ia \u00een calcul o asemenea ipotez\u0103.<\/p>\n<p>\u201eSincer, mi-e \u0219i fric\u0103 s\u0103 suspectez a\u0219a ceva, pentru c\u0103 ar fi extraordinar de grav s\u0103 m\u0103 g\u00e2ndesc c\u0103 CCR ia decizii \u00een func\u021bie de interesele politice ale momentului\u201d, a afirmat pre\u0219edintele-director general al TVR.<\/p>\n<p>Aceasta a subliniat \u00eens\u0103 c\u0103 are o \u00eentrebare legat\u0103 de modul \u00een care a fost redactat\u0103 motivarea.<\/p>\n<p>\u201eDar pentru mine este un mare semn de \u00eentrebare cum a putut s\u0103 apar\u0103 \u00een motivare acest lucru. Adic\u0103 declari o hot\u0103r\u00e2re neconstitu\u021bional\u0103 f\u0103r\u0103 ca cineva s\u0103 fi sesizat, s\u0103 fi cerut s\u0103 judeci a\u0219a ceva, prin urmare nici nu ai judecat\u201d, a declarat S\u0103ftoiu.<\/p>\n<p>publicitate&#8221;); background-position: center center; background-repeat: no-repeat;&#8221;&gt;<\/p>\n<p>\u201eNu e vorba despre faptul c\u0103 mai sunt sau nu mai sunt pre\u0219edinte-director general\u201d <\/p>\n<p>Adriana S\u0103ftoiu sus\u021bine c\u0103 nu prive\u0219te situa\u021bia din perspectiva propriului mandat, ci ca pe o problem\u0103 de principiu.<\/p>\n<p>\u201eAici nu e vorba despre mine, sincer v\u0103 spun. Nu e vorba despre faptul c\u0103 mai sunt sau nu mai sunt pre\u0219edinte-director general. Este vorba, efectiv, de un principiu\u201d, a declarat aceasta.<\/p>\n<p>S\u0103ftoiu consider\u0103 \u00eengrijor\u0103tor faptul c\u0103 motivarea CCR ar include o chestiune care, potrivit sus\u021binerilor sale, nu a fost deliberat\u0103.<\/p>\n<p>\u201e\u00cen acest moment, Curtea Constitu\u021bional\u0103 a trecut \u00een motivare ceva ce nici m\u0103car nu a deliberat\u201d, a mai spus \u0219efa TVR.<\/p>\n<p>Deocamdat\u0103, Adriana S\u0103ftoiu nu anun\u021b\u0103 un demers oficial \u00eempotriva deciziei.<\/p>\n<p> Ce prevede motivarea CCR \u00een cazul conducerii TVR <\/p>\n<p>Potrivit informa\u021biilor publicate de Cotidianul, surse sus\u021bin c\u0103 votul exprimat de judec\u0103torii CCR nu ar fi vizat \u0219i pozi\u021bia Adrianei S\u0103ftoiu la conducerea TVR, iar men\u021biunea referitoare la \u00eencetarea efectelor actului de numire ar fi fost introdus\u0103 ulterior \u00een motivare.<\/p>\n<p>Este vorba despre articolul 63 din motivarea Cur\u021bii, care prevede c\u0103 actul de numire f\u0103cut de Parlament \u00een baza articolului 19 alineatul (7) din Legea nr. 41\/1994, \u00een considerarea componen\u021bei Consiliului de Administra\u021bie al SRTV stabilite prin Hot\u0103r\u00e2rea Parlamentului nr. 45\/2025, \u201e\u00ee\u0219i \u00eenceteaz\u0103 efectele juridice la data public\u0103rii prezentei decizii \u00een Monitorul Oficial\u201d, urm\u00e2nd ca Parlamentul s\u0103 fac\u0103 o nou\u0103 numire.<\/p>\n<p>publicitate&#8221;); background-position: center center; background-repeat: no-repeat;&#8221;&gt;<\/p>\n<p>Articolul 19 alineatul (7) din Legea nr. 41\/1994 reglementeaz\u0103 procedura prin care Parlamentul nume\u0219te pre\u0219edintele Consiliului de Administra\u021bie al Societ\u0103\u021bii Rom\u00e2ne de Televiziune, respectiv al Societ\u0103\u021bii Rom\u00e2ne de Radiodifuziune, dintre membrii titulari ai consiliilor de administra\u021bie.<\/p>\n<p> Cum ar putea fi schimbat\u0103 conducerea TVR <\/p>\n<p>Sursele citate de Cotidianul sus\u021bin c\u0103, dac\u0103 s-ar fi dorit schimbarea Adrianei S\u0103ftoiu din func\u021bia de pre\u0219edinte-director general al TVR, exista \u0219i o alt\u0103 procedur\u0103 prev\u0103zut\u0103 de lege.<\/p>\n<p>Astfel, Parlamentul putea dezbate raportul de activitate al TVR \u0219i, \u00een cazul respingerii acestuia, conducerea televiziunii publice ar fi fost demis\u0103 \u00een condi\u021biile prev\u0103zute de lege.<\/p>\n<p>Raportul de activitate al TVR se afl\u0103 \u00een Parlament \u00eenc\u0103 din luna aprilie, potrivit acelora\u0219i surse, \u00eens\u0103 nu a fost dezb\u0103tut p\u00e2n\u0103 \u00een prezent.<\/p>\n<p> \\n  const _iprc = performance.now();\\n\\u003C\/script>\\n\\n\\u003Cscript class=\\&#8221;optanon-category-C0004\\&#8221; type=\\&#8221;text\/plain\\&#8221;>\\nconsole.log(\\&#8221;*** cookieconsent done:\\&#8221;, Math.round(performance.now() &#8211; _iprc) \/ 1000);\\n  gtag(&#8216;event&#8217;, &#8216;cookieconsent&#8217;, {\\n    name: &#8216;load&#8217;,\\n    value: Math.round(performance.now() &#8211; _iprc) \/ 1000\\n  });\\n\\u003C\/script>\\n\\u003C!&#8211; END PERFORMANCE COOKIE PRO &#8211;>\\n\\n{{#unless context.ads_disabled}}\\n\\n\\u003Cscript class=\\&#8221;optanon-category-C0004\\&#8221; type=\\&#8221;text\/plain\\&#8221; src=\\&#8221;\/\/a.teads.tv\/page\/99553\/tag\\&#8221; async=\\&#8221;true\\&#8221;>\\u003C\/script>\\n{{\/unless}}\\n\\n\\u003Cdiv data-ad=\\&#8221;adevarul.ro_728x90_sticky_display_bottom_adevarul_bottom_center_leaderboard\\&#8221; data-devices=\\&#8221;m:0,t:1,d:1\\&#8221;   class=\\&#8221;demand-supply\\&#8221;>\\u003C\/div>\\n\\n{{#if context.content}}\\n\\n{{#unless context.ads_disabled}}\\n\\u003Cscript class=\\&#8221;optanon-category-C0004\\&#8221; type=\\&#8221;text\/plain\\&#8221; src=\\&#8221;https:\/\/cnt.trvdp.com\/js\/1544\/6545.js\\&#8221;>\\u003C\/script>\\n{{\/unless}}\\n\\n\\n{{\/if}}\\n\\n\\n&#8221;,&#8221;html_mobile&#8221;:&#8221;\\n\\n\\n\\u003C!&#8211; CHECK PERFORMANCE COOKIE PRO &#8211;>\\n\\u003Cscript>\\n  const _iprc = performance.now();\\n\\u003C\/script>\\n\\n\\u003Cscript class=\\&#8221;optanon-category-C0004\\&#8221; type=\\&#8221;text\/plain\\&#8221;>\\nconsole.log(\\&#8221;*** cookieconsent done:\\&#8221;, Math.round(performance.now() &#8211; _iprc) \/ 1000);\\n  gtag(&#8216;event&#8217;, &#8216;cookieconsent&#8217;, {\\n    name: &#8216;load&#8217;,\\n    value: Math.round(performance.now() &#8211; _iprc) \/ 1000\\n  });\\n\\u003C\/script>\\n\\u003C!&#8211; END PERFORMANCE COOKIE PRO &#8211;>\\n\\n{{#unless context.ads_disabled}}\\n\\n\\n\\u003Cscript\\n  class=\\&#8221;optanon-category-C0004\\&#8221;\\n  type=\\&#8221;text\/plain\\&#8221;\\n  src=\\&#8221;\/\/a.teads.tv\/page\/99553\/tag\\&#8221;\\n  async=\\&#8221;true\\&#8221;\\n>\\u003C\/script>\\n\\n{{\/unless}} \\n\\n\\u003Cdiv\\n  data-ad=\\&#8221;adevarul.ro_sticky_mobile_bottom\\&#8221;\\n  data-devices=\\&#8221;m:1,t:0,d:0\\&#8221;\\n  class=\\&#8221;demand-supply\\&#8221;\\n>\\u003C\/div>\\n\\n{{#if context.content}} \\n\\n\\n{{#unless context.ads_disabled}}\\n\\u003Cscript class=\\&#8221;optanon-category-C0004\\&#8221; type=\\&#8221;text\/plain\\&#8221; src=\\&#8221;https:\/\/cnt.trvdp.com\/js\/1544\/6545.js\\&#8221;>\\u003C\/script>\\n{{\/unless}}\\n\\n{{\/if}}\\n\\n&#8221;},&#8221;updated_at&#8221;:&#8221;2025-11-01T11:31:21.462Z&#8221;},&#8221;AdPosition_head&#8221;:{&#8222;data&#8221;:{&#8222;custom_fields&#8221;:{},&#8221;for_desktop&#8221;:true,&#8221;for_mobile&#8221;:true,&#8221;html_desktop&#8221;:&#8221;\\u003Cmeta name=\\&#8221;profitshareid\\&#8221; content=\\&#8221;934cd37887433d585a2a227ef0576fcc\\&#8221; \/>\\n\\n\\n\\n{{#unless context.ads_disabled}}\\n\\n\\n{{#if context.content}}\\n\\u003Cscript type=\\&#8221;text\/plain\\&#8221; class=\\&#8221;optanon-category-C0004\\&#8221; src=\\&#8221;https:\/\/jsc.mgid.com\/site\/960965.js\\&#8221; async>\\u003C\/script>\\n\\n\\n\\u003Cscript type=\\&#8221;text\/plain\\&#8221; class=\\&#8221;optanon-category-C0004\\&#8221;>\\n  (function () {\\n    if (document.location.pathname.indexOf(&#8222;https:\/\/adevarul.ro\/ghid-de-cumparaturi&#8221;) === 0) {\\n      return;\\n    }\\n\\n    const s = document.createElement(\\&#8221;script\\&#8221;);\\n    s.src = \\&#8221;https:\/\/srv.divee.ai\/storage\/v1\/object\/public\/sdk\/divee.sdk.latest.js\\&#8221;;\\n    s.setAttribute(\\&#8221;data-project-id\\&#8221;, \\&#8221;4428864e-2da6-4fef-a83c-c16c2dfe86d9\\&#8221;);\\n    s.async = true;\\n    document.head.appendChild(s);\\n  })();\\n\\u003C\/script>\\n\\n\\n\\n\\n\\n{{\/if}}\\n\\n\\u003Cscript>\\n  window.teads_analytics = window.teads_analytics || {};\\n  window.teads_analytics.analytics_tag_id = \\&#8221;PUB_26459\\&#8221;;\\n  window.teads_analytics.share = window.teads_analytics.share || function() {\\n    ;(window.teads_analytics.shared_data = window.teads_analytics.shared_data || []).push(arguments)\\n  };\\n\\u003C\/script>\\n\\u003Cscript type=\\&#8221;text\/plain\\&#8221; class=\\&#8221;optanon-category-C0004\\&#8221; src=\\&#8221;https:\/\/a.teads.tv\/analytics\/tag.js\\&#8221;>\\u003C\/script>\\n\\n\\n{{#unless context.features.nolivesupply}}\\n\\u003Cscript async data-cfasync=\\&#8221;false\\&#8221; type=\\&#8221;text\/plain\\&#8221; class=\\&#8221;optanon-category-C0004\\&#8221; src=\\&#8221;https:\/\/live.demand.supply\/up.js\\&#8221;>\\u003C\/script>\\n{{\/unless}}\\n\\n\\u003Cscript type=\\&#8221;text\/plain\\&#8221; class=\\&#8221;optanon-category-C0004\\&#8221; src=\\&#8221;https:\/\/pagead2.googlesyndication.com\/pagead\/js\/adsbygoogle.js?client=ca-pub-3345426167175409\\&#8221; crossorigin=\\&#8221;anonymous\\&#8221;>\\u003C\/script>\\n\\n \\u003Cscript type=\\&#8221;text\/plain\\&#8221; class=\\&#8221;optanon-category-C0004\\&#8221; src=\\&#8221;https:\/\/terrific.live\/terrific-sdk.js\\&#8221; storeid=\\&#8221;iN6X0VPTDIicsVPKX6p0\\&#8221;>\\u003C\/script>\\n\\n{{\/unless}}\\n\\n\\u003Cstyle>\\n.google-adposition > div {\\n  flex-grow: 1;\\n}\\n\\n.google-adposition:has(iframe) {\\n    background-image: none !important;\\n}\\n\\n.menu-fixed .menu .headContainer .google-auto-placed {\\n    display: none;\\n}\\n\\narticle header .title .google-auto-placed {\\n    display: none;\\n}\\n\\n#onetrust-banner-sdk #onetrust-accept-btn-handler {\\n        margin-bottom: 10px;\\n    }\\n\\n    #onetrust-banner-sdk #onetrust-reject-all-handler {\\n        visibility: hidden;\\n    }\\n\\n\\u003C\/style>\\n\\n \\u003C!&#8211; Facebook Pixel Code &#8211;>\\u003Cscript type=\\&#8221;text\/plain\\&#8221; class=\\&#8221;optanon-category-C0002\\&#8221;>!function(f,b,e,v,n,t,s){if(f.fbq)return;n=f.fbq=function(){n.callMethod?n.callMethod.apply(n,arguments):n.queue.push(arguments)};if(!f._fbq)f._fbq=n;n.push=n;n.loaded=!0;n.version=&#8217;2.0&#8242;;n.queue=[];t=b.createElement(e);t.async=!0;t.src=v;s=b.getElementsByTagName(e)[0];s.parentNode.insertBefore(t,s)}(window,document,&#8217;script&#8217;,&#8217;https:\/\/connect.facebook.net\/en_US\/fbevents.js&#8217;); fbq(&#8216;init&#8217;, &#8216;1346397800155390&#8217;); fbq(&#8216;track&#8217;, &#8216;PageView&#8217;);\\u003C\/script>\\u003Cnoscript> \\u003Cimg height=\\&#8221;1\\&#8221; width=\\&#8221;1\\&#8221; src=\\&#8221;https:\/\/www.facebook.com\/tr?id=1346397800155390&#038;ev=PageView&#038;noscript=1\\&#8221;\/>\\u003C\/noscript>\\u003C!&#8211; End Facebook Pixel Code &#8211;>\\n\\n\\u003C!&#8211; alternativeAds &#8211;>\\n&#8221;,&#8221;html_mobile&#8221;:&#8221;\\u003Cmeta name=\\&#8221;profitshareid\\&#8221; content=\\&#8221;934cd37887433d585a2a227ef0576fcc\\&#8221; \/>\\n\\n\\n{{#unless context.ads_disabled}}\\n\\n{{#if context.content}}\\n\\u003Cscript type=\\&#8221;text\/plain\\&#8221; class=\\&#8221;optanon-category-C0004\\&#8221; src=\\&#8221;https:\/\/jsc.mgid.com\/site\/960965.js\\&#8221; async>\\u003C\/script>\\n\\n\\u003Cscript type=\\&#8221;text\/plain\\&#8221; class=\\&#8221;optanon-category-C0004\\&#8221;>\\n  (function () {\\n    if (document.location.pathname.indexOf(&#8222;https:\/\/adevarul.ro\/ghid-de-cumparaturi&#8221;) === 0) {\\n      return;\\n    }\\n\\n    const s = document.createElement(\\&#8221;script\\&#8221;);\\n    s.src = \\&#8221;https:\/\/srv.divee.ai\/storage\/v1\/object\/public\/sdk\/divee.sdk.latest.js\\&#8221;;\\n    s.setAttribute(\\&#8221;data-project-id\\&#8221;, \\&#8221;4428864e-2da6-4fef-a83c-c16c2dfe86d9\\&#8221;);\\n    s.async = true;\\n    document.head.appendChild(s);\\n  })();\\n\\u003C\/script>\\n\\n{{\/if}}\\n\\n\\u003Cscript>\\n  window.teads_analytics = window.teads_analytics || {};\\n  window.teads_analytics.analytics_tag_id = \\&#8221;PUB_26459\\&#8221;;\\n  window.teads_analytics.share = window.teads_analytics.share || function() {\\n    ;(window.teads_analytics.shared_data = window.teads_analytics.shared_data || []).push(arguments)\\n  };\\n\\u003C\/script>\\n\\u003Cscript type=\\&#8221;text\/plain\\&#8221; class=\\&#8221;optanon-category-C0004\\&#8221; src=\\&#8221;https:\/\/a.teads.tv\/analytics\/tag.js\\&#8221;>\\u003C\/script>\\n\\n{{#unless context.features.nolivesupply}}\\n\\u003Cscript async data-cfasync=\\&#8221;false\\&#8221; type=\\&#8221;text\/plain\\&#8221; class=\\&#8221;optanon-category-C0004\\&#8221; src=\\&#8221;https:\/\/live.demand.supply\/up.js\\&#8221;>\\u003C\/script>\\n{{\/unless}}\\n\\n\\u003Cscript type=\\&#8221;text\/plain\\&#8221; class=\\&#8221;optanon-category-C0004\\&#8221; src=\\&#8221;https:\/\/terrific.live\/terrific-sdk.js\\&#8221; storeid=\\&#8221;iN6X0VPTDIicsVPKX6p0\\&#8221;>\\u003C\/script>\\n\\n{{\/unless}}\\n\\u003Cstyle>\\n\\n.google-adposition:has(iframe) {\\n    background-image: none !important;\\n}\\n\\n.menu-fixed .menu .headContainer .google-auto-placed {\\n    display: none;\\n}\\n\\narticle header .title .google-auto-placed {\\n    display: none;\\n}\\n\\n#onetrust-banner-sdk #onetrust-accept-btn-handler {\\n        margin-bottom: 10px;\\n    }\\n\\n    #onetrust-banner-sdk #onetrust-reject-all-handler {\\n        visibility: hidden;\\n    }\\n\\u003C\/style>\\n&#8221;},&#8221;updated_at&#8221;:&#8221;2026-07-22T15:44:05.196Z&#8221;}},&#8221;last_changed&#8221;:&#8221;2026-09-04T17:10:17.695Z&#8221;,&#8221;page&#8221;:{&#8222;created_at&#8221;:&#8221;2026-09-01T11:41:23.049Z&#8221;,&#8221;created_by&#8221;:1,&#8221;custom_fields&#8221;:{},&#8221;domain&#8221;:&#8221;adevarul.ro&#8221;,&#8221;id&#8221;:99,&#8221;last_published_at&#8221;:&#8221;2026-09-01T11:41:24.572Z&#8221;,&#8221;name&#8221;:&#8221;Content layout (article)&#8221;,&#8221;published&#8221;:1,&#8221;s3_hash&#8221;:&#8221;a5e0764cf3bce051367545eab1538b4619e8ecb9&#8243;,&#8221;slug&#8221;:null,&#8221;title&#8221;:&#8221;Content layout&#8221;,&#8221;type&#8221;:&#8221;layout&#8221;,&#8221;updated_at&#8221;:&#8221;2022-07-21T08:27:20.732Z&#8221;,&#8221;version_id&#8221;:272},&#8221;path&#8221;:&#8221;\/stiri-interne\/evenimente\/adriana-saftoiu-contesta-motivarea-ccr-care-ii-2554116.html&#8221;,&#8221;pathArray&#8221;:[&#8222;&#8221;,&#8221;stiri-interne&#8221;,&#8221;evenimente&#8221;,&#8221;adriana-saftoiu-contesta-motivarea-ccr-care-ii-2554116.html&#8221;],&#8221;type&#8221;:&#8221;content&#8221;,&#8221;url&#8221;:&#8221;https:\/\/adevarul.ro\/stiri-interne\/evenimente\/adriana-saftoiu-contesta-motivarea-ccr-care-ii-2554116.html&#8221;,&#8221;features&#8221;:{},&#8221;query&#8221;:{},&#8221;domain_config&#8221;:{&#8222;MISC&#8221;:{&#8222;logo&#8221;:{&#8222;width&#8221;:320,&#8221;height&#8221;:50}},&#8221;SYSTEM_TAGS&#8221;:[&#8222;noads&#8221;,&#8221;nocomments&#8221;,&#8221;sex&#8221;,&#8221;advert&#8221;,&#8221;advertorial&#8221;,&#8221;video&#8221;,&#8221;galerie&#8221;,&#8221;live&#8221;,&#8221;foto&#8221;,&#8221;exclusiv&#8221;,&#8221;analiza&#8221;,&#8221;interviu&#8221;,&#8221;reportaj&#8221;,&#8221;breaking news&#8221;],&#8221;default&#8221;:{&#8222;lang&#8221;:&#8221;ro&#8221;,&#8221;domain&#8221;:&#8221;adevarul.ro&#8221;,&#8221;alternateDomain&#8221;:&#8221;adevarul-ro.adh.reperio.news&#8221;,&#8221;friendlyName&#8221;:&#8221;Adev\u0103rul&#8221;,&#8221;logoURL&#8221;:&#8221;https:\/\/adevarul.ro\/favicon-144-precomposed.png&#8221;}},&#8221;client&#8221;:{&#8222;is_mobile&#8221;:false}}<\/p>\n","protected":false},"excerpt":{"rendered":"Adriana S\u0103ftoiu, pre\u0219edintele-director general al Televiziunii Rom\u00e2ne, contest\u0103 modul \u00een care Curtea Constitu\u021bional\u0103 a formulat motivarea unei decizii&hellip;\n","protected":false},"author":2,"featured_media":288198,"comment_status":"","ping_status":"","sticky":false,"template":"","format":"standard","meta":{"footnotes":"","_share_on_mastodon":"0"},"categories":[10],"tags":[29187,32,33,341,31,36,37,27,34,35,25,41,40,38,39,26,28,29,30,10026],"class_list":["post-288197","post","type-post","status-publish","format-standard","has-post-thumbnail","category-romania","tag-adriana-saftoiu","tag-breaking-news","tag-breakingnews","tag-ccr","tag-cele-mai-populare-subiecte","tag-featured-news","tag-featurednews","tag-headlines","tag-latest-news","tag-latestnews","tag-news","tag-ro","tag-romana","tag-romania","tag-romanian","tag-stiri","tag-titluri","tag-top-stories","tag-topstories","tag-tvr"],"share_on_mastodon":{"url":"https:\/\/pubeurope.com\/@ro\/117213978602863010","error":""},"_links":{"self":[{"href":"https:\/\/www.europesays.com\/ro\/wp-json\/wp\/v2\/posts\/288197","targetHints":{"allow":["GET"]}}],"collection":[{"href":"https:\/\/www.europesays.com\/ro\/wp-json\/wp\/v2\/posts"}],"about":[{"href":"https:\/\/www.europesays.com\/ro\/wp-json\/wp\/v2\/types\/post"}],"author":[{"embeddable":true,"href":"https:\/\/www.europesays.com\/ro\/wp-json\/wp\/v2\/users\/2"}],"replies":[{"embeddable":true,"href":"https:\/\/www.europesays.com\/ro\/wp-json\/wp\/v2\/comments?post=288197"}],"version-history":[{"count":0,"href":"https:\/\/www.europesays.com\/ro\/wp-json\/wp\/v2\/posts\/288197\/revisions"}],"wp:featuredmedia":[{"embeddable":true,"href":"https:\/\/www.europesays.com\/ro\/wp-json\/wp\/v2\/media\/288198"}],"wp:attachment":[{"href":"https:\/\/www.europesays.com\/ro\/wp-json\/wp\/v2\/media?parent=288197"}],"wp:term":[{"taxonomy":"category","embeddable":true,"href":"https:\/\/www.europesays.com\/ro\/wp-json\/wp\/v2\/categories?post=288197"},{"taxonomy":"post_tag","embeddable":true,"href":"https:\/\/www.europesays.com\/ro\/wp-json\/wp\/v2\/tags?post=288197"}],"curies":[{"name":"wp","href":"https:\/\/api.w.org\/{rel}","templated":true}]}}