{"id":288219,"date":"2026-09-04T18:06:13","date_gmt":"2026-09-04T18:06:13","guid":{"rendered":"https:\/\/www.europesays.com\/ro\/288219\/"},"modified":"2026-09-04T18:06:13","modified_gmt":"2026-09-04T18:06:13","slug":"ce-gadgeturi-gasesti-in-electro-weekend-la-emag-intre-4-si-7-septembrie-telefoane-tablete-smartwatch-uri-si-reduceri-extra-de-pana-la-50","status":"publish","type":"post","link":"https:\/\/www.europesays.com\/ro\/288219\/","title":{"rendered":"Ce gadgeturi g\u0103se\u0219ti \u00een Electro Weekend la eMAG, \u00eentre 4 \u0219i 7 septembrie? Telefoane, tablete, smartwatch-uri \u0219i reduceri extra de p\u00e2n\u0103 la 50%"},"content":{"rendered":"<p><a href=\"https:\/\/www.bf.ro\/go\/fVAKRfdM\" rel=\"nofollow noopener noreferrer\" target=\"_blank\">Electro Weekend<\/a> de la eMAG este una dintre acele campanii care arat\u0103 mai mare dec\u00e2t pare la prima vedere. Numele te duce cu g\u00e2ndul la frigidere \u0219i ma\u0219ini de sp\u0103lat, dar \u00eentre 4 \u0219i 7 septembrie g\u0103sim \u0219i o zon\u0103 tech destul de serioas\u0103, cu telefoane, tablete, smartwatch-uri, c\u0103\u0219ti, accesorii \u0219i produse pentru gaming.<\/p>\n<p>Partea bun\u0103 este c\u0103 ofertele nu sunt toate construite la fel. La unele categorii ai o <a href=\"https:\/\/www.bf.ro\/go\/6SCYkyyn\" rel=\"nofollow noopener noreferrer\" target=\"_blank\">reducere fix\u0103 de p\u00e2n\u0103 la 300 lei<\/a>, la altele procent extra, iar aici diferen\u021ba poate conta mult \u00een func\u021bie de produs. La un telefon de 1.500 lei, 300 lei \u00een minus se simt altfel dec\u00e2t la unul de 5.000 lei, unde un discount de 15% poate deveni mai interesant.<\/p>\n<p>Telefoane \u0219i tablete: aici a\u0219 \u00eencepe<\/p>\n<p>Zona de telefoane este probabil prima pe care a\u0219 deschide-o. Sunt selec\u021bii pentru Motorola, Honor, Google \u0219i Samsung, iar la unele produse reducerea ajunge la 300 lei. Separat, exist\u0103 \u0219i o categorie mai larg\u0103 de telefoane \u0219i tablete cu p\u00e2n\u0103 la 15% extra.<\/p>\n<p style=\"text-align:center\"><a href=\"https:\/\/www.europesays.com\/ro\/wp-content\/uploads\/2026\/09\/Screenshot_49-horzsss.jpg\" target=\"_blank\"><img decoding=\"async\" alt=\"\" src=\"https:\/\/www.europesays.com\/ro\/wp-content\/uploads\/2026\/09\/Screenshot_49-horzsss.jpg\" style=\"height:229px; width:592px\"\/><\/a><\/p>\n<p>Aici merit\u0103 s\u0103 compari pre\u021bul final, nu doar procentul afi\u0219at. Dac\u0103 urm\u0103reai deja un model anume, po\u021bi vedea imediat dac\u0103 reducerea chiar \u00eel duce \u00eentr-o zon\u0103 bun\u0103 de pre\u021b.<\/p>\n<p>Iat\u0103 ce am g\u0103sit aici:<\/p>\n<p>Eroul meu de ast\u0103zi este <a href=\"https:\/\/www.mobilissimo.ro\/recenzii-telefoane\/samsung-galaxy-z-fold8-review-detaliat-evaluare-mobilissimo\" rel=\"nofollow noopener\" target=\"_blank\">Samsung Galaxy Z Fold8<\/a>, \u00een versiunea cu 12 GB RAM \u0219i 512 GB stocare. A intrat \u00een Electro Weekend la 9.945 lei, iar cu voucherul \u201eELECTRO300\u201d mai scazi \u00eenc\u0103 300 de lei, p\u00e2n\u0103 la aproximativ <a href=\"https:\/\/www.bf.ro\/go\/w4PWzr3D\" rel=\"nofollow noopener noreferrer\" target=\"_blank\">9.645 lei<\/a>. Fa\u021b\u0103 de PRP-ul de 11.549,99 lei, vorbim despre o diferen\u021b\u0103 de peste 1.900 de lei, ceea ce nu e deloc pu\u021bin pentru un pliabil at\u00e2t de nou.<\/p>\n<p style=\"text-align:center\">\n<p>Configura\u021bia este \u0219i ea una serioas\u0103: 12 GB RAM, 512 GB stocare \u0219i 5G, deci ai loc suficient pentru aplica\u021bii, poze, video \u0219i multitasking. Fold8 r\u0103m\u00e2ne un telefon de ni\u0219\u0103 \u0219i clar nu este pentru orice buget, dar dac\u0103 \u00eel aveai deja pe list\u0103, reducerea asta \u00eel face ceva mai u\u0219or de justificat.\u00a0Resigilatul este la 9.399 lei, iar din ce apare \u00een ofert\u0103 beneficiaz\u0103 \u0219i el de voucherul de 300 de lei extra. Asta ar duce pre\u021bul p\u00e2n\u0103 la aproximativ <a href=\"https:\/\/www.emag.ro\/telefon-mobil-samsung-galaxy-z-fold8-12gb-ram-512gb-5g-lavender-sm-f971blvceue\/pd\/DWQYQS2BM\/#used-products\" rel=\"nofollow noopener noreferrer\" target=\"_blank\">9.100 de lei<\/a>.<\/p>\n<p>Smartwatch-uri \u0219i gadgeturi: p\u00e2n\u0103 la 20% extra<\/p>\n<p>Smartwatch-urile au \u0219i ele loc bun \u00een campanie, \u00een special selec\u021biile <a href=\"https:\/\/www.mobilissimo.ro\/stiri-despre\/Huawei\" target=\"_blank\" rel=\"nofollow noopener\">HUAWEI<\/a> \u0219i categoria mai larg\u0103 de ceasuri \u0219i accesorii. Reducerile ajung la 20% extra, ceea ce \u00eencepe s\u0103 fie interesant la modelele mai scumpe.<\/p>\n<p style=\"text-align:center\"><a href=\"https:\/\/www.europesays.com\/ro\/wp-content\/uploads\/2026\/09\/Screenshot_53-hofddz.jpg\" target=\"_blank\"><img decoding=\"async\" alt=\"\" src=\"https:\/\/www.europesays.com\/ro\/wp-content\/uploads\/2026\/09\/Screenshot_53-hofddz.jpg\" style=\"height:244px; width:592px\"\/><\/a><\/p>\n<p>Exemple:<\/p>\n<p>Eroul meu de ast\u0103zi la ceasuri este <a href=\"https:\/\/www.mobilissimo.ro\/recenzii-ceasuri-inteligente\/samsung-galaxy-watch-ultra-2-review\" rel=\"nofollow noopener\" target=\"_blank\">Samsung Galaxy Watch Ultra2<\/a>, varianta de 47 mm cu LTE, care intr\u0103 \u00een Electro Weekend la 2.916 lei. Cu voucherul \u201eELECTRO200\u201d mai scazi \u00eenc\u0103 200 de lei, a\u0219a c\u0103 pre\u021bul final ajunge la aproximativ <a href=\"https:\/\/www.bf.ro\/go\/AMH3CEss\" rel=\"nofollow noopener noreferrer\" target=\"_blank\">2.716 lei<\/a>. \u0218i mai interesant este resigilatul, listat la 2.699 lei \u0219i eligibil pentru acela\u0219i voucher, ceea ce \u00eel duce la aproximativ <a href=\"https:\/\/www.bf.ro\/go\/aV50Mpk6\" rel=\"nofollow noopener noreferrer\" target=\"_blank\">2.500 de lei<\/a>.<\/p>\n<p style=\"text-align:center\">\n<p>Watch Ultra2 vine cu carcas\u0103 de 47 mm din titan, LTE, ecran AMOLED de 1,52 inci, 2 GB RAM \u0219i 64 GB stocare, plus o baterie de 800 mAh. Are GPS, NFC, Wi-Fi, rezisten\u021b\u0103 la ap\u0103 de 10 ATM \u0219i certificare IP69K, deci este clar varianta Samsung pentru cei care vor un smartwatch mai robust \u0219i complet. La aproximativ 2.500 de lei pentru resigilat, oferta mi se pare chiar mai interesant\u0103 dec\u00e2t cea pentru produsul nou.\u00a0<\/p>\n<p>C\u0103\u0219ti, boxe \u0219i accesorii mobile<\/p>\n<p>Pe audio g\u0103sim OPPO, Nothing, CMF \u0219i Anker Soundcore, cu reduceri de p\u00e2n\u0103 la 20% extra. Nu sunt neap\u0103rat produsele cele mai scumpe din campanie, dar tocmai aici procentul poate face un model bun s\u0103 coboare \u00eentr-o zon\u0103 de pre\u021b mai tentant\u0103.<\/p>\n<p>Iar la accesorii lucrurile devin \u0219i mai interesante: selec\u021bia pentru telefoane \u0219i tablete ajunge p\u00e2n\u0103 la 50% extra. Aici intr\u0103 genul de produse pe care mul\u021bi le cump\u0103r\u0103 dup\u0103 telefon &#8211; \u00eenc\u0103rc\u0103toare, cabluri, huse, power bank-uri &#8211; \u0219i unde reducerile mari chiar pot avea sens.<\/p>\n<p>La c\u0103\u0219ti, eu a\u0219 merge pe <a href=\"https:\/\/www.mobilissimo.ro\/stiri-despre\/CMF+Buds+2+Plus\" rel=\"nofollow noopener\" target=\"_blank\">CMF Buds 2 Plus<\/a>. \u00cemi plac mult culorile \u00een care vin \u0219i au un design mai juc\u0103u\u0219, iar varianta albastr\u0103 mi se pare foarte reu\u0219it\u0103. \u00cen plus, pre\u021bul este destul de accesibil: <a href=\"https:\/\/www.bf.ro\/go\/dr4EhD2t\" rel=\"nofollow noopener noreferrer\" target=\"_blank\">298 lei<\/a>, iar \u00een Electro Weekend se aplic\u0103 \u00eenc\u0103 10% reducere extra.<\/p>\n<p style=\"text-align:center\">\n<p>\u0218i specifica\u021biile sunt bune pentru zona asta de pre\u021b: ANC de p\u00e2n\u0103 la 50 dB, Hi-Res LDAC, Bluetooth 5.4, autonomie de p\u00e2n\u0103 la 61,5 ore \u0219i IP55.\u00a0<\/p>\n<p>\u0218i da, sunt \u0219i electrocasnice<\/p>\n<p>Dac\u0103 tot ai ajuns \u00een Electro Weekend, merit\u0103 verificat\u0103 \u0219i zona de electrocasnice. Televizoarele, frigiderele \u0219i ma\u0219inile de sp\u0103lat sunt genul de produse unde chiar \u0219i 10-15% extra poate \u00eensemna c\u00e2teva sute de lei, iar la espressoare, aspiratoare \u0219i aparate mici procentele urc\u0103 p\u00e2n\u0103 la 20-25%.<\/p>\n<p>\u00a0Campania este activ\u0103 \u00eentre 4 \u0219i 7 septembrie.<\/p>\n<p>Toate ofertele sunt <a href=\"https:\/\/www.bf.ro\/go\/fVAKRfdM\" rel=\"nofollow noopener noreferrer\" target=\"_blank\">aici<\/a>.<\/p>\n","protected":false},"excerpt":{"rendered":"Electro Weekend de la eMAG este una dintre acele campanii care arat\u0103 mai mare dec\u00e2t pare la prima&hellip;\n","protected":false},"author":2,"featured_media":288220,"comment_status":"","ping_status":"","sticky":false,"template":"","format":"standard","meta":{"footnotes":"","_share_on_mastodon":"0"},"categories":[16],"tags":[2271,3394,10211,10009,274,3326,15940,19846,203,3010,12780,5422,21465,53114,22685,15939,5425,152,37991,85,1130,78546,9952,3646,18992,1233,2599,79302,3863,79304,41,40,38,39,8986,163,79303,62296,3651,18641,141,124,4380,15309,809],"class_list":["post-288219","post","type-post","status-publish","format-standard","has-post-thumbnail","category-tehnologie","tag-5g","tag-accesorii","tag-aeg","tag-anc","tag-android","tag-arctic","tag-aspiratoare","tag-beko","tag-bluetooth","tag-bosch","tag-casti","tag-cmf","tag-cmf-buds-2-plus","tag-discount","tag-electro-weekend","tag-electrocasnice","tag-electrolux","tag-emag","tag-gadgeturi","tag-google","tag-honor","tag-ldac","tag-lenovo","tag-lg","tag-lte","tag-motorola","tag-pliabile","tag-produse-it","tag-reduceri","tag-resigilat","tag-ro","tag-romana","tag-romania","tag-romanian","tag-rowenta","tag-samsung","tag-samsung-galaxy-watch-ultra2","tag-samsung-galaxy-z-fold8","tag-smartwatch","tag-tablete","tag-technology","tag-tehnologie","tag-telefoane","tag-televizoare","tag-titan"],"share_on_mastodon":{"url":"","error":"Validation failed: Text character limit of 500 exceeded"},"_links":{"self":[{"href":"https:\/\/www.europesays.com\/ro\/wp-json\/wp\/v2\/posts\/288219","targetHints":{"allow":["GET"]}}],"collection":[{"href":"https:\/\/www.europesays.com\/ro\/wp-json\/wp\/v2\/posts"}],"about":[{"href":"https:\/\/www.europesays.com\/ro\/wp-json\/wp\/v2\/types\/post"}],"author":[{"embeddable":true,"href":"https:\/\/www.europesays.com\/ro\/wp-json\/wp\/v2\/users\/2"}],"replies":[{"embeddable":true,"href":"https:\/\/www.europesays.com\/ro\/wp-json\/wp\/v2\/comments?post=288219"}],"version-history":[{"count":0,"href":"https:\/\/www.europesays.com\/ro\/wp-json\/wp\/v2\/posts\/288219\/revisions"}],"wp:featuredmedia":[{"embeddable":true,"href":"https:\/\/www.europesays.com\/ro\/wp-json\/wp\/v2\/media\/288220"}],"wp:attachment":[{"href":"https:\/\/www.europesays.com\/ro\/wp-json\/wp\/v2\/media?parent=288219"}],"wp:term":[{"taxonomy":"category","embeddable":true,"href":"https:\/\/www.europesays.com\/ro\/wp-json\/wp\/v2\/categories?post=288219"},{"taxonomy":"post_tag","embeddable":true,"href":"https:\/\/www.europesays.com\/ro\/wp-json\/wp\/v2\/tags?post=288219"}],"curies":[{"name":"wp","href":"https:\/\/api.w.org\/{rel}","templated":true}]}}