{"id":288233,"date":"2026-09-04T18:30:26","date_gmt":"2026-09-04T18:30:26","guid":{"rendered":"https:\/\/www.europesays.com\/ro\/288233\/"},"modified":"2026-09-04T18:30:26","modified_gmt":"2026-09-04T18:30:26","slug":"evenimente-in-bucuresti-weekendul-acesta-ghid-4-6-septembrie","status":"publish","type":"post","link":"https:\/\/www.europesays.com\/ro\/288233\/","title":{"rendered":"Evenimente \u00een Bucure\u0219ti weekendul acesta: ghid 4-6 septembrie"},"content":{"rendered":"<p>                        <img loading=\"lazy\" decoding=\"async\" width=\"30\" height=\"30\" src=\"https:\/\/www.europesays.com\/ro\/wp-content\/uploads\/2026\/09\/1788546617_527_google-g.png\" alt=\"Google Split\"\/>    <\/p>\n<p id=\"p-0\">Bucure\u0219tenii au la dispozi\u021bie o agend\u0103 diversificat\u0103 \u00een weekendul 4-6 septembrie 2026, care include festivaluri \u00een aer liber, evenimente gastronomice, o noapte alb\u0103 muzeal\u0103, t\u00e2rguri de adop\u021bii, spectacole de teatru \u0219i concerte live.<\/p>\n<p>Bucharest Street Food Festival \u00een Pia\u021ba Constitu\u021biei<\/p>\n<p id=\"p-1\"><img class=\"alignnone wp-image-1255198 size-large\" src=\"https:\/\/www.europesays.com\/ro\/wp-content\/uploads\/2026\/09\/https:\/\/www.g4media.ro\/\/wp-content\/uploads\/2026\/05\/street-food-festival-1024x683.jpg\" alt=\"Bucharest Food Festival\" width=\"900\" height=\"600\" loading=\"lazy\" decoding=\"async\" \/><\/p>\n<p id=\"p-2\">Pia\u021ba Constitu\u021biei g\u0103zduie\u0219te pe 5 \u0219i 6 septembrie o nou\u0103 edi\u021bie Bucharest Street Food Festival. Zeci de food trucks aduc preparate interna\u021bionale reinterpretate, de la burgeri \u0219i tacos p\u00e2n\u0103 la deserturi, iar intrarea este gratuit\u0103 \u00een ambele zile. Programul include concerte \u00een fiecare sear\u0103: s\u00e2mb\u0103t\u0103, 5 septembrie, urc\u0103 pe scen\u0103 trupa Subcarpa\u021bi, iar duminic\u0103, 6 septembrie, va c\u00e2nta forma\u021bia om la lun\u0103. Informa\u021bii suplimentare pot fi g\u0103site pe <a href=\"https:\/\/www.facebook.com\/buchareststreetfoodfestival\/\" target=\"_blank\" rel=\"noopener nofollow\">pagina oficial\u0103 de Facebook a festivalului.<\/a><\/p>\n<p>&#8211; articolul continu\u0103 mai jos &#8211;<\/p>\n<p>Noapte alb\u0103 aniversar\u0103 la MINA<\/p>\n<p id=\"p-3\"><img class=\"alignnone wp-image-111247 size-full\" src=\"https:\/\/www.europesays.com\/ro\/wp-content\/uploads\/2026\/09\/https:\/\/www.g4media.ro\/\/wp-content\/uploads\/2019\/04\/leonardo-da-vinci-omul-vitruvian-e1555922207519.j.webp\" alt=\"leonardo da vinci omul vitruvian\" width=\"900\" height=\"563\" loading=\"lazy\" decoding=\"async\" \/><\/p>\n<p id=\"p-4\">Vineri, 4 septembrie, Muzeul de Art\u0103 Imersiv\u0103 (MINA) s\u0103rb\u0103tore\u0219te trei ani de activitate printr-o edi\u021bie de Noapte Alb\u0103, \u00eentre orele 20:00 \u0219i 01:00. Vizitatorii beneficiaz\u0103 de o reducere de 50% la bilete \u0219i pot urm\u0103ri spectacolul de 40 de minute \u201eBest of MINA\u201d, care include selec\u021bii din produc\u021bii dedicate unor arti\u0219ti ca Van Gogh, Monet sau Da Vinci. Atmosfera este completat\u0103 de un DJ set \u00een lobby \u0219i un Selfie Room. Detalii sunt disponibile pe <a href=\"https:\/\/www.minamuseum.com\/\" target=\"_blank\" rel=\"noopener nofollow\">site-ul oficial MINA Museum.<\/a><\/p>\n<p>Asia Fest la Arena Na\u021bional\u0103<\/p>\n<p id=\"p-5\"><img class=\"alignnone wp-image-848921 size-large\" src=\"https:\/\/www.europesays.com\/ro\/wp-content\/uploads\/2026\/09\/https:\/\/www.g4media.ro\/\/wp-content\/uploads\/2024\/04\/pexels-conojeghuo-104884-1024x624.jpg\" alt=\"street food festival, soseaua kiseleff, bucuresti, food truck\" width=\"900\" height=\"548\" loading=\"lazy\" decoding=\"async\" \/><\/p>\n<p id=\"p-6\">Cea de-a 13-a edi\u021bie <a href=\"https:\/\/asiafest.eu\/\" target=\"_blank\" rel=\"noopener nofollow\">Asia Fest<\/a> are loc \u00eentre 4 \u0219i 6 septembrie \u00een curtea Arenei Na\u021bionale, cu acces din strada Maior Coravu. Vineri programul \u00eencepe la ora 14:00, iar s\u00e2mb\u0103t\u0103 \u0219i duminic\u0103 por\u021bile se deschid de la ora 10:00. Evenimentul reune\u0219te peste 100 de expozan\u021bi \u0219i prezint\u0103 cultura \u0219i gastronomia a 14 \u021b\u0103ri asiatice prin spectacole de cosplay, dansuri K-Pop, ateliere de caligrafie \u0219i o expozi\u021bie de ma\u0219ini tunate. Pre\u021bul biletelor este de 25 de lei pentru vineri \u0219i 30 de lei pentru s\u00e2mb\u0103t\u0103 sau duminic\u0103, iar un abonament cost\u0103 70 de lei.<\/p>\n<p>Proiectul urban \u201eStr\u0103zi Deschise\u201d pe Calea Victoriei<br \/>\n<img aria-describedby=\"caption-attachment-1028632\" class=\"wp-image-1028632 size-large\" src=\"https:\/\/www.europesays.com\/ro\/wp-content\/uploads\/2026\/09\/https:\/\/www.g4media.ro\/\/wp-content\/uploads\/2025\/04\/strazi-deschise-bucuresti-calea-victoriei2-1024x6.webp\" alt=\"strazi deschise bucuresti calea victoriei3\" width=\"900\" height=\"599\" loading=\"lazy\" decoding=\"async\" \/><\/p>\n<p id=\"caption-attachment-1028632\" class=\"wp-caption-text\">sursa foto: Facebook \/ Prim\u0103ria Municipiului Bucure\u0219ti<\/p>\n<p id=\"p-7\">Calea Victoriei devine pietonal\u0103 \u0219i pe 5 \u0219i 6 septembrie \u00een cadrul programului<a href=\"https:\/\/arcub.ro\/proiect\/strazi-deschise-bucuresti-editia-2026\" target=\"_blank\" rel=\"noopener nofollow\"> \u201eStr\u0103zi Deschise\u201d<\/a>, adun\u00e2nd activit\u0103\u021bi culturale \u0219i momente artistice stradale. \u00cen acela\u0219i interval, alveolele de pe Bulevardul Kiseleff g\u0103zduiesc a 6-a edi\u021bie a Festivalului Vinului Moldovenesc, unde particip\u0103 45 de crame de peste Prut cu zone de degustare \u0219i preparate gastronomice tradi\u021bionale. Programul complet poate fi consultat pe platforma ARCUB Bucure\u0219ti.<\/p>\n<p>Festivalul Vinului Moldovenesc pe Bulevardul Kiseleff<br \/>\n<img aria-describedby=\"caption-attachment-802448\" class=\"wp-image-802448 size-large\" src=\"https:\/\/www.europesays.com\/ro\/wp-content\/uploads\/2026\/09\/https:\/\/www.g4media.ro\/\/wp-content\/uploads\/2024\/01\/vinuri-moldova-e1704703296168-1024x618.jpg\" alt=\"vinuri moldova, vin moldova, vin moldovenesc, purcari\" width=\"900\" height=\"543\" loading=\"lazy\" decoding=\"async\" \/><\/p>\n<p id=\"caption-attachment-802448\" class=\"wp-caption-text\">Foto: Pucrari<\/p>\n<p id=\"p-8\">Tot \u00een acest weekend, alveolele de pe Bulevardul Kiseleff g\u0103zduiesc cea de-a 6-a edi\u021bie a <a href=\"https:\/\/winesdayapp.ro\/ro\/places\/festivalul-vinului-moldovenesc-revine-la-bucuresti-pentru-a-cincea-editie\" target=\"_blank\" rel=\"noopener nofollow\">Festivalului Vinului Moldovenesc<\/a>. Peste 45 de crame de peste Prut particip\u0103 la eveniment cu sesiuni de degustare \u0219i un t\u00e2rg gastronomic cu preparate tradi\u021bionale. Intrarea este liber\u0103 pentru public, dar degust\u0103rile cost\u0103: cinci degust\u0103ri, 60 de lei, 10 degust\u0103ri, 100 de lei.<\/p>\n<p>Por\u021bi Deschise la Prim\u0103ria Capitalei<br \/>\n<img fetchpriority=\"high\" decoding=\"async\" aria-describedby=\"caption-attachment-433182\" class=\"wp-image-433182 size-full\" src=\"https:\/\/www.europesays.com\/ro\/wp-content\/uploads\/2026\/09\/IMG_8970.jpg\" alt=\"Primaria Municipiului Bucuresti, PMB\" width=\"640\" height=\"400\"  \/><\/p>\n<p id=\"caption-attachment-433182\" class=\"wp-caption-text\">Sursa foto: G4Media \/ Ilona Andrei<\/p>\n<p id=\"p-9\">Sediul Prim\u0103riei Municipiului Bucure\u0219ti de pe Bulevardul Regina Elisabeta nr. 47 poate fi vizitat gratuit \u00een acest sf\u00e2r\u0219it de s\u0103pt\u0103m\u00e2n\u0103 \u00een cadrul proiectului <a href=\"https:\/\/primariadeschisa.pmb.ro\/\" target=\"_blank\" rel=\"noopener nofollow\">\u201ePor\u021bi Deschise<\/a>\u201d. Tururile ghidate prin cl\u0103direa istoric\u0103 au loc s\u00e2mb\u0103t\u0103, \u00eentre orele 16:00 \u0219i 18:00, \u0219i duminic\u0103, \u00eentre orele 12:00 \u0219i 14:00. Participarea necesit\u0103 \u00eenscriere prealabil\u0103 prin intermediul ARCUB Bucure\u0219ti.<\/p>\n<p>Activit\u0103\u021bi pentru copii pe Strada Copilului<br \/>\n<img aria-describedby=\"caption-attachment-1028633\" class=\"wp-image-1028633 size-large\" src=\"https:\/\/www.europesays.com\/ro\/wp-content\/uploads\/2026\/09\/https:\/\/www.g4media.ro\/\/wp-content\/uploads\/2025\/04\/strazi-deschise-bucuresti-calea-victoriei3-1024x6.webp\" alt=\"strazi deschise bucuresti calea victoriei3\" width=\"900\" height=\"599\" loading=\"lazy\" decoding=\"async\" \/><\/p>\n<p id=\"caption-attachment-1028633\" class=\"wp-caption-text\">sursa foto: Facebook \/ Prim\u0103ria Municipiului Bucure\u0219ti<\/p>\n<p id=\"p-10\">\u00cen Sectorul 1, <a href=\"https:\/\/www.bucurestifm.ro\/2026\/09\/03\/strada-copilului-devine-pietonala-in-weekend-activitati-pentru-copii-ateliere-creative-si-cinema-in-aer-liber\/\" target=\"_blank\" rel=\"noopener nofollow\">Strada Copilului din cartierul Grivi\u021ba<\/a> devine pietonal\u0103 pe 5 \u0219i 6 septembrie pentru un eveniment organizat \u00een colaborare cu Asocia\u021bia P\u0103rin\u021bi de Cire\u0219ari. Programul cuprinde ateliere creative de bricolaj, pictur\u0103 pe fa\u021b\u0103, roata olarului, activit\u0103\u021bi sportive precum volei \u0219i un atelier floral pentru realizarea buchetului de \u0219coal\u0103. Tot aici va func\u021biona un t\u00e2rg de c\u0103r\u021bi \u0219i rechizite \u0219i un cinema \u00een aer liber unde va rula filmul Zootopia 2. \u00censcrierile se fac prin ARCUB Bucure\u0219ti.<\/p>\n<p>Evenimente pentru protec\u021bia animalelor: Woof Fest \u0219i T\u00e2rgul ASPA<br \/>\n<img loading=\"lazy\" decoding=\"async\" aria-describedby=\"caption-attachment-57847\" class=\"wp-image-57847 size-full\" src=\"https:\/\/www.europesays.com\/ro\/wp-content\/uploads\/2026\/09\/Maidanezi-Agerpres-Alexandru-Cojocaru-e1542354617789.jpeg\" alt=\"Maidanezi caini stapan Agerpres Alexandru Cojocaru\" width=\"798\" height=\"490\"  \/><\/p>\n<p id=\"caption-attachment-57847\" class=\"wp-caption-text\">Foto: Agerpres<\/p>\n<p id=\"p-11\">Gr\u0103dina ParkLake Shopping Center g\u0103zduie\u0219te pe 5 \u0219i 6 septembrie cea de-a patra edi\u021bie a<a href=\"https:\/\/www.parklake.ro\/\" target=\"_blank\" rel=\"noopener nofollow\"> Woof Fest<\/a>, un festival ce include activit\u0103\u021bi pentru c\u0103\u021bei, sesiuni de yoga cu patrupezi, concursuri \u0219i o zon\u0103 de adop\u021bii. Detalii sunt disponibile pe site-ul ParkLake. \u00cen paralel, s\u00e2mb\u0103t\u0103, 5 septembrie (10:00\u201316:00), ASPA organizeaz\u0103 un t\u00e2rg de adop\u021bii \u00een Parcul Cr\u00e2nga\u0219i, \u00een zona Scenei, unde 25 de c\u00e2ini \u00ee\u0219i caut\u0103 o familie. Informa\u021bii suplimentare pot fi consultate pe <a href=\"https:\/\/aspa.ro\/evenimente\/categorie\/targ-de-adoptii\/\" target=\"_blank\" rel=\"noopener nofollow\">ASPA Bucure\u0219ti.<\/a><\/p>\n<p id=\"p-12\">\u00a0<\/p>\n","protected":false},"excerpt":{"rendered":"Bucure\u0219tenii au la dispozi\u021bie o agend\u0103 diversificat\u0103 \u00een weekendul 4-6 septembrie 2026, care include festivaluri \u00een aer liber,&hellip;\n","protected":false},"author":2,"featured_media":288234,"comment_status":"","ping_status":"","sticky":false,"template":"","format":"standard","meta":{"footnotes":"","_share_on_mastodon":"0"},"categories":[10],"tags":[32,33,518,31,20720,18571,36,37,7744,27,34,35,7675,25,41,40,38,39,26,47977,28,29,30,33196],"class_list":["post-288233","post","type-post","status-publish","format-standard","has-post-thumbnail","category-romania","tag-breaking-news","tag-breakingnews","tag-bucuresti","tag-cele-mai-populare-subiecte","tag-concert","tag-distractie","tag-featured-news","tag-featurednews","tag-festival","tag-headlines","tag-latest-news","tag-latestnews","tag-mancare","tag-news","tag-ro","tag-romana","tag-romania","tag-romanian","tag-stiri","tag-strazi-deschise","tag-titluri","tag-top-stories","tag-topstories","tag-weekend"],"share_on_mastodon":{"url":"https:\/\/pubeurope.com\/@ro\/117214198581905540","error":""},"_links":{"self":[{"href":"https:\/\/www.europesays.com\/ro\/wp-json\/wp\/v2\/posts\/288233","targetHints":{"allow":["GET"]}}],"collection":[{"href":"https:\/\/www.europesays.com\/ro\/wp-json\/wp\/v2\/posts"}],"about":[{"href":"https:\/\/www.europesays.com\/ro\/wp-json\/wp\/v2\/types\/post"}],"author":[{"embeddable":true,"href":"https:\/\/www.europesays.com\/ro\/wp-json\/wp\/v2\/users\/2"}],"replies":[{"embeddable":true,"href":"https:\/\/www.europesays.com\/ro\/wp-json\/wp\/v2\/comments?post=288233"}],"version-history":[{"count":0,"href":"https:\/\/www.europesays.com\/ro\/wp-json\/wp\/v2\/posts\/288233\/revisions"}],"wp:featuredmedia":[{"embeddable":true,"href":"https:\/\/www.europesays.com\/ro\/wp-json\/wp\/v2\/media\/288234"}],"wp:attachment":[{"href":"https:\/\/www.europesays.com\/ro\/wp-json\/wp\/v2\/media?parent=288233"}],"wp:term":[{"taxonomy":"category","embeddable":true,"href":"https:\/\/www.europesays.com\/ro\/wp-json\/wp\/v2\/categories?post=288233"},{"taxonomy":"post_tag","embeddable":true,"href":"https:\/\/www.europesays.com\/ro\/wp-json\/wp\/v2\/tags?post=288233"}],"curies":[{"name":"wp","href":"https:\/\/api.w.org\/{rel}","templated":true}]}}