{"id":288243,"date":"2026-09-04T18:46:14","date_gmt":"2026-09-04T18:46:14","guid":{"rendered":"https:\/\/www.europesays.com\/ro\/288243\/"},"modified":"2026-09-04T18:46:14","modified_gmt":"2026-09-04T18:46:14","slug":"jucatorul-ridicat-in-slavi-de-nuno-campos-inainte-de-dinamo-fcsb-e-la-un-nivel-foarte-ridicat","status":"publish","type":"post","link":"https:\/\/www.europesays.com\/ro\/288243\/","title":{"rendered":"Juc\u0103torul ridicat \u00een sl\u0103vi de Nuno Campos, \u00eenainte de Dinamo \u2013 FCSB: \u201dE la un nivel foarte ridicat\u201d"},"content":{"rendered":"\n<ul class=\"bullets\">\n<li>\n<p>SuperLiga: Dinamo &#8211; FCSB, s\u00e2mb\u0103t\u0103, 20:30, DGS 1<\/p>\n<\/li>\n<li>\n<p>SuperLiga: UTA &#8211; Csikszereda, s\u00e2mb\u0103t\u0103, 17:30, DGS 1<\/p>\n<\/li>\n<\/ul>\n<p>Confruntarea din etapa a opta este programat\u0103 s\u00e2mb\u0103t\u0103, 5 septembrie, de la ora 20:30, pe \u201dArcul de Triumf\u201d.<\/p>\n<ul>\n<li>Derby-ul Dinamo &#8211; FCSB va putea fi urm\u0103rit \u00een direct pe Digi Sport 1, pe site-ul digisport.ro, dar \u0219i \u00een <a href=\"https:\/\/www.digisport.ro\/app\" target=\"_blank\" rel=\"noopener nofollow\" data-skip-linkfix=\"1\">aplica\u021bia Digi Sport<\/a>, de c\u0103tre abona\u021bii Digi Rom\u00e2nia.<\/li>\n<\/ul>\n<p>Nuno Campos, laude pentru C\u0103t\u0103lin C\u00eerjan \u00eenainte de Dinamo &#8211; FCSB<\/p>\n<p>\u00cenaintea partidei, <a href=\"https:\/\/www.digisport.ro\/fotbal\/liga-1\/nuno-campos-e-sigur-cum-poate-castiga-dinamo-derby-ul-cu-fcsb-stim-asta-4467019\" target=\"_blank\" rel=\"noopener nofollow\" data-skip-linkfix=\"1\">Nuno Campos a sus\u021binut o conferin\u021b\u0103 de pres\u0103<\/a> \u0219i a vorbit despre unul dintre oamenii de baz\u0103 ai echipei sale.<\/p>\n<p>Antrenorul portughez l-a l\u0103udat pe C\u0103t\u0103lin C\u00eerjan, consider\u0103 c\u0103 decarul lui Dinamo traverseaz\u0103 o perioad\u0103 foarte bun\u0103 \u0219i crede c\u0103 poate face diferen\u021ba \u00een derby-ul cu marea rival\u0103.<\/p>\n<p>\u201dC\u00eerjan e la un nivel foarte ridicat. Uneori, oamenii nu \u00een\u021beleg c\u0103 dinamica echipei depinde foarte mult de C\u00eerjan, iar el face o treab\u0103 foarte bun\u0103. <\/p>\n<p>Apare \u0219i deblocheaz\u0103 jocul, paseaz\u0103 decisiv colegilor, a marcat \u0219i \u00een Cup\u0103. <\/p>\n<p>E un juc\u0103tor foarte bun, e c\u0103pitanul nostru, iar toat\u0103 lumea crede \u00een el. <\/p>\n<p>El \u0219tie c\u0103 joac\u0103 foarte bine, iar cu timpul \u0219i oamenii vor spune acela\u0219i lucru\u201d, a declarat C\u0103t\u0103lin C\u00eerjan, \u00een cadrul conferin\u021bei de pres\u0103.<\/p>\n<p>  <img decoding=\"async\" data-skip-htmlfix=\"1\" src=\"https:\/\/www.europesays.com\/ro\/wp-content\/uploads\/2026\/09\/PTU5MCZoYXNoPTQ4NDkwNmVlMWZiNmE4ZjJiNWM3MWEyZGFlODkzYWQy.thumb.jpg\" alt=\"FOTBAL:DINAMO BUCURESTI-UNIVERSITATEA CLUJ, SUPERLIGA SUPERBET (22.08.2026)\"\/>   Catalin Cirjan \/ Foto: Sport Pictures  C\u0103t\u0103lin C\u00eerjan, ofert\u0103 de 800.000 de euro pe sezon din Rusia<\/p>\n<p>C\u0103t\u0103lin C\u00eerjan \u00eenc\u0103 o mai poate p\u0103r\u0103si pe Dinamo, chiar dac\u0103 mutarea sa \u00een MLS, la Minnesota United, nu s-a concretizat.<\/p>\n<p>Mijloca\u0219ul ofensiv are acum o ofert\u0103 din Rusia, care i-ar putea aduce un salariu de aproximativ 800.000 de euro pe sezon.<\/p>\n<p>Suma este mult peste venitul actual al fotbalistului, conform <a style=\"color: #333333;\" href=\"https:\/\/www.prosport.ro\/fotbal-intern\/superliga\/oferta-de-ultima-ora-pentru-catalin-cirjan-dupa-ce-varianta-mls-a-picat-capitanul-lui-dinamo-poate-incasa-800-000-de-euro-pe-an-exclusiv-20516811\" target=\"_blank\" rel=\"noopener nofollow\" data-skip-linkfix=\"1\">ProSport<\/a>. La Dinamo, C\u00eerjan prime\u0219te cel mult 15.000 de euro pe lun\u0103, adic\u0103 un venit anual de maximum 180.000 de euro.<\/p>\n<p>Decarul are o clauz\u0103 de reziliere de 5 milioane de euro, \u00eens\u0103 oficialii lui Dinamo ar fi dispu\u0219i s\u0103 negocieze \u0219i pentru o sum\u0103 mai mic\u0103.<\/p>\n<p>Transferul lui C\u0103t\u0103lin C\u00eerjan \u00een MLS nu s-a mai realizat<\/p>\n<p>\u00cenaintea propunerii din Rusia, Minnesota United a \u00eencercat s\u0103-l transfere pe C\u00eerjan. Clubul american a propus un \u00eemprumut cu op\u021biune de cump\u0103rare \u00een valoare de 3,4 milioane de euro.<\/p>\n<p>Dinamo nu a acceptat formula, iar negocierile nu au dus la un acord \u00eenainte de \u00eenchiderea perioadei de mercato din Statele Unite ale Americii.<\/p>\n<p>C\u00eerjan a sus\u021binut c\u0103 nu s-a concentrat asupra posibilului transfer \u0219i c\u0103 aten\u021bia sa a fost asupra meciurilor lui Dinamo.<\/p>\n<p>\u201dNu \u0219tiu ce s\u0103 zic, n-am fost p\u00e2n\u0103 acum. Am auzit din pres\u0103, s\u0103 fiu sincer, nu am vorbit cu nimeni de la club despre asta. Nu m-am g\u00e2ndit la ofert\u0103, eu m-am g\u00e2ndit 100% la meci.<\/p>\n<p>Am avut meci (n.r. cu Sporting Lie\u0219ti), \u0219tiam c\u0103 joc titular \u0219i aici mi-a fost g\u00e2ndul. Conduc\u0103torii trebuie s\u0103 vorbeasc\u0103, chiar nu \u0219tiu ce se \u00eent\u00e2mpl\u0103 cu asta\u201d, a spus C\u0103t\u0103lin C\u00eerjan.<\/p>\n<p>Clasament SuperLiga  <img decoding=\"async\" data-skip-htmlfix=\"1\" src=\"https:\/\/www.europesays.com\/ro\/wp-content\/uploads\/2026\/09\/1788547574_123_ZyZ3PTU5MCZoYXNoPTBjMDY0ZDBiMzI5ZjljZWY4MjE1NWE1YjIzY2I5Y2Fk.thumb.jpg\" alt=\"clasament-superliga\"\/>   Clasament SuperLiga \/ Foto: Digi Sport  VIDEO rezumat Dinamo &#8211; FCSB 1-2, ultima confruntare dintre cele dou\u0103 mari rivaleVIDEO Rezumat Dinamo &#8211; FCSB 1-2, finala barajului pentru Conference League   <\/p>\n<p>  Etichete:  <a href=\"https:\/\/www.digisport.ro\/eticheta\/dinamo\" rel=\"nofollow noopener\" target=\"_blank\">dinamo<\/a> , <a href=\"https:\/\/www.digisport.ro\/eticheta\/fcsb\" rel=\"nofollow noopener\" target=\"_blank\">fcsb<\/a> , <a href=\"https:\/\/www.digisport.ro\/eticheta\/derby-dinamo-fcsb\" rel=\"nofollow noopener\" target=\"_blank\">derby dinamo fcsb<\/a> , <a href=\"https:\/\/www.digisport.ro\/eticheta\/catalin-cirjan\" rel=\"nofollow noopener\" target=\"_blank\">catalin cirjan<\/a> , <a href=\"https:\/\/www.digisport.ro\/eticheta\/nuno-campos\" rel=\"nofollow noopener\" target=\"_blank\">nuno campos<\/a>   <\/p>\n<p>Urm\u0103re\u0219te \u0219tirile digisport.ro \u0219i pe <a href=\"https:\/\/news.google.com\/publications\/CAAiENr1L9HFNMG5hpp5zTfVtpsqFAgKIhDa9S_RxTTBuYaaec031bab?ceid=RO:ro&amp;oc=3\" target=\"_blank\" rel=\"external nofollow noopener\">Google News<\/a><\/p>\n<p>   Noua Aplica\u0163ie Digi Sport poate fi desc\u0103rcat\u0103 din   <\/p>\n","protected":false},"excerpt":{"rendered":"SuperLiga: Dinamo &#8211; FCSB, s\u00e2mb\u0103t\u0103, 20:30, DGS 1 SuperLiga: UTA &#8211; Csikszereda, s\u00e2mb\u0103t\u0103, 17:30, DGS 1 Confruntarea din&hellip;\n","protected":false},"author":2,"featured_media":288244,"comment_status":"","ping_status":"","sticky":false,"template":"","format":"standard","meta":{"footnotes":"","_share_on_mastodon":"0"},"categories":[20],"tags":[1859,54572,49,269,56086,41,40,38,39,185,184],"class_list":["post-288243","post","type-post","status-publish","format-standard","has-post-thumbnail","category-sport","tag-catalin-cirjan","tag-derby-dinamo-fcsb","tag-dinamo","tag-fcsb","tag-nuno-campos","tag-ro","tag-romana","tag-romania","tag-romanian","tag-sport","tag-sports"],"share_on_mastodon":{"url":"https:\/\/pubeurope.com\/@ro\/117214261712148194","error":""},"_links":{"self":[{"href":"https:\/\/www.europesays.com\/ro\/wp-json\/wp\/v2\/posts\/288243","targetHints":{"allow":["GET"]}}],"collection":[{"href":"https:\/\/www.europesays.com\/ro\/wp-json\/wp\/v2\/posts"}],"about":[{"href":"https:\/\/www.europesays.com\/ro\/wp-json\/wp\/v2\/types\/post"}],"author":[{"embeddable":true,"href":"https:\/\/www.europesays.com\/ro\/wp-json\/wp\/v2\/users\/2"}],"replies":[{"embeddable":true,"href":"https:\/\/www.europesays.com\/ro\/wp-json\/wp\/v2\/comments?post=288243"}],"version-history":[{"count":0,"href":"https:\/\/www.europesays.com\/ro\/wp-json\/wp\/v2\/posts\/288243\/revisions"}],"wp:featuredmedia":[{"embeddable":true,"href":"https:\/\/www.europesays.com\/ro\/wp-json\/wp\/v2\/media\/288244"}],"wp:attachment":[{"href":"https:\/\/www.europesays.com\/ro\/wp-json\/wp\/v2\/media?parent=288243"}],"wp:term":[{"taxonomy":"category","embeddable":true,"href":"https:\/\/www.europesays.com\/ro\/wp-json\/wp\/v2\/categories?post=288243"},{"taxonomy":"post_tag","embeddable":true,"href":"https:\/\/www.europesays.com\/ro\/wp-json\/wp\/v2\/tags?post=288243"}],"curies":[{"name":"wp","href":"https:\/\/api.w.org\/{rel}","templated":true}]}}