{"id":288263,"date":"2026-09-04T19:08:09","date_gmt":"2026-09-04T19:08:09","guid":{"rendered":"https:\/\/www.europesays.com\/ro\/288263\/"},"modified":"2026-09-04T19:08:09","modified_gmt":"2026-09-04T19:08:09","slug":"vocea-romaniei-a-inceput-irina-rimes-anunta-motivul-pentru-care-pleaca-din-emisiune-dupa-8-ani-daca-tot-e-vorba-de-sinceritate","status":"publish","type":"post","link":"https:\/\/www.europesays.com\/ro\/288263\/","title":{"rendered":"Vocea Rom\u00e2niei a \u00eenceput. Irina Rimes anun\u021b\u0103 motivul pentru care pleac\u0103 din emisiune, dup\u0103 8 ani: \u201eDac\u0103 tot e vorba de sinceritate\u201d"},"content":{"rendered":"<p class=\"wp-block-paragraph\">Irina Rimes a anun\u021bat vineri sear\u0103, \u00een <a href=\"https:\/\/hotnews.ro\/a-inceput-vocea-romaniei-primele-imagini-unul-dintre-jurati-la-ultimul-sezon-2341592\" data-type=\"link\" data-id=\"https:\/\/hotnews.ro\/a-inceput-vocea-romaniei-primele-imagini-unul-dintre-jurati-la-ultimul-sezon-2341592\" target=\"_blank\" rel=\"noreferrer noopener nofollow\">prima edi\u021bie a celui de-al 14-lea sezon \u201eVocea Rom\u00e2niei\u201d<\/a>, motivul pentru care p\u0103r\u0103se\u0219te juriul emisiunii.\u00a0<\/p>\n<p class=\"wp-block-paragraph\">\u00centr-un comunicat transmis de PRO TV \u00eenaintea \u00eenceperii emisiunii, Irina Rimes anun\u021base c\u0103 acesta este ultimul an \u00een care face parte din juriul \u201eVocea Rom\u00e2niei\u201d, f\u0103r\u0103 s\u0103 precizeze \u00eens\u0103 motivul deciziei.\u00a0<\/p>\n<p class=\"wp-block-paragraph\">Ea a explicat motivele la \u00eenceputul <a href=\"https:\/\/hotnews.ro\/a-inceput-vocea-romaniei-primele-imagini-unul-dintre-jurati-la-ultimul-sezon-2341592\" rel=\"nofollow noopener\" target=\"_blank\">emisiunii din aceast\u0103 sear\u0103<\/a>.<\/p>\n<p class=\"wp-block-paragraph\">\u201eDac\u0103 tot e vorba de sinceritate: anul \u0103sta este ultimul meu an la Vocea Rom\u00e2niei, pentru c\u0103 vreau s\u0103 iau o pauz\u0103 \u00een carier\u0103 \u0219i vreau s\u0103 \u00eentemeiez o familie. M-am g\u00e2ndit c\u0103 este un moment oportun s\u0103 o spun \u0219i fa\u021b\u0103 de public, \u0219i fa\u021b\u0103 de colegii mei. Fiind ultimul meu an nu-mi permit s\u0103 scap nicio voce bun\u0103\u201d, a spus Irina Rimes.<\/p>\n<p class=\"wp-block-paragraph\">\u201eDac\u0103 vreau s\u0103 fiu mam\u0103 la un moment dat trebuie s\u0103 ies pu\u021bin din lumina reflectoarelor. \u00cencep s\u0103 apreciez altfel fiecare clip\u0103 petrecut\u0103 \u00een studioul \u0103sta. Vreau s\u0103 plec frumos, a\u0219a ca miza mea anul \u0103sta este s\u0103 fac tot posibilul s\u0103 fiu cel mai bun antrenor\u201d, a ad\u0103ugat ea.<\/p>\n<p class=\"wp-block-paragraph\">Irina Rimes face parte din juriul Vocea Rom\u00e2niei din 2018.<\/p>\n","protected":false},"excerpt":{"rendered":"Irina Rimes a anun\u021bat vineri sear\u0103, \u00een prima edi\u021bie a celui de-al 14-lea sezon \u201eVocea Rom\u00e2niei\u201d, motivul pentru&hellip;\n","protected":false},"author":2,"featured_media":288264,"comment_status":"","ping_status":"","sticky":false,"template":"","format":"standard","meta":{"footnotes":"","_share_on_mastodon":"0"},"categories":[18],"tags":[171,170,41,40,38,39],"class_list":["post-288263","post","type-post","status-publish","format-standard","has-post-thumbnail","category-divertisment","tag-divertisment","tag-entertainment","tag-ro","tag-romana","tag-romania","tag-romanian"],"share_on_mastodon":{"url":"https:\/\/pubeurope.com\/@ro\/117214347463239952","error":""},"_links":{"self":[{"href":"https:\/\/www.europesays.com\/ro\/wp-json\/wp\/v2\/posts\/288263","targetHints":{"allow":["GET"]}}],"collection":[{"href":"https:\/\/www.europesays.com\/ro\/wp-json\/wp\/v2\/posts"}],"about":[{"href":"https:\/\/www.europesays.com\/ro\/wp-json\/wp\/v2\/types\/post"}],"author":[{"embeddable":true,"href":"https:\/\/www.europesays.com\/ro\/wp-json\/wp\/v2\/users\/2"}],"replies":[{"embeddable":true,"href":"https:\/\/www.europesays.com\/ro\/wp-json\/wp\/v2\/comments?post=288263"}],"version-history":[{"count":0,"href":"https:\/\/www.europesays.com\/ro\/wp-json\/wp\/v2\/posts\/288263\/revisions"}],"wp:featuredmedia":[{"embeddable":true,"href":"https:\/\/www.europesays.com\/ro\/wp-json\/wp\/v2\/media\/288264"}],"wp:attachment":[{"href":"https:\/\/www.europesays.com\/ro\/wp-json\/wp\/v2\/media?parent=288263"}],"wp:term":[{"taxonomy":"category","embeddable":true,"href":"https:\/\/www.europesays.com\/ro\/wp-json\/wp\/v2\/categories?post=288263"},{"taxonomy":"post_tag","embeddable":true,"href":"https:\/\/www.europesays.com\/ro\/wp-json\/wp\/v2\/tags?post=288263"}],"curies":[{"name":"wp","href":"https:\/\/api.w.org\/{rel}","templated":true}]}}