{"id":288285,"date":"2026-09-04T19:29:10","date_gmt":"2026-09-04T19:29:10","guid":{"rendered":"https:\/\/www.europesays.com\/ro\/288285\/"},"modified":"2026-09-04T19:29:10","modified_gmt":"2026-09-04T19:29:10","slug":"romania-in-lumina-reflectoarelor-la-festivalul-de-film-de-la-venetia-cu-filmul-alinei-serban-eu-contez","status":"publish","type":"post","link":"https:\/\/www.europesays.com\/ro\/288285\/","title":{"rendered":"Rom\u00e2nia, \u00een lumina reflectoarelor la Festivalul de Film de la Vene\u021bia cu filmul Alinei \u0218erban, \u201eEu contez\u201d"},"content":{"rendered":"<p class=\"wp-block-paragraph\">Actri\u021ba Alina \u0218erban revine \u00een competi\u021bia de la Festivalul Interna\u021bional de film de la Vene\u021bia \u00een calitate de regizor, fiind singurul cineast rom\u00e2n care particip\u0103 la edi\u021bia de anul acesta.<\/p>\n<p class=\"wp-block-paragraph\">Alina \u0218erban, 38 de ani, este una din rarele regizoare selec\u021bionate \u0219i prima regizoare rom\u00e2n\u0103 de etnie rom\u0103 care va p\u0103\u0219i pe covorul ro\u0219u, potrivit unui comunicat de pres\u0103 transmis Forum Film Rom\u00e2nia. \u00a0<\/p>\n<p class=\"wp-block-paragraph\">Ea va prezenta primul filmul ei \u201eEu contez\u201d (I Matter), pelicula fiind scris\u0103 \u0219i regizat\u0103 de ea.<\/p>\n<p class=\"wp-block-paragraph\">Nu mai putin de 4.500 de filme au fost trimise la festivalul de anul acesta, dintre care doar 47 au fost selec\u021bionate \u00een competi\u021bia oficial\u0103 sau \u00een sec\u021biunile Orizzonti si Spotlight.<\/p>\n<p>C\u00e2nd va fi proiec\u021bia oficial\u0103<\/p>\n<p class=\"wp-block-paragraph\">Filmul \u201eEu contez\u201d (I Matter) exploreaz\u0103 teme precum dep\u0103\u0219irea fricii, speran\u021ba \u0219i acceptarea de sine \u0219i proiec\u021bia oficial\u0103 a filmului va avea loc mar\u021bi, 8 septembrie, \u00een cadrul sec\u021biunii \u201eVenezia Spotlight\u201d, care reune\u0219te \u00een acest an opt lungmetraje.<\/p>\n<p class=\"wp-block-paragraph\">Conceput\u0103 pentru produc\u021bii adresate publicului larg, sec\u021biunea este dedicat\u0103 filmelor caracterizate prin inova\u021bie \u0219i creativitate, care propun o rela\u021bie original\u0103 cu acesta.<\/p>\n<p class=\"wp-block-paragraph\">Selec\u021bia \u00een cadrul Venice Spotlight marcheaz\u0103 revenirea Alinei \u0218erban la Festivalul Interna\u021bional de Film de la Vene\u021bia, unde, \u00een 2023, a fost prezent\u0103 \u00een competi\u021bia Orizzonti cu lungmetrajul \u201eHousekeeping for Beginners\u201d, regizat de Goran Stolevski.<\/p>\n<p class=\"wp-block-paragraph\">Ea va fi \u00een competi\u021bie, printre al\u021bii, cu actorul \u0219i cineastul mexican Gael Garcia Bernal (\u201eThe Motorcycle Diaries\u201d, \u201eBabel\u201d).<\/p>\n<p class=\"wp-block-paragraph\">Filmul concureaz\u0103 pentru\u00a0 Premiul Luigi de Laurentiis pentru Cel mai Bun Debut acordat de un juriu interna\u021bional \u0219i pentru Premiul Publicului oferit de Armani Beauty.<\/p>\n<p>Patru ani de documentare \u00een spatele filmului \u201eEu contez\u201d <\/p>\n<p class=\"wp-block-paragraph\">Printre invita\u021bii celei de a 83-a edi\u021bii a festivalului figureaz\u0103 staruri mondiale precum George Clooney, Penelope Cruz, Javier Bardem, Rooney Mara, Robert Pattinson, Danny Boyle sau Ellen Burstyn.<\/p>\n<p class=\"wp-block-paragraph\">Alina \u0218erban a f\u0103cut un pas important \u00een carier\u0103, trec\u00e2nd pentru prima dat\u0103 \u00een spatele camerei pentru un film al carui scenariu l-a semnat, de asemenea.<\/p>\n<p class=\"wp-block-paragraph\">Filmul \u201eEu contez\u201d spune povestea Rebec\u0103i, o t\u00e2n\u0103r\u0103 de etnie rom\u0103 care este pe cale s\u0103 p\u0103r\u0103seasc\u0103 centrul de plasament \u00een care a crescut.<\/p>\n<p class=\"wp-block-paragraph\">Adolecenta \u00ee\u0219i pune toate speran\u021bele \u00een eliberarea tat\u0103lui s\u0103u din \u00eenchisoare, convins\u0103 c\u0103 acesta \u00eei va oferi, \u00een sf\u00e2r\u0219it, o familie, \u00eens\u0103 nu b\u0103nuie\u0219te c\u0103 drumul spre maturitate va fi mai greu dec\u00e2t \u0219i-a imaginat.<\/p>\n<p class=\"wp-block-paragraph\">\u201eVedem foarte rar personaje rome care tr\u0103iesc experien\u0163e umane complexe, dincolo de stereotipuri. Iar pove\u015ftile despre ce \u00eenseamn\u0103 s\u0103 fii fat\u0103, rom\u0103 \u015fi s\u0103 fii \u00een sistemul de protec\u0163ie a copilului sunt aproape inexistente. Prin \u00abEu contez\u00bb mi-am dorit s\u0103 construiesc o punte c\u0103tre o \u00een\u0163elegere mai profund\u0103 a acestor experien\u0163e \u015fi s\u0103 spun, \u00eenainte de toate, o poveste despre umanitate. Faptul c\u0103 acest film \u00ee\u015fi \u00eencepe drumul la Vene\u0163ia \u00eenseamn\u0103 enorm pentru mine\u201d, a declarat Alina \u015eerban.<\/p>\n<p class=\"wp-block-paragraph\">Ea s-a documentat pentru acest film timp de peste patru ani \u00eempreun\u0103 cu tineri din sistemul de protec\u0163ie social\u0103. \u00cen aceast\u0103 perioad\u0103, regizoarea a realizat al\u0103turi de ei mai multe scurtmetraje documentare \u015fi spectacole de teatru.<\/p>\n<p class=\"wp-block-paragraph\">Din distribu\u0163ia filmului fac parte Denisa Farca\u015f, Sorin Mihai, Angelina Pavel, Vanessa Dancea, Raisa Mihai, Juno (Alexandru Stancu), Alina Berzun\u0163eanu \u015fi Natalia C\u0103lin. Al\u0103turi de ace\u015ftia, \u00een film joac\u0103 \u015fi 16 copii \u015fi tineri reziden\u0163i ai centrelor de plasament Casa Iosif \u015fi Casa Sara, din cadrul Ansamblului Social Cre\u015ftin M\u0103gurele din Bucure\u015fti.<\/p>\n<p class=\"wp-block-paragraph\">Ace\u0219tia \u00a0vor fi prezenti la Festivalul de Film de la Venetia de anul acesta.<\/p>\n<p class=\"wp-block-paragraph\">Produs de Ada Solomon \u015fi Carla Fotea, echipa filmului a fost completat\u0103 de: Nona C\u0103tu\u015fanu (imagine), Leti\u0163ia \u015etef\u0103nescu (montaj), Andreea Popa (scenografie), Dana Anghel (costume), Vlaicu Golcea (muzic\u0103), Quentin Jacques, Lise Bouchez, Jean-St\u00e9phane Garbe (sunet).<\/p>\n","protected":false},"excerpt":{"rendered":"Actri\u021ba Alina \u0218erban revine \u00een competi\u021bia de la Festivalul Interna\u021bional de film de la Vene\u021bia \u00een calitate de&hellip;\n","protected":false},"author":2,"featured_media":288286,"comment_status":"","ping_status":"","sticky":false,"template":"","format":"standard","meta":{"footnotes":"","_share_on_mastodon":"0"},"categories":[18],"tags":[171,170,41,40,38,39],"class_list":["post-288285","post","type-post","status-publish","format-standard","has-post-thumbnail","category-divertisment","tag-divertisment","tag-entertainment","tag-ro","tag-romana","tag-romania","tag-romanian"],"share_on_mastodon":{"url":"https:\/\/pubeurope.com\/@ro\/117214430077531381","error":""},"_links":{"self":[{"href":"https:\/\/www.europesays.com\/ro\/wp-json\/wp\/v2\/posts\/288285","targetHints":{"allow":["GET"]}}],"collection":[{"href":"https:\/\/www.europesays.com\/ro\/wp-json\/wp\/v2\/posts"}],"about":[{"href":"https:\/\/www.europesays.com\/ro\/wp-json\/wp\/v2\/types\/post"}],"author":[{"embeddable":true,"href":"https:\/\/www.europesays.com\/ro\/wp-json\/wp\/v2\/users\/2"}],"replies":[{"embeddable":true,"href":"https:\/\/www.europesays.com\/ro\/wp-json\/wp\/v2\/comments?post=288285"}],"version-history":[{"count":0,"href":"https:\/\/www.europesays.com\/ro\/wp-json\/wp\/v2\/posts\/288285\/revisions"}],"wp:featuredmedia":[{"embeddable":true,"href":"https:\/\/www.europesays.com\/ro\/wp-json\/wp\/v2\/media\/288286"}],"wp:attachment":[{"href":"https:\/\/www.europesays.com\/ro\/wp-json\/wp\/v2\/media?parent=288285"}],"wp:term":[{"taxonomy":"category","embeddable":true,"href":"https:\/\/www.europesays.com\/ro\/wp-json\/wp\/v2\/categories?post=288285"},{"taxonomy":"post_tag","embeddable":true,"href":"https:\/\/www.europesays.com\/ro\/wp-json\/wp\/v2\/tags?post=288285"}],"curies":[{"name":"wp","href":"https:\/\/api.w.org\/{rel}","templated":true}]}}