{"id":288291,"date":"2026-09-04T19:36:09","date_gmt":"2026-09-04T19:36:09","guid":{"rendered":"https:\/\/www.europesays.com\/ro\/288291\/"},"modified":"2026-09-04T19:36:09","modified_gmt":"2026-09-04T19:36:09","slug":"e-greu-sa-i-calci-pe-urme-lui-daniel-craig-producatoarea-amy-pascal-despre-cand-ar-putea-fi-anuntat-noul-james-bond","status":"publish","type":"post","link":"https:\/\/www.europesays.com\/ro\/288291\/","title":{"rendered":"\u201eE greu s\u0103-i calci pe urme lui Daniel Craig\u201d. Produc\u0103toarea Amy Pascal, despre c\u00e2nd ar putea fi anun\u021bat noul James Bond"},"content":{"rendered":"<p>\n                            Articol scris de Film Now<br \/>Data public\u0103rii:<br \/>\n                            04.09.2026 10:50\n                        <\/p>\n<p>Au trecut aproape cinci ani de la premiera \u201eNo Time to Die\u201d, dar produc\u0103torii nu au anun\u021bat \u00eenc\u0103 cine va fi urm\u0103torul James Bond. Am putea avea ve\u0219ti spre sf\u00e2r\u0219itul anului despre actorul care l-ar putea interpreta pe agentul 007? Amy Pascal spune c\u0103 este \u201eo estimare bun\u0103\u201d.<\/p>\n<p>\u00centr-un interviu acordat <a href=\"http:\/\/www.deadline.com\" data-skip-linkfix=\"1\" target=\"_blank\" rel=\"nofollow noopener\">Deadline<\/a>, produc\u0103toarea Amy Pascal a fost \u00eentrebat\u0103 c\u00e2nd crede c\u0103 va veni momentul s\u0103 afl\u0103m numele celui care-l va \u00eenlocui pe Daniel Craig \u0219i\u00a0dac\u0103 are informa\u021bii despre calendarul film\u0103rilor pentru noul lungmetraj din franciza Bond.<\/p>\n<p>\u201eA\u0219 spune c\u0103 sf\u00e2r\u0219itul anului este o estimare bun\u0103. Suntem foarte, foarte meticulo\u0219i. Este greu s\u0103-i calci pe urme lui Daniel Craig. \u0218i trebuie s\u0103 fie ceva cu adev\u0103rat diferit, captivant, palpitant \u0219i inedit\u201d.<\/p>\n<p>                                <a href=\"http:\/\/www.filmnow.ro\/galerie-foto\/1\/stiri\/e-greu-sa-i-calci-pe-urme-lui-daniel-craig-producatoarea-amy-pascal-despre-cand-ar-putea-fi-anuntat-noul-james-bond-244051#0\" data-skip-linkfix=\"1\" rel=\"nofollow noopener\" target=\"_blank\"><br \/>\n                                <img decoding=\"async\" src=\"https:\/\/www.europesays.com\/ro\/wp-content\/uploads\/2026\/09\/dz03NDAmaGFzaD0xNzI3ODA3MWE2MWRhNTI4MzcyNDQ4MzVlODhlZWZlMg==.thumb.jpg\" width=\"780\" height=\"480\" alt=\"\" loading=\"lazy\" data-skip-htmlfix=\"1\" style=\"width: 100%; height: auto;\"\/><br \/>\n                                <\/a><\/p>\n<p>Denis Villeneuve va regiza\u00a0urm\u0103torul film \u201eJames Bond\u201d,\u00a0Amy Pascal \u0219i David Heyman sunt produc\u0103tori<\/p>\n<p>Denis Villeneuve va regiza urm\u0103torul film din seria \u201eJames Bond\u201d.\u00a0Regizorul \u0219i scenaristul canadian a c\u00e2\u0219tigat aprecierea criticilor gra\u021bie unor pelicule precum \u201eSicario\u201d, \u201eDune\u201d, \u201eDune: Part Two\u201d, \u201eBlade Runner 2049\u201d \u0219i \u201eArrival\u201d.<\/p>\n<p>Cineastul a fost nominalizat la Oscar \u00een 2017 \u00een categoria \u201eCel mai bun regizor\u201d pentru filmul SF \u201eArrival\u201d, cu Amy Adams \u0219i Jeremy Renner \u00een distribu\u021bie, \u0219i \u00een categoria \u201eCel mai bun scenariu adaptat\u201d gra\u021bie peliculei \u201eDune\u201d, o ecranizare a romanului omonim din 1965 al lui Frank Herbert, la edi\u021bia din 2022 a premiilor Oscar.<\/p>\n<p>\u201eSunt un fan convins al lui Bond. Pentru mine, e un teritoriu sacru. Inten\u021bionez s\u0103 onorez tradi\u021bia \u0219i s\u0103 deschid calea pentru numeroase misiuni viitoare. Este o responsabilitate uria\u0219\u0103\u201d, a spus Villeneuve \u00eentr-un comunicat vara trecut\u0103.<\/p>\n<p>Cite\u0219te \u0219i:<a href=\"https:\/\/www.filmnow.ro\/stiri\/cine-ar-trebui-sa-fie-noul-james-bond-george-clooney-a-dezvaluit-favoritul-sau-este-inalt-atragator-alegerea-perfecta-238533\" data-skip-linkfix=\"1\" rel=\"nofollow noopener\" target=\"_blank\">\u00a0Cine ar trebui s\u0103 fie noul James Bond? George Clooney a dezv\u0103luit favoritul s\u0103u: \u201eEste \u00eenalt, atr\u0103g\u0103tor, alegerea perfect\u0103!\u201d<\/a><\/p>\n<p>Viitorul film James Bond va fi primul realizat de Studiourile MGM ale Amazon, care a preluat controlul creativ al acestei francize cinematografice \u00een cadrul unui nou parteneriat cu de\u021bin\u0103torii drepturilor de autor, Michael Wilson \u0219i Barbara Broccoli, la \u00eenceputul acestui an.<\/p>\n<p>Franciza nu a anun\u021bat \u00eenc\u0103 numele actorului care \u00eel va interpreta pe Bond dup\u0103 ce Daniel Craig a renun\u021bat la rol dup\u0103 filmul \u201eNo Time to Die\u201d din 2021, care a avut \u00eencas\u0103ri de aproape 800 de milioane de dolari la box office-ul global.<\/p>\n<p>Inspirat\u0103 din romanele lui Ian Fleming, franciza Bond are o istorie de peste 60 de ani \u0219i \u00eencas\u0103ri totale de peste 7 miliarde de dolari la box office-ul global, fiind una dintre cele mai de succes din toate timpurile.<\/p>\n","protected":false},"excerpt":{"rendered":"Articol scris de Film NowData public\u0103rii: 04.09.2026 10:50 Au trecut aproape cinci ani de la premiera \u201eNo Time&hellip;\n","protected":false},"author":2,"featured_media":288292,"comment_status":"","ping_status":"","sticky":false,"template":"","format":"standard","meta":{"footnotes":"","_share_on_mastodon":"0"},"categories":[18],"tags":[171,170,41,40,38,39],"class_list":["post-288291","post","type-post","status-publish","format-standard","has-post-thumbnail","category-divertisment","tag-divertisment","tag-entertainment","tag-ro","tag-romana","tag-romania","tag-romanian"],"share_on_mastodon":{"url":"https:\/\/pubeurope.com\/@ro\/117214457859779379","error":""},"_links":{"self":[{"href":"https:\/\/www.europesays.com\/ro\/wp-json\/wp\/v2\/posts\/288291","targetHints":{"allow":["GET"]}}],"collection":[{"href":"https:\/\/www.europesays.com\/ro\/wp-json\/wp\/v2\/posts"}],"about":[{"href":"https:\/\/www.europesays.com\/ro\/wp-json\/wp\/v2\/types\/post"}],"author":[{"embeddable":true,"href":"https:\/\/www.europesays.com\/ro\/wp-json\/wp\/v2\/users\/2"}],"replies":[{"embeddable":true,"href":"https:\/\/www.europesays.com\/ro\/wp-json\/wp\/v2\/comments?post=288291"}],"version-history":[{"count":0,"href":"https:\/\/www.europesays.com\/ro\/wp-json\/wp\/v2\/posts\/288291\/revisions"}],"wp:featuredmedia":[{"embeddable":true,"href":"https:\/\/www.europesays.com\/ro\/wp-json\/wp\/v2\/media\/288292"}],"wp:attachment":[{"href":"https:\/\/www.europesays.com\/ro\/wp-json\/wp\/v2\/media?parent=288291"}],"wp:term":[{"taxonomy":"category","embeddable":true,"href":"https:\/\/www.europesays.com\/ro\/wp-json\/wp\/v2\/categories?post=288291"},{"taxonomy":"post_tag","embeddable":true,"href":"https:\/\/www.europesays.com\/ro\/wp-json\/wp\/v2\/tags?post=288291"}],"curies":[{"name":"wp","href":"https:\/\/api.w.org\/{rel}","templated":true}]}}