{"id":288385,"date":"2026-09-04T21:47:13","date_gmt":"2026-09-04T21:47:13","guid":{"rendered":"https:\/\/www.europesays.com\/ro\/288385\/"},"modified":"2026-09-04T21:47:13","modified_gmt":"2026-09-04T21:47:13","slug":"final-incredibil-in-betis-real-madrid-primul-esec-de-la-revenirea-lui-mourinho","status":"publish","type":"post","link":"https:\/\/www.europesays.com\/ro\/288385\/","title":{"rendered":"Final incredibil \u00een Betis &#8211; Real Madrid! Primul e\u0219ec de la revenirea lui Mourinho"},"content":{"rendered":"<p>\n            Articol de <a rel=\"author nofollow noopener\" href=\"https:\/\/www.gsp.ro\/autor\/alexandru-stanciu-3977.html\" target=\"_blank\">Alexandru Stanciu<\/a>            &#8211; Publicat sambata, 05 septembrie 2026,  00:06            \/ Actualizat sambata, 05 septembrie 2026 00:17                    <\/p>\n<p>Jose Mourinho (63 de ani) a suferit prima \u00eenfr\u00e2ngere de la revenirea la Real Madrid, 0-1 \u00een deplasare cu Betis. Echipa antrenat\u0103 de Manuel Pellegrini (72 de ani) a dat lovitura de gra\u021bie \u00een minutul 81, prin Troy Parrott. <\/p>\n<p class=\"do-not-hide\">Real Madrid \u00eencepuse perfect campionatul, cu 3 victorii din 3: 2-1 cu Espanyol, 4-1 cu Sociedad \u0219i 4-0 cu Malaga. Betis a c\u00e2\u0219tigat cu Sociedad (1-0) \u0219i Valencia (1-0), dar a pierdut cu Levante (2-5).<\/p>\n<p>Final dramatic \u00een Betis &#8211; Real Madrid \u00bb Mourinho a suferit prima \u00eenfr\u00e2ngere de la revenire<\/p>\n<p>Prima mare ocazie i-a apar\u021binut lui Dean Huijsen, care a \u0219utat puternic din interiorul careului, \u00eens\u0103 Alvaro Valles a intervenit excep\u021bional \u0219i a respins. Doar 4 minute mai t\u00e2rziu, Vinicius Junior a avut \u00een picior deschiderea scorului, \u00eens\u0103 \u0219utul s\u0103u a lovit din plin bara din st\u00e2nga. <\/p>\n<p>Gazdele au reechilibrat balan\u021ba \u00een minutul 18, c\u00e2nd Antony a \u0219utat puternic de la distan\u021b\u0103, dar Thibaut Courtois a fost la post \u0219i a intervenit la timp, resping\u00e2nd mingea \u00een corner. Peste alte 3 minute, \u0219i Cucho Hernandez l-a pus \u00een dificultate pe Courtois, \u00eens\u0103 \u0219utul acestuia a trecut cu pu\u021bin pe l\u00e2ng\u0103 bar\u0103.<\/p>\n<p>Real Madrid a avut o alt\u0103 ocazie uria\u0219\u0103 \u00een finalul primei reprize, \u00eens\u0103 Valles a avut o nou\u0103 interven\u021bie excep\u021bional\u0103 \u0219i a respins lovitura de cap a lui Jude Bellingham. Tot \u00een prelungirile primei reprize, Huijsen a avut o nou\u0103 ocazie monumental\u0103, de data aceasta cu capul, \u00eens\u0103 mingea a lovit din plin bara transversal\u0103.<\/p>\n<p>                    <a href=\"https:\/\/www.gsp.ro\/international\/campionate\/betis-real-madrid-1-0-976461-galerie-foto-pic-1779111.html?sourcearticle=976228\" class=\"thumb gallery-in-article__main\" rel=\"nofollow noopener\" target=\"_blank\"><br \/>\n                        <img decoding=\"async\" src=\"https:\/\/www.europesays.com\/ro\/wp-content\/uploads\/2026\/09\/cad57e5b-43c5-4d7b-b1d7-9e869b41d698.jpg\" class=\"wow fadeIn\" alt=\"\" width=\"375\" height=\"250\" loading=\"lazy\"\/><\/p>\n<p>                    <\/a><\/p>\n<p>Repriza secund\u0103 a fost mult mai echilibrat\u0103, iar prima mare ocazie i-a apar\u021binut lui Mbappe \u00een minutul 68, \u00eens\u0103 atacantul francez s-a lovit de o nou\u0103 parad\u0103 excep\u021bional\u0103 a lui Valles.<\/p>\n<p>Betis a reu\u0219it s\u0103 deschid\u0103 scorul \u00een minutul 81. \u00cen urma unei lovituri de col\u021b, Natan a lovit puternic cu capul, Courtois a respins \u00een fa\u021ba por\u021bii, iar Troy Parrott a fost la locul \u0219i momentul oportun \u0219i a \u00eempins mingea \u00een plas\u0103.<\/p>\n<p>Trimis pe teren \u00een minutul 82, Carlos Espi a marcat un gol superb 5 minute mai t\u00e2rziu, din semi-foarfec\u0103, dup\u0103 o pas\u0103 senza\u021bional\u0103 a lui Vinicius Junuior, cu exteriorul. Reu\u0219ita a fost anulat\u0103 ulterior din camera VAR, pentru un ofsaid \u00een construc\u021bia fazei.<\/p>\n<p>\u00cen prelungirile meciului, Real Madrid a primit o lovitur\u0103 de pedeaps\u0103, irosit\u0103 de Kylian Mbappe \u00een minutul 90+4. Arbitrul a dictat ini\u021bial repetarea penalty-ului, \u00eens\u0103 \u00een urma consult\u0103rii din camera VAR, jocul s-a reluat cu un corner pentru \u201eLos Blancos\u201d. <\/p>\n<p><img decoding=\"async\" src=\"https:\/\/www.europesays.com\/ro\/wp-content\/uploads\/2026\/09\/12f2e7b1-92c3-48b6-89d4-3f45d2e8fc2e.png\" loading=\"lazy\" title=\"\" alt=\"Final incredibil \u00een Betis - Real Madrid! Primul e\u0219ec de la revenirea lui Mourinho\" width=\"738\" height=\"502\"\/><\/p>\n<p>Madrilenii au protestat vehement, \u00een frunte cu Vinicius Junior. Brazilianul a v\u0103zut un cartona\u0219 galben dup\u0103 fluierul final, dar a continuat s\u0103 vocifereze. Ulterior, \u0219i Mourinho s-a \u00eendreptat \u00een direc\u021bia arbitrului pentru a cere explica\u021bii.<\/p>\n<p>Final \u00bb Betis &#8211; Real Madrid 1-0<\/p>\n<ul>\n<li>\n<p><a target=\"_self\" class=\"editor-link\" href=\"https:\/\/www.gsp.ro\/rezultate-live\/meci\/11207634\" rel=\"nofollow noopener\">Click AICI pentru statistici<\/a><\/p>\n<\/li>\n<li>\n<p>A marcat: Parrott 81<\/p>\n<\/li>\n<li>\n<p>Espi a marcat un gol superb \u00een minutul 87 pentru Real Madrid, din semifoarfec\u0103, anulat ulterior la VAR pentru un ofsaid \u00een construc\u021bia fazei<\/p>\n<\/li>\n<li>\n<p>Kylian Mbappe a ratat o lovitur\u0103 de pedeaps\u0103 \u00een minutul 90+4<\/p>\n<\/li>\n<\/ul>\n<p>Betis &#8211; Real Madrid, echipele de start <\/p>\n<p>Betis (4-2-3-1): Valles &#8211; Bellerin, D. Llorente, Natan, F. Garcia &#8211; Roca, Bernal &#8211; Antony, Isco, Fornals &#8211; C. Hernandez<br \/>Rezerve: M. Gonzalez, de Pablo &#8211; Bartra, Deossa, Fidalgo, Firpo, V. Gomez, Losada, J. Morante, Ortiz, Parrott, R. Riquelme<br \/>Antrenor: Manuel Pellegrini<\/p>\n<p>Real Madrid (4-2-3-1): Courtois &#8211; Dumfries, Konate, Huijsen, Cucurella &#8211; Valverde, Camavinga &#8211; Guler, Bellingham, Vinicius Junior &#8211; Mbappe<br \/>Rezerve: Lunin, Navarro Jimenez &#8211; Alexander-Arnold, Carreras, Cestero Sancho, B. Diaz, Diomande, Espi, S. Martinez, Rivas, Rudiger, B. Silva<br \/>Antrenor: Jose Mourinho<\/p>\n<p>Stadion: Estadio La Cartuja de Sevilla <br \/>Arbitru: Alejandro Hernandez<\/p>\n<p>Clasamentul din La Liga <\/p>\n","protected":false},"excerpt":{"rendered":"Articol de Alexandru Stanciu &#8211; Publicat sambata, 05 septembrie 2026, 00:06 \/ Actualizat sambata, 05 septembrie 2026 00:17&hellip;\n","protected":false},"author":2,"featured_media":288386,"comment_status":"","ping_status":"","sticky":false,"template":"","format":"standard","meta":{"footnotes":"","_share_on_mastodon":"0"},"categories":[5],"tags":[22652,32,33,31,36,37,27,1172,34,35,25,1083,41,40,38,39,26,28,29,30],"class_list":["post-288385","post","type-post","status-publish","format-standard","has-post-thumbnail","category-titluri","tag-betis","tag-breaking-news","tag-breakingnews","tag-cele-mai-populare-subiecte","tag-featured-news","tag-featurednews","tag-headlines","tag-la-liga","tag-latest-news","tag-latestnews","tag-news","tag-real-madrid","tag-ro","tag-romana","tag-romania","tag-romanian","tag-stiri","tag-titluri","tag-top-stories","tag-topstories"],"share_on_mastodon":{"url":"https:\/\/pubeurope.com\/@ro\/117214973324915193","error":""},"_links":{"self":[{"href":"https:\/\/www.europesays.com\/ro\/wp-json\/wp\/v2\/posts\/288385","targetHints":{"allow":["GET"]}}],"collection":[{"href":"https:\/\/www.europesays.com\/ro\/wp-json\/wp\/v2\/posts"}],"about":[{"href":"https:\/\/www.europesays.com\/ro\/wp-json\/wp\/v2\/types\/post"}],"author":[{"embeddable":true,"href":"https:\/\/www.europesays.com\/ro\/wp-json\/wp\/v2\/users\/2"}],"replies":[{"embeddable":true,"href":"https:\/\/www.europesays.com\/ro\/wp-json\/wp\/v2\/comments?post=288385"}],"version-history":[{"count":0,"href":"https:\/\/www.europesays.com\/ro\/wp-json\/wp\/v2\/posts\/288385\/revisions"}],"wp:featuredmedia":[{"embeddable":true,"href":"https:\/\/www.europesays.com\/ro\/wp-json\/wp\/v2\/media\/288386"}],"wp:attachment":[{"href":"https:\/\/www.europesays.com\/ro\/wp-json\/wp\/v2\/media?parent=288385"}],"wp:term":[{"taxonomy":"category","embeddable":true,"href":"https:\/\/www.europesays.com\/ro\/wp-json\/wp\/v2\/categories?post=288385"},{"taxonomy":"post_tag","embeddable":true,"href":"https:\/\/www.europesays.com\/ro\/wp-json\/wp\/v2\/tags?post=288385"}],"curies":[{"name":"wp","href":"https:\/\/api.w.org\/{rel}","templated":true}]}}