{"id":288401,"date":"2026-09-04T22:09:11","date_gmt":"2026-09-04T22:09:11","guid":{"rendered":"https:\/\/www.europesays.com\/ro\/288401\/"},"modified":"2026-09-04T22:09:11","modified_gmt":"2026-09-04T22:09:11","slug":"cretu-a-platit-marius-baciu-a-lamurit-situatia-veteranului-de-la-fcsb-inaintea-derby-ului-cu-dinamo-ce-spune-despre-cele-3-mari-transferuri","status":"publish","type":"post","link":"https:\/\/www.europesays.com\/ro\/288401\/","title":{"rendered":"\u201eCre\u021bu a pl\u0103tit\u201d. Marius Baciu a l\u0103murit situa\u021bia veteranului de la FCSB \u00eenaintea derby-ului cu Dinamo.\u00a0Ce spune despre cele 3 mari transferuri"},"content":{"rendered":"<ul class=\"bullets\">&#13;<\/p>\n<li>Marius Baciu (51 de ani), antrenorul celor de la FCSB, a prefa\u021bat derby-ul cu Dinamo.<\/li>\n<p>&#13;<br \/>\n&#13;<\/p>\n<li>Dinamo &#8211; FCSB se joac\u0103 s\u00e2mb\u0103t\u0103, de la ora 20:30, \u00een format liveTEXT pe GOLAZO.ro \u0219i \u00een direct pe Digi Sport 1 \u0219i Prima Sport 1.<\/li>\n<p>&#13;\n<\/ul>\n<p><a id=\"google-source-button\" class=\"google-favorite\" target=\"_blank\" href=\"https:\/\/www.google.com\/preferences\/source?q=golazo.ro\" rel=\"nofollow noopener\"><\/p>\n<p>        <img loading=\"lazy\" decoding=\"async\" src=\"https:\/\/golazo.ro\/images\/google-logo.svg\" alt=\"\" width=\"24\" height=\"24\"\/><br \/>\n        <img loading=\"lazy\" decoding=\"async\" src=\"https:\/\/golazo.ro\/images\/check-icon-2.svg\" alt=\"\" width=\"24\" height=\"24\"\/><\/p>\n<p>    Adaug\u0103 GOLAZO.ro la favorite<\/p>\n<p><\/a><\/p>\n<p class=\"\">Fost funda\u0219 la Steaua, Baciu a fost \u00eentrebat ce \u00eenseamn\u0103 pentru el un derby cu Dinamo.<\/p>\n<p>Dinamo &#8211; FCSB. Marius Baciu: \u201eDatorit\u0103 respectului s-a ajuns la o rivalitate fantastic\u0103\u201d<\/p>\n<p class=\"\">\u201eToate \u00ee\u021bi trec prin cap c\u00e2nd te g\u00e2nde\u0219ti la un meci FCSB &#8211; Dinamo. Cred c\u0103 am \u0219i eu 12-13 derby-uri jucate. E un meci aparte pentru tot ce \u00eenseamn\u0103 suporter dinamovist, stelist, indiferent de situa\u021bia \u00een care se afl\u0103 fiecare echip\u0103. <\/p>\n<p class=\"\">Bine\u00een\u021beles, nu putem discuta despre istoria dintre cele dou\u0103 cluburi, dar sper s\u0103 \u00een\u021beleag\u0103 to\u021bi, mai ales noile genera\u021bii, c\u0103 au fost dou\u0103 echipe care s-au respectat foarte mult, tot timpul, \u0219i din cauza asta s-a ajuns la o rivalitate fantastic\u0103 \u0219i s-au n\u0103scut juc\u0103tori emblematici. <\/p>\n<p class=\"\">Dac\u0103 nu erau Steaua \u0219i Dinamo, nu cred c\u0103 aveam, la momentele respective, juc\u0103tori at\u00e2t de valoro\u0219i.<\/p>\n<p class=\"\">Un asemenea derby se poate c\u00e2\u0219tiga sau pierde dac\u0103 nu respec\u021bi absolut tot. E un meci care, sunt sigur, va fi foarte tacticizat. Ambele echipe vor l\u0103sa foarte pu\u021bine spa\u021bii adversarului. Respectul va duce la mult\u0103 concentrare. Nicio echip\u0103 nu \u00ee\u0219i dore\u0219te s\u0103 piard\u0103. Cine va gre\u0219i mai pu\u021bin va avea c\u00e2\u0219tig de cauz\u0103\u201d, a declarat Marius Baciu la conferin\u021ba de pres\u0103.<\/p>\n<p>Marius Baciu a l\u0103murit situa\u021bia lui Cre\u021bu: \u201eA f\u0103cut ce a f\u0103cut \u0219i a pl\u0103tit\u201d<\/p>\n<p class=\"\">Valentin Cre\u021bu a r\u0103mas la FCSB, de\u0219i Gigi Becali anun\u021base c\u0103 juc\u0103torul va fi dat afar\u0103 dup\u0103 <a href=\"https:\/\/golazo.ro\/valentin-cretu-florin-tanase-mihai-stoica-bataie-fcsb-scandal-antrenament-184837\" target=\"_blank\" rel=\"noreferrer noopener nofollow\">scandalul de la antrenament<\/a>. Patronul ro\u0219-alba\u0219trilor <a href=\"https:\/\/golazo.ro\/gigi-becali-valentin-cretu-scandal-fcsb-184891\" target=\"_blank\" rel=\"noreferrer noopener nofollow\">s-a r\u0103zg\u00e2ndit<\/a> \u0219i i-a mai acordat veteranului funda\u0219 dreapta \u00eenc\u0103 o \u0219ans\u0103.<\/p>\n<p class=\"\">\u201eMulte lucruri s-au creat artificial. Cre\u021bu a f\u0103cut ce a f\u0103cut \u0219i a pl\u0103tit. A fost scos din lot. A venit \u00eenapoi la echip\u0103. <\/p>\n<p class=\"\">\u00cel a\u0219tept\u0103m s\u0103 fie foarte bine din punct de vedere fizic \u0219i, bine\u00een\u021beles, s\u0103 vin\u0103 cu o alt\u0103 ardoare, s\u0103 demonstreze c\u0103 este un juc\u0103tor important pentru acest club. <\/p>\n<p class=\"\">Vom decide dup\u0103 antrenament care sunt juc\u0103torii cei mai buni pentru meci, din punct de vedere fizic\u201d, a ad\u0103ugat Baciu.<\/p>\n<p class=\"\">Dup\u0103 meciul cu FC Arge\u0219, Gigi Becali a anun\u021bat c\u0103 Valentin Cre\u021bu<a target=\"_blank\" href=\"https:\/\/golazo.ro\/gigi-becali-valentin-cretu-fcbs-liga-1-185165\" data-type=\"link\" data-id=\"https:\/\/golazo.ro\/gigi-becali-valentin-cretu-fcbs-liga-1-185165\" rel=\"nofollow noopener\"> i-a cerut o m\u0103rire de salariu<\/a> pentru a juca titular. <\/p>\n<p class=\"\">Peluza Nord FCSB a criticat gestul fotbalistului \u0219i i-a cerut acestuia s\u0103 plece de la echip\u0103. Baciu este convins c\u0103 suporterii vor putea trece rapid peste acest lucru.<\/p>\n<p class=\"\">\u201eCre\u021bu, dac\u0103 va fi juc\u0103torul pe care noi \u00eel cunoa\u0219tem, sunt ferm convins c\u0103 suporterii vor trece peste acest act de indisciplin\u0103. Nici noi nu accept\u0103m multe lucruri, dar dintr-o discu\u021bie din asta de glum\u0103 s-a ajuns la o exagerare foarte mare. Asta e p\u0103rerea mea personal\u0103! <\/p>\n<p class=\"\">Cre\u021bu demonstreaz\u0103 zi de zi la antrenament. El a cucerit publicul prin ardoare \u0219i dorin\u021b\u0103. C\u00e2t va fi sub contract cu noi, va fi un juc\u0103tor foarte important\u201d, a declarat tehnicianul ro\u0219-alba\u0219trilor.<\/p>\n<p>Korenica, singura \u201ebomb\u0103 nuclear\u0103\u201d care poate evolua cu Dinamo<\/p>\n<p class=\"\">FCSB a rezolvat trei transferuri importante pe finalul perioadei de mercato: Denis Dr\u0103gu\u0219 (27 de ani), Meriton Korenica (29 de ani) \u0219i Karlo Muhar (30 de ani).<\/p>\n<p class=\"\">Baciu sus\u021bine c\u0103 doar Meriton Korenica are \u0219anse s\u0103 fie \u00een lot la derby-ul de s\u00e2mb\u0103t\u0103.<\/p>\n<p class=\"\">\u201eKorenica e singurul juc\u0103tor care se pare c\u0103 e 100%. Vom vedea dup\u0103 antrenament. To\u021bi trei sunt aici. Trebuie s\u0103 vedem situa\u021bia lui fizic. Vedem dac\u0103 vom apela pe parcurs sau de la \u00eenceput. Cred c\u0103 va putea fi \u00een lot.<\/p>\n<p class=\"\">P\u00e2n\u0103 la 18:00 ne \u00eent\u00e2lnim cu to\u021bii. Nu \u0219tiu foarte multe despre Muhar \u0219i Dr\u0103gu\u0219. Ast\u0103zi o s\u0103 intre \u00een evalu\u0103ri. P\u00e2n\u0103 disear\u0103 o s\u0103 vedem unde sunt. <\/p>\n<p class=\"\">Cert e c\u0103 Korenica e juc\u0103torul care e \u00een p\u00e2ine. De Lukic nu discut. Discut de cei pe care \u00eei am: Garita \u0219i Stoian. Dr\u0103gu\u0219 nu cred c\u0103 poate intra m\u00e2ine, chiar dac\u0103 \u0219i-ar dori\u201d, a concluzionat Baciu.<\/p>\n<p>Cite\u0219te \u0219i<\/p>\n<p>VIDEO: cele mai noi imagini din sport<\/p>\n","protected":false},"excerpt":{"rendered":"&#13; Marius Baciu (51 de ani), antrenorul celor de la FCSB, a prefa\u021bat derby-ul cu Dinamo. &#13; &#13;&hellip;\n","protected":false},"author":2,"featured_media":288402,"comment_status":"","ping_status":"","sticky":false,"template":"","format":"standard","meta":{"footnotes":"","_share_on_mastodon":"0"},"categories":[20],"tags":[49,269,909,41,40,38,39,185,184,55],"class_list":["post-288401","post","type-post","status-publish","format-standard","has-post-thumbnail","category-sport","tag-dinamo","tag-fcsb","tag-marius-baciu","tag-ro","tag-romana","tag-romania","tag-romanian","tag-sport","tag-sports","tag-superliga"],"share_on_mastodon":{"url":"https:\/\/pubeurope.com\/@ro\/117215059614797635","error":""},"_links":{"self":[{"href":"https:\/\/www.europesays.com\/ro\/wp-json\/wp\/v2\/posts\/288401","targetHints":{"allow":["GET"]}}],"collection":[{"href":"https:\/\/www.europesays.com\/ro\/wp-json\/wp\/v2\/posts"}],"about":[{"href":"https:\/\/www.europesays.com\/ro\/wp-json\/wp\/v2\/types\/post"}],"author":[{"embeddable":true,"href":"https:\/\/www.europesays.com\/ro\/wp-json\/wp\/v2\/users\/2"}],"replies":[{"embeddable":true,"href":"https:\/\/www.europesays.com\/ro\/wp-json\/wp\/v2\/comments?post=288401"}],"version-history":[{"count":0,"href":"https:\/\/www.europesays.com\/ro\/wp-json\/wp\/v2\/posts\/288401\/revisions"}],"wp:featuredmedia":[{"embeddable":true,"href":"https:\/\/www.europesays.com\/ro\/wp-json\/wp\/v2\/media\/288402"}],"wp:attachment":[{"href":"https:\/\/www.europesays.com\/ro\/wp-json\/wp\/v2\/media?parent=288401"}],"wp:term":[{"taxonomy":"category","embeddable":true,"href":"https:\/\/www.europesays.com\/ro\/wp-json\/wp\/v2\/categories?post=288401"},{"taxonomy":"post_tag","embeddable":true,"href":"https:\/\/www.europesays.com\/ro\/wp-json\/wp\/v2\/tags?post=288401"}],"curies":[{"name":"wp","href":"https:\/\/api.w.org\/{rel}","templated":true}]}}