{"id":288407,"date":"2026-09-04T22:17:06","date_gmt":"2026-09-04T22:17:06","guid":{"rendered":"https:\/\/www.europesays.com\/ro\/288407\/"},"modified":"2026-09-04T22:17:06","modified_gmt":"2026-09-04T22:17:06","slug":"20-de-ani-de-la-moartea-lui-steve-irwin-sotia-si-cei-doi-copii-bindi-si-robert-i-au-adus-un-omagiu-emotionant","status":"publish","type":"post","link":"https:\/\/www.europesays.com\/ro\/288407\/","title":{"rendered":"20 de ani de la moartea lui Steve Irwin: so\u021bia \u0219i cei doi copii, Bindi \u0219i Robert, i-au adus un omagiu emo\u021bionant"},"content":{"rendered":"<p>Familia lui Steve Irwin, eroul unei genera\u021bii de telespectatori \u0219i iubitori ai naturii, i-a adus un omagiu emo\u021bionant la 20 de ani de la moartea sa, relateaz\u0103\u00a0<a href=\"https:\/\/www.bbc.com\/news\/articles\/cjrx75ldydwo\" target=\"_blank\" rel=\"noopener nofollow\">BBC<\/a>. Supranumit \u201eCrocodile Hunter\u201d, Steve Irwin a murit la v\u00e2rsta de 44 de ani, pe 4 septembrie 2006, dup\u0103 ce o pisic\u0103 de mare i-a str\u0103puns mortal pieptul \u00een timp ce filma sub ap\u0103 un documentar la Marea Barier\u0103 de Corali.<\/p>\n<p>Bindi Irwin, fiica lui care acum are 28 de ani \u0219i care i-a c\u0103lcat pe urme tat\u0103lui ei, i-a adus un omagiu emo\u021bionant. Bindi avea doar opt ani c\u00e2nd tat\u0103l ei, pe care l-a numit \u201eun supererou\u201d, a murit. Ea a scris pe re\u021belele sociale c\u0103 \u00een ultimele dou\u0103 decenii a v\u0103zut cum \u201elumea \u00eentreag\u0103 l-a pl\u00e2ns pe tat\u0103l meu al\u0103turi de familia noastr\u0103\u201d.\u00a0<\/p>\n<p>\u201e\u00centotdeauna am crezut c\u0103 mo\u0219tenirea l\u0103sat\u0103 de tat\u0103l meu este conservarea faunei s\u0103lbatice; se pare c\u0103 mo\u0219tenirea lui este iubirea. Pentru planeta noastr\u0103 \u0219i unii pentru al\u021bii\u201d, a scris Bindi, pe Instagram.\u00a0<\/p>\n<blockquote class=\"instagram-media\" style=\"background: #FFF; border: 0; border-radius: 3px; box-shadow: 0 0 1px 0 rgba(0,0,0,0.5),0 1px 10px 0 rgba(0,0,0,0.15); margin: 1px; max-width: 540px; min-width: 326px; padding: 0; width: calc(100% - 2px);\" data-instgrm-captioned=\"\" data-instgrm-permalink=\"https:\/\/www.instagram.com\/reel\/Dc1wn_ST6--\/?utm_source=ig_embed&amp;utm_campaign=loading\" data-instgrm-version=\"14\"><p>&#13;<br \/>\n&#13;\n<\/p><\/blockquote>\n<p data-start=\"839\" data-end=\"963\">Ea a descris impactul mor\u021bii tat\u0103lui s\u0103u asupra mamei sale, Terri, \u0219i a fratelui ei mai mic, Robert, \u00een v\u00e2rst\u0103 de 22 de ani.<\/p>\n<p data-start=\"965\" data-end=\"1161\">\u201eMama mea \u0219i-a pierdut iubirea vie\u021bii; fratele meu \u0219i cu mine l-am pierdut pe cel mai grozav tat\u0103. Durerea nu ne p\u0103r\u0103se\u0219te niciodat\u0103 cu adev\u0103rat; mergem al\u0103turi de ea \u00een fiecare zi.\u201d, a scris Bindi.\u00a0<\/p>\n<p>Bindi a dezv\u0103luit \u0219i cum o ajut\u0103 pe fiica ei s\u0103 \u00ee\u0219i cunoasc\u0103 bunicul pe care nu a apucat s\u0103-l \u00eent\u00e2lneasc\u0103 vreodat\u0103. \u201eAm o fiic\u0103 de cinci ani care se uit\u0103 la documentarele lui \u00een fiecare diminea\u021b\u0103. Se simte iubit\u0103 absolut de \u201ebunicul ei crocodil\u201d chiar dac\u0103 nu l-a cunoscut vreodat\u0103\u201d.\u00a0<\/p>\n<p>Dup\u0103 moartea lui Steve Irwin, familia a continuat s\u0103 administreze gr\u0103dina zoologic\u0103 Australia Zoo, fondat\u0103 de Irwin, din Queensland.\u00a0<\/p>\n<p>\u201eTat\u0103l meu a l\u0103sat \u00een urm\u0103 o mo\u0219tenire at\u00e2t de profund\u0103, \u00eenc\u00e2t impactul ei se va face sim\u021bit pentru genera\u021bii care \u00eenc\u0103 nu s-au n\u0103scut\u201d, a scris Bindi, ad\u0103ug\u00e2nd c\u0103 via\u021ba \u0219i mo\u0219tenirea tat\u0103lui ei \u201emerit\u0103 s\u0103rb\u0103torite\u201d.<\/p>\n<p data-start=\"1723\" data-end=\"1854\">Ea i-a mul\u021bumit lui Steve c\u0103 a fost \u201e\u00eengerul p\u0103zitor\u201d al familiei \u0219i \u0219i-a \u00eencheiat mesajul spun\u00e2nd c\u0103 \u00eel iube\u0219te \u201edin toat\u0103 inima\u201d.<\/p>\n<p data-start=\"1856\" data-end=\"2160\">So\u021bia lui Steve, Terri, a publicat la r\u00e2ndul ei un mesaj pe re\u021belele sociale pentru a marca aceast\u0103 zi, distribuind un interviu \u00een care activistul pentru protejarea faunei s\u0103lbatice, \u00eembr\u0103cat \u00een hainele sale kaki, povestea cum na\u0219terea lui Bindi i-a schimbat via\u021ba profund.\u00a0<\/p>\n<p data-start=\"1856\" data-end=\"2160\">\u201eCea mai incredibil\u0103 \u00eent\u00e2lnire cu fauna s\u0103lbatic\u0103 din via\u021ba mea a fost na\u0219terea fiicei mele, Bindi\u201d, spunea Steve \u00een interviul de la acea vreme, cu entuziasmul s\u0103u caracteristic.<\/p>\n<p>A povestit atunci c\u0103 \u00een clipa \u00een care a \u021binut-o pe Bindi \u00een bra\u021be i-a venit inspira\u021bia pentru numele ei.\u00a0<\/p>\n<p>\u201eAm r\u0103mas uluit \u0219i atunci a ap\u0103rut numele ei. Am spus: \u201eBindi!\u201d, dup\u0103 crocodilul meu preferat, Bindi\u201d, a spus el, z\u00e2mbind larg.<\/p>\n<p>\u00centr-o postare pe Instagram, ea a scris: \u201eDup\u0103 20 de ani, durerea \u00eenc\u0103 e al\u0103turi de mine, ca o umbr\u0103. Odat\u0103 cu trecerea timpului am c\u0103p\u0103tat mai mult\u0103 perspectiv\u0103 \u0219i \u00een\u021belegere.\u00a0<\/p>\n<p class=\"isSelectedEnd\">Am fost \u00eempreun\u0103 ca familie, \u00een expedi\u021bia noastr\u0103 pentru cercetarea crocodililor, pentru ceea ce aveau s\u0103 fie ultimele noastre \u0219ase s\u0103pt\u0103m\u00e2ni petrecute \u00eempreun\u0103. Aveam s\u0103 ne lu\u0103m un r\u0103mas-bun lung \u0219i frumos.<\/p>\n<p class=\"isSelectedEnd\">Steve \u0219i-a petrecut timpul al\u0103turi de Bindi \u0219i Robert, construind leag\u0103ne \u0219i c\u0103\u021b\u0103r\u00e2ndu-se \u00een copaci. Cu to\u021bii am \u00eencetinit ritmul. Timpul a \u00eencetinit.<\/p>\n<p class=\"isSelectedEnd\">Cred c\u0103 fiecare dintre noi, absolut fiecare, are ocazia s\u0103-\u0219i ia r\u0103mas-bun. Doar c\u0103 s-ar putea s\u0103 nu \u0219tim c\u0103 ne lu\u0103m r\u0103mas-bun.\u00a0Pre\u021bui\u021bi fiecare clip\u0103 petrecut\u0103 al\u0103turi de cei pe care \u00eei iubi\u021bi.\u00a0P\u00e2n\u0103 c\u00e2nd ne vom revedea.\u201d<\/p>\n<blockquote class=\"instagram-media\" style=\"background: #FFF; border: 0; border-radius: 3px; box-shadow: 0 0 1px 0 rgba(0,0,0,0.5),0 1px 10px 0 rgba(0,0,0,0.15); margin: 1px; max-width: 540px; min-width: 326px; padding: 0; width: calc(100% - 2px);\" data-instgrm-captioned=\"\" data-instgrm-permalink=\"https:\/\/www.instagram.com\/p\/Dc2kzNGpvmu\/?utm_source=ig_embed&amp;utm_campaign=loading\" data-instgrm-version=\"14\"><p>&#13;<br \/>\n&#13;\n<\/p><\/blockquote>\n<p>Robert Irwin, fiul lui Steve, a postat, de asemenea, un omagiu pentru tat\u0103l s\u0103u cu o fotografie \u00een care acesta \u00eel \u021bine \u00een bra\u021be. T\u00e2n\u0103rul, care avea doar doi ani c\u00e2nd Steve Irwin a murit \u0219i care a povestit c\u0103 nu are amintiri cu el, a scris \u201eMo\u0219tenirea ta v\u0103 r\u0103m\u00e2ne pentru totdeauna\u201d.\u00a0<\/p>\n<blockquote class=\"instagram-media\" style=\"background: #FFF; border: 0; border-radius: 3px; box-shadow: 0 0 1px 0 rgba(0,0,0,0.5),0 1px 10px 0 rgba(0,0,0,0.15); margin: 1px; max-width: 540px; min-width: 326px; padding: 0; width: calc(100% - 2px);\" data-instgrm-captioned=\"\" data-instgrm-permalink=\"https:\/\/www.instagram.com\/p\/Dc2EmXQhI1X\/?utm_source=ig_embed&amp;utm_campaign=loading\" data-instgrm-version=\"14\"><p>&#13;<br \/>\n&#13;\n<\/p><\/blockquote>\n<p>\u00centr-o postare separat\u0103, a pus un clip video cu tat\u0103l lui \u0219i a scris: \u201e\u00ce\u021bi mul\u021bumesc, tat\u0103, pentru c\u0103 mi-ai ar\u0103tat mie \u0219i \u00eentregii lumi ce \u00eenseamn\u0103 s\u0103 tr\u0103ie\u0219ti cu adev\u0103rat. S\u0103 conduci prin empatie, s\u0103 tratezi fiecare fiin\u021b\u0103 vie a\u0219a cum \u021bi-ai dori s\u0103 fii tratat \u0219i s\u0103 pui pasiune \u00een tot ceea ce faci. Misiunea \u0219i lumina ta vor d\u0103inui mereu\u201d.\u00a0<\/p>\n<blockquote class=\"instagram-media\" style=\"background: #FFF; border: 0; border-radius: 3px; box-shadow: 0 0 1px 0 rgba(0,0,0,0.5),0 1px 10px 0 rgba(0,0,0,0.15); margin: 1px; max-width: 540px; min-width: 326px; padding: 0; width: calc(100% - 2px);\" data-instgrm-captioned=\"\" data-instgrm-permalink=\"https:\/\/www.instagram.com\/reel\/Dc3RtpvBdur\/?utm_source=ig_embed&amp;utm_campaign=loading\" data-instgrm-version=\"14\"><p>&#13;<br \/>\n&#13;\n<\/p><\/blockquote>\n<p>\u00a0<\/p>\n<p>Ambii copii ai lui Steve \u0219i Terri Irwin au luat-o pe urmele p\u0103rin\u021bilor lor. \u0218i Bindi \u0219i Robert au studii \u00een ecologie \u0219i dedic\u0103 via\u021ba eforturilor de a conserva natura.\u00a0<\/p>\n<p>De-a lungul vie\u021bii lui, Steve Irwin a filmat 46 de documentare care au fost difuzate de postul TV Animal Planet, precum \u0219i peste 20 de episoade din \u201eThe Crocodile Hunter Diaries\u201d.\u00a0<\/p>\n<p><script async src=\"\/\/www.instagram.com\/embed.js\"><\/script><\/p>\n","protected":false},"excerpt":{"rendered":"Familia lui Steve Irwin, eroul unei genera\u021bii de telespectatori \u0219i iubitori ai naturii, i-a adus un omagiu emo\u021bionant&hellip;\n","protected":false},"author":2,"featured_media":288408,"comment_status":"","ping_status":"","sticky":false,"template":"","format":"standard","meta":{"footnotes":"","_share_on_mastodon":"0"},"categories":[18],"tags":[171,170,41,40,38,39],"class_list":["post-288407","post","type-post","status-publish","format-standard","has-post-thumbnail","category-divertisment","tag-divertisment","tag-entertainment","tag-ro","tag-romana","tag-romania","tag-romanian"],"share_on_mastodon":{"url":"https:\/\/pubeurope.com\/@ro\/117215090602681653","error":""},"_links":{"self":[{"href":"https:\/\/www.europesays.com\/ro\/wp-json\/wp\/v2\/posts\/288407","targetHints":{"allow":["GET"]}}],"collection":[{"href":"https:\/\/www.europesays.com\/ro\/wp-json\/wp\/v2\/posts"}],"about":[{"href":"https:\/\/www.europesays.com\/ro\/wp-json\/wp\/v2\/types\/post"}],"author":[{"embeddable":true,"href":"https:\/\/www.europesays.com\/ro\/wp-json\/wp\/v2\/users\/2"}],"replies":[{"embeddable":true,"href":"https:\/\/www.europesays.com\/ro\/wp-json\/wp\/v2\/comments?post=288407"}],"version-history":[{"count":0,"href":"https:\/\/www.europesays.com\/ro\/wp-json\/wp\/v2\/posts\/288407\/revisions"}],"wp:featuredmedia":[{"embeddable":true,"href":"https:\/\/www.europesays.com\/ro\/wp-json\/wp\/v2\/media\/288408"}],"wp:attachment":[{"href":"https:\/\/www.europesays.com\/ro\/wp-json\/wp\/v2\/media?parent=288407"}],"wp:term":[{"taxonomy":"category","embeddable":true,"href":"https:\/\/www.europesays.com\/ro\/wp-json\/wp\/v2\/categories?post=288407"},{"taxonomy":"post_tag","embeddable":true,"href":"https:\/\/www.europesays.com\/ro\/wp-json\/wp\/v2\/tags?post=288407"}],"curies":[{"name":"wp","href":"https:\/\/api.w.org\/{rel}","templated":true}]}}