{"id":288415,"date":"2026-09-04T22:55:10","date_gmt":"2026-09-04T22:55:10","guid":{"rendered":"https:\/\/www.europesays.com\/ro\/288415\/"},"modified":"2026-09-04T22:55:10","modified_gmt":"2026-09-04T22:55:10","slug":"scandal-diplomatic-dupa-moartea-lui-ratko-mladic-comisarul-european-pentru-extindere-si-a-anulat-vizita-in-serbia","status":"publish","type":"post","link":"https:\/\/www.europesays.com\/ro\/288415\/","title":{"rendered":"Scandal diplomatic dup\u0103 moartea lui Ratko Mladi\u0107. Comisarul european pentru Extindere \u0219i-a anulat vizita \u00een Serbia"},"content":{"rendered":"<p>Comisarul european pentru Extindere, Marta Kos, \u0219i-a anulat vizita planificat\u0103 \u00een Serbia, dup\u0103 ce un avion guvernamental a transportat la Belgrad trupul fostului comandant militar al s\u00e2rbilor bosniaci Ratko Mladi\u0107, condamnat pentru crime de r\u0103zboi. Solda\u021bii au cobor\u00e2t din aeronav\u0103 sicriul acoperit cu drapelul Serbiei.<\/p>\n<p> <img decoding=\"async\" src=\"https:\/\/www.europesays.com\/ro\/wp-content\/uploads\/2026\/09\/1788562510_674_index.jpeg\" alt=\"Marta Kos\" width=\"1125\" height=\"750\" loading=\"eager\" fetchpriority=\"high\" class=\"svelte-1kfbksm\"\/> <\/p>\n<p>Marta Kos \u0219i-a anulat vizita \u00een Serbia Foto: Forbes<\/p>\n<p>publicitate&#8221;); background-position: center center; background-repeat: no-repeat;&#8221;&gt;<\/p>\n<p><a href=\"https:\/\/adevarul.ro\/stiri-externe\/europa\/ratko-mladic-a-murit-la-84-de-ani-in-inchisoare-2552454.html\" rel=\"nofollow noopener\" target=\"_blank\">Mladi\u0107 a murit pe 27 august, \u00eentr-un spital penitenciar al ONU din Haga<\/a>, la v\u00e2rsta de 84 de ani. El isp\u0103\u0219ea o pedeaps\u0103 cu \u00eenchisoarea pe via\u021b\u0103 pentru genocid \u0219i crime \u00eempotriva umanit\u0103\u021bii. R\u0103m\u0103\u0219i\u021bele sale au fost predate autorit\u0103\u021bilor s\u00e2rbe pe 3 septembrie, pe aeroportul Rotterdam Haga.<\/p>\n<p>Anun\u021b\u00e2nd pe X decizia de a-\u0219i anula vizita, Kos a declarat: \u201eGlorificarea care \u00eenso\u021be\u0219te moartea sa este incompatibil\u0103 cu valorile pe care se construie\u0219te parcursul european. Acest parcurs presupune confruntarea cu trecutul, reconciliere autentic\u0103 \u0219i respectarea victimelor crimelor de r\u0103zboi\u201d.<\/p>\n<p>\u201eValorile care stau la baza viitorului nostru comun nu sunt negociabile. \u00cen acest context, am decis s\u0103 nu efectuez vizita planificat\u0103 \u00een Serbia \u00een acest moment\u201d, a scris Kos.<\/p>\n<p>Ministrul s\u00e2rb al Justi\u021biei, Nenad Vujic, s-a aflat \u0219i el \u00een avionul care a venit din \u021a\u0103rile de Jos, al\u0103turi de membri ai familiei lui Mladi\u0107. For\u021bele comandate de acesta au asediat Sarajevo \u0219i au comis masacrul de la Srebrenica din 1995, \u00een care au fost uci\u0219i peste 8.000 de b\u0103rba\u021bi \u0219i b\u0103ie\u021bi bosniaci musulmani.<\/p>\n<p>Kos urma s\u0103 viziteze Serbia, \u021bar\u0103 candidat\u0103 oficial la aderarea la Uniunea European\u0103, \u00een perioada 9-10 septembrie, \u00eentr-o vizit\u0103 de rutin\u0103. Ea urma s\u0103 participe \u0219i la un eveniment organizat de GLOBSEC, un think tank cu sediul \u00een Slovacia, potrivit <a href=\"https:\/\/www.rferl.org\/a\/serbia-draws-international-criticism-for-honoring-war-criminal-mladic\/33847116.html\" rel=\"nofollow noopener\" target=\"_blank\">Radio Free Europe<\/a>.<\/p>\n<p>publicitate&#8221;); background-position: center center; background-repeat: no-repeat;&#8221;&gt;<\/p>\n<p>Mai devreme, Kos avertizase c\u0103 modul \u00een care autorit\u0103\u021bile s\u00e2rbe vor gestiona \u00eenmorm\u00e2ntarea lui Mladi\u0107 va reprezenta un test important pentru Belgrad.<\/p>\n<p>Vorbind la Dublin, Kos a declarat: \u201eNu este vorba doar despre partea tehnic\u0103, despre ceea ce fac \u00een procesul de aderare&#8230; este vorba despre modul \u00een care se aliniaz\u0103 valorilor noastre\u201d.<\/p>\n<p> <a class=\"related-inline svelte-78g0vl\" data-gtrack=\"{&quot;event&quot;:&quot;utm_click&quot;,&quot;data&quot;:{&quot;event_category&quot;:&quot;article_related&quot;}}\" href=\"https:\/\/adevarul.ro\/stiri-externe\/europa\/ue-ar-putea-taia-miliarde-de-euro-pentru-serbia-2521924.html\" title=\"Alt articol de interes pentru tine\" rel=\"nofollow noopener\" target=\"_blank\"> UE ar putea t\u0103ia miliarde de euro pentru Serbia. Bruxellesul invoc\u0103 derapaje democratice \u0219i apropierea de Rusia <\/a><\/p>\n<p>Mladi\u0107 a preluat comanda armatei s\u00e2rbilor bosniaci \u00een 1992 \u0219i a condus o campanie prin care au fost ocupate suprafe\u021be importante din Bosnia \u0219i Her\u021begovina. For\u021bele sale au men\u021binut Sarajevo sub asediu timp de peste trei ani, bombard\u00e2nd \u0219i tr\u0103g\u00e2nd asupra civililor cu luneti\u0219ti.<\/p>\n<p>\u00cen 2017, Tribunalul Penal Interna\u021bional pentru fosta Iugoslavie, sus\u021binut de ONU, l-a condamnat pe Mladi\u0107 pentru genocid, crime \u00eempotriva umanit\u0103\u021bii \u0219i \u00eenc\u0103lc\u0103ri ale legilor \u0219i cutumelor r\u0103zboiului.<\/p>\n<p>\u00cen cadrul unei conferin\u021be de pres\u0103 sus\u021binute la Belgrad pe 4 septembrie, ministrul Justi\u021biei, Vujic, a r\u0103spuns criticilor formulate de Kos, afirm\u00e2nd c\u0103 Serbia se va \u201easigura c\u0103 totul se va desf\u0103\u0219ura pa\u0219nic \u0219i cu demnitate\u201d.<\/p>\n<p> Serbia, criticat\u0103 de Europa \u0219i politicieni americani <\/p>\n<p>Circumstan\u021bele \u00eenmorm\u00e2nt\u0103rii lui Mladi\u0107 nu sunt clare \u00eenc\u0103. Vujic declarase anterior c\u0103 acesta urma s\u0103 fie \u00eenhumat cu cele mai \u00eenalte onoruri de stat. \u00centrebat despre declara\u021biile sale anterioare, Vujic a spus c\u0103 respect\u0103 dorin\u021bele familiei lui Mladi\u0107.<\/p>\n<p>La aceea\u0219i conferin\u021b\u0103 de pres\u0103, fiul lui Mladi\u0107, Darko, a declarat c\u0103 tat\u0103l s\u0103u va fi \u00eenmorm\u00e2ntat \u00een cimitirul Top\u010dider din capitala Serbiei. El le-a cerut, de asemenea, sus\u021bin\u0103torilor s\u0103 foloseasc\u0103 transportul public \u0219i s\u0103 p\u0103streze caracterul \u201epa\u0219nic \u0219i demn\u201d al funeraliilor, f\u0103r\u0103 provoc\u0103ri.<\/p>\n<p>publicitate&#8221;); background-position: center center; background-repeat: no-repeat;&#8221;&gt;<\/p>\n<p>Politicieni din Statele Unite \u0219i Europa au condamnat posibilitatea ca Serbia s\u0103 organizeze funeralii de stat pentru Mladi\u0107.<\/p>\n<p>\u00centr-o postare pe X din 31 august, reprezentantul republican Joe Wilson, din Carolina de Sud, a declarat: \u201eEste de neconceput ca Vu\u010di\u0107 s\u0103 pl\u0103nuiasc\u0103 s\u0103-l \u00eenmorm\u00e2nteze pe criminalul de r\u0103zboi Mladi\u0107 cu onoruri. Este ca \u0219i cum Germania i-ar acorda onoruri de stat lui Hitler\u201d.<\/p>\n<p>Thomas Byrne, ministrul irlandez pentru Europa, a c\u0103rui \u021bar\u0103 de\u021bine \u00een prezent pre\u0219edin\u021bia Consiliului UE, a declarat pe 4 septembrie c\u0103 \u201efuneraliile de stat ar fi inacceptabile\u201d, la fel ca \u201eomagierea lui Mladi\u0107 de c\u0103tre oficiali guvernamentali de rang \u00eenalt\u201d.<\/p>\n<p>\u201eEste cu siguran\u021b\u0103 timpul s\u0103 \u00eengrop\u0103m trecutul \u0219i s\u0103 muncim pentru reconciliere \u0219i s\u0103 continu\u0103m acest proces \u00een regiune\u201d, a spus Byrne. \u201eDar s\u0103 nu existe nicio \u00eendoial\u0103: ceea ce se \u00eent\u00e2mpl\u0103 (\u00een Serbia) continu\u0103 s\u0103 r\u0103neasc\u0103 oamenii, \u00een special \u00een regiune, dar \u0219i \u00een unele state membre ale Uniunii Europene\u201d.<\/p>\n<p>Comisarul pentru drepturile omului al Consiliului Europei, Michael O\u2019Flaherty, a declarat pe 4 septembrie c\u0103 detest\u0103 glorificarea public\u0103 a lui Mladi\u0107.<\/p>\n<p>\u201eFac apel la toate autorit\u0103\u021bile s\u0103 combat\u0103 glorificarea criminalilor de r\u0103zboi condamna\u021bi \u0219i s\u0103-\u0219i \u00eendeplineasc\u0103 obliga\u021biile legale pentru a garanta tragerea la r\u0103spundere, protejarea drepturilor victimelor \u0219i respectarea justi\u021biei\u201d, a declarat acesta \u00eentr-un comunicat.<\/p>\n<p>publicitate&#8221;); background-position: center center; background-repeat: no-repeat;&#8221;&gt;<\/p>\n<p>\\n  const _iprc = performance.now();\\n\\u003C\/script>\\n\\n\\u003Cscript class=\\&#8221;optanon-category-C0004\\&#8221; type=\\&#8221;text\/plain\\&#8221;>\\nconsole.log(\\&#8221;*** cookieconsent done:\\&#8221;, Math.round(performance.now() &#8211; _iprc) \/ 1000);\\n  gtag(&#8216;event&#8217;, &#8216;cookieconsent&#8217;, {\\n    name: &#8216;load&#8217;,\\n    value: Math.round(performance.now() &#8211; _iprc) \/ 1000\\n  });\\n\\u003C\/script>\\n\\u003C!&#8211; END PERFORMANCE COOKIE PRO &#8211;>\\n\\n{{#unless context.ads_disabled}}\\n\\n\\u003Cscript class=\\&#8221;optanon-category-C0004\\&#8221; type=\\&#8221;text\/plain\\&#8221; src=\\&#8221;\/\/a.teads.tv\/page\/99553\/tag\\&#8221; async=\\&#8221;true\\&#8221;>\\u003C\/script>\\n{{\/unless}}\\n\\n\\u003Cdiv data-ad=\\&#8221;adevarul.ro_728x90_sticky_display_bottom_adevarul_bottom_center_leaderboard\\&#8221; data-devices=\\&#8221;m:0,t:1,d:1\\&#8221;   class=\\&#8221;demand-supply\\&#8221;>\\u003C\/div>\\n\\n{{#if context.content}}\\n\\n{{#unless context.ads_disabled}}\\n\\u003Cscript class=\\&#8221;optanon-category-C0004\\&#8221; type=\\&#8221;text\/plain\\&#8221; src=\\&#8221;https:\/\/cnt.trvdp.com\/js\/1544\/6545.js\\&#8221;>\\u003C\/script>\\n{{\/unless}}\\n\\n\\n{{\/if}}\\n\\n\\n&#8221;,&#8221;html_mobile&#8221;:&#8221;\\n\\n\\n\\u003C!&#8211; CHECK PERFORMANCE COOKIE PRO &#8211;>\\n\\u003Cscript>\\n  const _iprc = performance.now();\\n\\u003C\/script>\\n\\n\\u003Cscript class=\\&#8221;optanon-category-C0004\\&#8221; type=\\&#8221;text\/plain\\&#8221;>\\nconsole.log(\\&#8221;*** cookieconsent done:\\&#8221;, Math.round(performance.now() &#8211; _iprc) \/ 1000);\\n  gtag(&#8216;event&#8217;, &#8216;cookieconsent&#8217;, {\\n    name: &#8216;load&#8217;,\\n    value: Math.round(performance.now() &#8211; _iprc) \/ 1000\\n  });\\n\\u003C\/script>\\n\\u003C!&#8211; END PERFORMANCE COOKIE PRO &#8211;>\\n\\n{{#unless context.ads_disabled}}\\n\\n\\n\\u003Cscript\\n  class=\\&#8221;optanon-category-C0004\\&#8221;\\n  type=\\&#8221;text\/plain\\&#8221;\\n  src=\\&#8221;\/\/a.teads.tv\/page\/99553\/tag\\&#8221;\\n  async=\\&#8221;true\\&#8221;\\n>\\u003C\/script>\\n\\n{{\/unless}} \\n\\n\\u003Cdiv\\n  data-ad=\\&#8221;adevarul.ro_sticky_mobile_bottom\\&#8221;\\n  data-devices=\\&#8221;m:1,t:0,d:0\\&#8221;\\n  class=\\&#8221;demand-supply\\&#8221;\\n>\\u003C\/div>\\n\\n{{#if context.content}} \\n\\n\\n{{#unless context.ads_disabled}}\\n\\u003Cscript class=\\&#8221;optanon-category-C0004\\&#8221; type=\\&#8221;text\/plain\\&#8221; src=\\&#8221;https:\/\/cnt.trvdp.com\/js\/1544\/6545.js\\&#8221;>\\u003C\/script>\\n{{\/unless}}\\n\\n{{\/if}}\\n\\n&#8221;},&#8221;updated_at&#8221;:&#8221;2025-11-01T11:31:21.462Z&#8221;},&#8221;AdPosition_head&#8221;:{&#8222;data&#8221;:{&#8222;custom_fields&#8221;:{},&#8221;for_desktop&#8221;:true,&#8221;for_mobile&#8221;:true,&#8221;html_desktop&#8221;:&#8221;\\u003Cmeta name=\\&#8221;profitshareid\\&#8221; content=\\&#8221;934cd37887433d585a2a227ef0576fcc\\&#8221; \/>\\n\\n\\n\\n{{#unless context.ads_disabled}}\\n\\n\\n{{#if context.content}}\\n\\u003Cscript type=\\&#8221;text\/plain\\&#8221; class=\\&#8221;optanon-category-C0004\\&#8221; src=\\&#8221;https:\/\/jsc.mgid.com\/site\/960965.js\\&#8221; async>\\u003C\/script>\\n\\n\\n\\u003Cscript type=\\&#8221;text\/plain\\&#8221; class=\\&#8221;optanon-category-C0004\\&#8221;>\\n  (function () {\\n    if (document.location.pathname.indexOf(&#8222;https:\/\/adevarul.ro\/ghid-de-cumparaturi&#8221;) === 0) {\\n      return;\\n    }\\n\\n    const s = document.createElement(\\&#8221;script\\&#8221;);\\n    s.src = \\&#8221;https:\/\/srv.divee.ai\/storage\/v1\/object\/public\/sdk\/divee.sdk.latest.js\\&#8221;;\\n    s.setAttribute(\\&#8221;data-project-id\\&#8221;, \\&#8221;4428864e-2da6-4fef-a83c-c16c2dfe86d9\\&#8221;);\\n    s.async = true;\\n    document.head.appendChild(s);\\n  })();\\n\\u003C\/script>\\n\\n\\n\\n\\n\\n{{\/if}}\\n\\n\\u003Cscript>\\n  window.teads_analytics = window.teads_analytics || {};\\n  window.teads_analytics.analytics_tag_id = \\&#8221;PUB_26459\\&#8221;;\\n  window.teads_analytics.share = window.teads_analytics.share || function() {\\n    ;(window.teads_analytics.shared_data = window.teads_analytics.shared_data || []).push(arguments)\\n  };\\n\\u003C\/script>\\n\\u003Cscript type=\\&#8221;text\/plain\\&#8221; class=\\&#8221;optanon-category-C0004\\&#8221; src=\\&#8221;https:\/\/a.teads.tv\/analytics\/tag.js\\&#8221;>\\u003C\/script>\\n\\n\\n{{#unless context.features.nolivesupply}}\\n\\u003Cscript async data-cfasync=\\&#8221;false\\&#8221; type=\\&#8221;text\/plain\\&#8221; class=\\&#8221;optanon-category-C0004\\&#8221; src=\\&#8221;https:\/\/live.demand.supply\/up.js\\&#8221;>\\u003C\/script>\\n{{\/unless}}\\n\\n\\u003Cscript type=\\&#8221;text\/plain\\&#8221; class=\\&#8221;optanon-category-C0004\\&#8221; src=\\&#8221;https:\/\/pagead2.googlesyndication.com\/pagead\/js\/adsbygoogle.js?client=ca-pub-3345426167175409\\&#8221; crossorigin=\\&#8221;anonymous\\&#8221;>\\u003C\/script>\\n\\n \\u003Cscript type=\\&#8221;text\/plain\\&#8221; class=\\&#8221;optanon-category-C0004\\&#8221; src=\\&#8221;https:\/\/terrific.live\/terrific-sdk.js\\&#8221; storeid=\\&#8221;iN6X0VPTDIicsVPKX6p0\\&#8221;>\\u003C\/script>\\n\\n{{\/unless}}\\n\\n\\u003Cstyle>\\n.google-adposition > div {\\n  flex-grow: 1;\\n}\\n\\n.google-adposition:has(iframe) {\\n    background-image: none !important;\\n}\\n\\n.menu-fixed .menu .headContainer .google-auto-placed {\\n    display: none;\\n}\\n\\narticle header .title .google-auto-placed {\\n    display: none;\\n}\\n\\n#onetrust-banner-sdk #onetrust-accept-btn-handler {\\n        margin-bottom: 10px;\\n    }\\n\\n    #onetrust-banner-sdk #onetrust-reject-all-handler {\\n        visibility: hidden;\\n    }\\n\\n\\u003C\/style>\\n\\n \\u003C!&#8211; Facebook Pixel Code &#8211;>\\u003Cscript type=\\&#8221;text\/plain\\&#8221; class=\\&#8221;optanon-category-C0002\\&#8221;>!function(f,b,e,v,n,t,s){if(f.fbq)return;n=f.fbq=function(){n.callMethod?n.callMethod.apply(n,arguments):n.queue.push(arguments)};if(!f._fbq)f._fbq=n;n.push=n;n.loaded=!0;n.version=&#8217;2.0&#8242;;n.queue=[];t=b.createElement(e);t.async=!0;t.src=v;s=b.getElementsByTagName(e)[0];s.parentNode.insertBefore(t,s)}(window,document,&#8217;script&#8217;,&#8217;https:\/\/connect.facebook.net\/en_US\/fbevents.js&#8217;); fbq(&#8216;init&#8217;, &#8216;1346397800155390&#8217;); fbq(&#8216;track&#8217;, &#8216;PageView&#8217;);\\u003C\/script>\\u003Cnoscript> \\u003Cimg height=\\&#8221;1\\&#8221; width=\\&#8221;1\\&#8221; src=\\&#8221;https:\/\/www.facebook.com\/tr?id=1346397800155390&#038;ev=PageView&#038;noscript=1\\&#8221;\/>\\u003C\/noscript>\\u003C!&#8211; End Facebook Pixel Code &#8211;>\\n\\n\\u003C!&#8211; alternativeAds &#8211;>\\n&#8221;,&#8221;html_mobile&#8221;:&#8221;\\u003Cmeta name=\\&#8221;profitshareid\\&#8221; content=\\&#8221;934cd37887433d585a2a227ef0576fcc\\&#8221; \/>\\n\\n\\n{{#unless context.ads_disabled}}\\n\\n{{#if context.content}}\\n\\u003Cscript type=\\&#8221;text\/plain\\&#8221; class=\\&#8221;optanon-category-C0004\\&#8221; src=\\&#8221;https:\/\/jsc.mgid.com\/site\/960965.js\\&#8221; async>\\u003C\/script>\\n\\n\\u003Cscript type=\\&#8221;text\/plain\\&#8221; class=\\&#8221;optanon-category-C0004\\&#8221;>\\n  (function () {\\n    if (document.location.pathname.indexOf(&#8222;https:\/\/adevarul.ro\/ghid-de-cumparaturi&#8221;) === 0) {\\n      return;\\n    }\\n\\n    const s = document.createElement(\\&#8221;script\\&#8221;);\\n    s.src = \\&#8221;https:\/\/srv.divee.ai\/storage\/v1\/object\/public\/sdk\/divee.sdk.latest.js\\&#8221;;\\n    s.setAttribute(\\&#8221;data-project-id\\&#8221;, \\&#8221;4428864e-2da6-4fef-a83c-c16c2dfe86d9\\&#8221;);\\n    s.async = true;\\n    document.head.appendChild(s);\\n  })();\\n\\u003C\/script>\\n\\n{{\/if}}\\n\\n\\u003Cscript>\\n  window.teads_analytics = window.teads_analytics || {};\\n  window.teads_analytics.analytics_tag_id = \\&#8221;PUB_26459\\&#8221;;\\n  window.teads_analytics.share = window.teads_analytics.share || function() {\\n    ;(window.teads_analytics.shared_data = window.teads_analytics.shared_data || []).push(arguments)\\n  };\\n\\u003C\/script>\\n\\u003Cscript type=\\&#8221;text\/plain\\&#8221; class=\\&#8221;optanon-category-C0004\\&#8221; src=\\&#8221;https:\/\/a.teads.tv\/analytics\/tag.js\\&#8221;>\\u003C\/script>\\n\\n{{#unless context.features.nolivesupply}}\\n\\u003Cscript async data-cfasync=\\&#8221;false\\&#8221; type=\\&#8221;text\/plain\\&#8221; class=\\&#8221;optanon-category-C0004\\&#8221; src=\\&#8221;https:\/\/live.demand.supply\/up.js\\&#8221;>\\u003C\/script>\\n{{\/unless}}\\n\\n\\u003Cscript type=\\&#8221;text\/plain\\&#8221; class=\\&#8221;optanon-category-C0004\\&#8221; src=\\&#8221;https:\/\/terrific.live\/terrific-sdk.js\\&#8221; storeid=\\&#8221;iN6X0VPTDIicsVPKX6p0\\&#8221;>\\u003C\/script>\\n\\n{{\/unless}}\\n\\u003Cstyle>\\n\\n.google-adposition:has(iframe) {\\n    background-image: none !important;\\n}\\n\\n.menu-fixed .menu .headContainer .google-auto-placed {\\n    display: none;\\n}\\n\\narticle header .title .google-auto-placed {\\n    display: none;\\n}\\n\\n#onetrust-banner-sdk #onetrust-accept-btn-handler {\\n        margin-bottom: 10px;\\n    }\\n\\n    #onetrust-banner-sdk #onetrust-reject-all-handler {\\n        visibility: hidden;\\n    }\\n\\u003C\/style>\\n&#8221;},&#8221;updated_at&#8221;:&#8221;2026-07-22T15:44:05.196Z&#8221;}},&#8221;last_changed&#8221;:&#8221;2026-09-04T22:02:39.270Z&#8221;,&#8221;page&#8221;:{&#8222;created_at&#8221;:&#8221;2026-09-01T11:41:23.049Z&#8221;,&#8221;created_by&#8221;:1,&#8221;custom_fields&#8221;:{},&#8221;domain&#8221;:&#8221;adevarul.ro&#8221;,&#8221;id&#8221;:99,&#8221;last_published_at&#8221;:&#8221;2026-09-01T11:41:24.572Z&#8221;,&#8221;name&#8221;:&#8221;Content layout (article)&#8221;,&#8221;published&#8221;:1,&#8221;s3_hash&#8221;:&#8221;a5e0764cf3bce051367545eab1538b4619e8ecb9&#8243;,&#8221;slug&#8221;:null,&#8221;title&#8221;:&#8221;Content layout&#8221;,&#8221;type&#8221;:&#8221;layout&#8221;,&#8221;updated_at&#8221;:&#8221;2022-07-21T08:27:20.732Z&#8221;,&#8221;version_id&#8221;:272},&#8221;path&#8221;:&#8221;\/stiri-externe\/europa\/scandal-diplomatic-dupa-moartea-lui-ratko-mladic-2554216.html&#8221;,&#8221;pathArray&#8221;:[&#8222;&#8221;,&#8221;stiri-externe&#8221;,&#8221;europa&#8221;,&#8221;scandal-diplomatic-dupa-moartea-lui-ratko-mladic-2554216.html&#8221;],&#8221;type&#8221;:&#8221;content&#8221;,&#8221;url&#8221;:&#8221;https:\/\/adevarul.ro\/stiri-externe\/europa\/scandal-diplomatic-dupa-moartea-lui-ratko-mladic-2554216.html&#8221;,&#8221;features&#8221;:{},&#8221;query&#8221;:{},&#8221;domain_config&#8221;:{&#8222;MISC&#8221;:{&#8222;logo&#8221;:{&#8222;width&#8221;:320,&#8221;height&#8221;:50}},&#8221;SYSTEM_TAGS&#8221;:[&#8222;noads&#8221;,&#8221;nocomments&#8221;,&#8221;sex&#8221;,&#8221;advert&#8221;,&#8221;advertorial&#8221;,&#8221;video&#8221;,&#8221;galerie&#8221;,&#8221;live&#8221;,&#8221;foto&#8221;,&#8221;exclusiv&#8221;,&#8221;analiza&#8221;,&#8221;interviu&#8221;,&#8221;reportaj&#8221;,&#8221;breaking news&#8221;],&#8221;default&#8221;:{&#8222;lang&#8221;:&#8221;ro&#8221;,&#8221;domain&#8221;:&#8221;adevarul.ro&#8221;,&#8221;alternateDomain&#8221;:&#8221;adevarul-ro.adh.reperio.news&#8221;,&#8221;friendlyName&#8221;:&#8221;Adev\u0103rul&#8221;,&#8221;logoURL&#8221;:&#8221;https:\/\/adevarul.ro\/favicon-144-precomposed.png&#8221;}},&#8221;client&#8221;:{&#8222;is_mobile&#8221;:false}}<\/p>\n","protected":false},"excerpt":{"rendered":"Comisarul european pentru Extindere, Marta Kos, \u0219i-a anulat vizita planificat\u0103 \u00een Serbia, dup\u0103 ce un avion guvernamental a&hellip;\n","protected":false},"author":2,"featured_media":288416,"comment_status":"","ping_status":"","sticky":false,"template":"","format":"standard","meta":{"footnotes":"","_share_on_mastodon":"0"},"categories":[12],"tags":[4234,32,33,31,36,37,27,74,34,35,56018,25,17784,41,40,38,39,7965,26,28,29,30,81,71,72,73],"class_list":["post-288415","post","type-post","status-publish","format-standard","has-post-thumbnail","category-international","tag-aderare-ue","tag-breaking-news","tag-breakingnews","tag-cele-mai-populare-subiecte","tag-featured-news","tag-featurednews","tag-headlines","tag-international","tag-latest-news","tag-latestnews","tag-marta-kos","tag-news","tag-ratko-mladic","tag-ro","tag-romana","tag-romania","tag-romanian","tag-serbia","tag-stiri","tag-titluri","tag-top-stories","tag-topstories","tag-video","tag-world","tag-world-news","tag-worldnews"],"share_on_mastodon":{"url":"https:\/\/pubeurope.com\/@ro\/117215240625864538","error":""},"_links":{"self":[{"href":"https:\/\/www.europesays.com\/ro\/wp-json\/wp\/v2\/posts\/288415","targetHints":{"allow":["GET"]}}],"collection":[{"href":"https:\/\/www.europesays.com\/ro\/wp-json\/wp\/v2\/posts"}],"about":[{"href":"https:\/\/www.europesays.com\/ro\/wp-json\/wp\/v2\/types\/post"}],"author":[{"embeddable":true,"href":"https:\/\/www.europesays.com\/ro\/wp-json\/wp\/v2\/users\/2"}],"replies":[{"embeddable":true,"href":"https:\/\/www.europesays.com\/ro\/wp-json\/wp\/v2\/comments?post=288415"}],"version-history":[{"count":0,"href":"https:\/\/www.europesays.com\/ro\/wp-json\/wp\/v2\/posts\/288415\/revisions"}],"wp:featuredmedia":[{"embeddable":true,"href":"https:\/\/www.europesays.com\/ro\/wp-json\/wp\/v2\/media\/288416"}],"wp:attachment":[{"href":"https:\/\/www.europesays.com\/ro\/wp-json\/wp\/v2\/media?parent=288415"}],"wp:term":[{"taxonomy":"category","embeddable":true,"href":"https:\/\/www.europesays.com\/ro\/wp-json\/wp\/v2\/categories?post=288415"},{"taxonomy":"post_tag","embeddable":true,"href":"https:\/\/www.europesays.com\/ro\/wp-json\/wp\/v2\/tags?post=288415"}],"curies":[{"name":"wp","href":"https:\/\/api.w.org\/{rel}","templated":true}]}}