{"id":288445,"date":"2026-09-04T23:57:11","date_gmt":"2026-09-04T23:57:11","guid":{"rendered":"https:\/\/www.europesays.com\/ro\/288445\/"},"modified":"2026-09-04T23:57:11","modified_gmt":"2026-09-04T23:57:11","slug":"care-e-noua-modalitate-de-lucru-prin-care-companiile-isi-reduc-organigrama-cu-mii-de-2","status":"publish","type":"post","link":"https:\/\/www.europesays.com\/ro\/288445\/","title":{"rendered":"Care e noua modalitate de lucru prin care companiile \u00ee\u015fi reduc organigrama cu mii de&#8230;"},"content":{"rendered":"<p>C\u00e2\u0163iva dintre marii actori economici de pe pia\u0163a din Rom\u00e2nia au g\u0103sit o nou\u0103 formul\u0103 prin care s\u0103 \u00ee\u015fi reduc\u0103 num\u0103rul de angaja\u0163i f\u0103r\u0103 s\u0103 \u00ee\u015fi reduc\u0103 \u015fi opera\u0163iunile. \u00cen loc s\u0103 angajeze direct personalul din magazine sau din sta\u0163iile de carburant, companiile transfer\u0103 administrarea unit\u0103\u0163ilor c\u0103tre firme partenere, care preiau recrutarea, salarizarea \u015fi managementul oamenilor.<\/p>\n<p>Modelul le permite grupurilor s\u0103 \u00ee\u015fi eficientizeze costurile \u015fi s\u0103 transfere o parte din responsabilit\u0103\u0163ile legate de for\u0163a de munc\u0103, \u00een timp ce v\u00e2nz\u0103rile r\u0103m\u00e2n \u00eenregistrate pe compania-mam\u0103.<\/p>\n<p>De exemplu, timp de ani de zile, lan\u0163ul de magazine Profi a comunicat c\u0103 este cel mai mare sau unul dintre cei mai mari angajatori locali. Iar cifrele din perioada 2019-2020 confirmau acest lucru. Doar c\u0103 re\u0163eaua a con\u00adtinuat s\u0103 promoveze acela\u015fi mesaj constant, iar asta chiar \u015fi recent, de\u015fi num\u0103rul de salaria\u0163i a intrat pe o pant\u0103 puternic descendent\u0103. Mai exact, de la aproape 18.000 de oameni pe \u015ftatele de plat\u0103, retailerul a ajuns \u00een 2025 (cele mai recente date publice) la doar o un sfert \u2013 4.300.<\/p>\n<p>Te-ar putea interesa \u0219i:<\/p>\n<p>\u015ei num\u0103rul a sc\u0103zut constant, an de an.<\/p>\n<p>\u00a0<\/p>\n<p>\t\t\t\t\t\t\tPentru alte \u0219tiri, analize, articole \u0219i informa\u021bii din business \u00een timp real urm\u0103re\u0219te Ziarul Financiar pe <a href=\"https:\/\/whatsapp.com\/channel\/0029VannM9bJZg42BhXhej1Y\" target=\"_blank\" rel=\"nofollow noopener\">WhatsApp Channels<\/a><\/p>\n","protected":false},"excerpt":{"rendered":"C\u00e2\u0163iva dintre marii actori economici de pe pia\u0163a din Rom\u00e2nia au g\u0103sit o nou\u0103 formul\u0103 prin care s\u0103&hellip;\n","protected":false},"author":2,"featured_media":288446,"comment_status":"","ping_status":"","sticky":false,"template":"","format":"standard","meta":{"footnotes":"","_share_on_mastodon":"0"},"categories":[14],"tags":[97,96,41,40,38,39],"class_list":["post-288445","post","type-post","status-publish","format-standard","has-post-thumbnail","category-afaceri","tag-afaceri","tag-business","tag-ro","tag-romana","tag-romania","tag-romanian"],"share_on_mastodon":{"url":"https:\/\/pubeurope.com\/@ro\/117215483832237538","error":""},"_links":{"self":[{"href":"https:\/\/www.europesays.com\/ro\/wp-json\/wp\/v2\/posts\/288445","targetHints":{"allow":["GET"]}}],"collection":[{"href":"https:\/\/www.europesays.com\/ro\/wp-json\/wp\/v2\/posts"}],"about":[{"href":"https:\/\/www.europesays.com\/ro\/wp-json\/wp\/v2\/types\/post"}],"author":[{"embeddable":true,"href":"https:\/\/www.europesays.com\/ro\/wp-json\/wp\/v2\/users\/2"}],"replies":[{"embeddable":true,"href":"https:\/\/www.europesays.com\/ro\/wp-json\/wp\/v2\/comments?post=288445"}],"version-history":[{"count":0,"href":"https:\/\/www.europesays.com\/ro\/wp-json\/wp\/v2\/posts\/288445\/revisions"}],"wp:featuredmedia":[{"embeddable":true,"href":"https:\/\/www.europesays.com\/ro\/wp-json\/wp\/v2\/media\/288446"}],"wp:attachment":[{"href":"https:\/\/www.europesays.com\/ro\/wp-json\/wp\/v2\/media?parent=288445"}],"wp:term":[{"taxonomy":"category","embeddable":true,"href":"https:\/\/www.europesays.com\/ro\/wp-json\/wp\/v2\/categories?post=288445"},{"taxonomy":"post_tag","embeddable":true,"href":"https:\/\/www.europesays.com\/ro\/wp-json\/wp\/v2\/tags?post=288445"}],"curies":[{"name":"wp","href":"https:\/\/api.w.org\/{rel}","templated":true}]}}