{"id":288451,"date":"2026-09-05T00:08:15","date_gmt":"2026-09-05T00:08:15","guid":{"rendered":"https:\/\/www.europesays.com\/ro\/288451\/"},"modified":"2026-09-05T00:08:15","modified_gmt":"2026-09-05T00:08:15","slug":"cat-a-platit-fcsb-pentru-korenica-ultimele-detalii-oferite-de-ioan-varga-se-va-ajunge-la-mai-mult","status":"publish","type":"post","link":"https:\/\/www.europesays.com\/ro\/288451\/","title":{"rendered":"C\u00e2t a pl\u0103tit FCSB pentru Korenica.\u00a0Ultimele detalii oferite de Ioan Varga: \u201eSe va ajunge la mai mult\u201d"},"content":{"rendered":"<ul class=\"bullets\">&#13;<\/p>\n<li>FCSB a oficializat, vineri, transferul lui Meriton Korenica (29 de ani), unul dintre cei mai buni juc\u0103tori de la CFR Cluj. <\/li>\n<p>&#13;<br \/>\n&#13;<\/p>\n<li>C\u00e2t au pl\u0103tit ro\u0219-alba\u0219trii pentru mutarea interna\u021bionalului kosovar, mai jos \u00een articol.<\/li>\n<p>&#13;\n<\/ul>\n<p><a id=\"google-source-button\" class=\"google-favorite\" target=\"_blank\" href=\"https:\/\/www.google.com\/preferences\/source?q=golazo.ro\" rel=\"nofollow noopener\"><\/p>\n<p>        <img loading=\"lazy\" decoding=\"async\" src=\"https:\/\/golazo.ro\/images\/google-logo.svg\" alt=\"\" width=\"24\" height=\"24\"\/><br \/>\n        <img loading=\"lazy\" decoding=\"async\" src=\"https:\/\/golazo.ro\/images\/check-icon-2.svg\" alt=\"\" width=\"24\" height=\"24\"\/><\/p>\n<p>    Adaug\u0103 GOLAZO.ro la favorite<\/p>\n<p><\/a><\/p>\n<p class=\"\">FCSB a f\u0103cut mut\u0103ri importante pe pia\u021ba transferurilor: <a target=\"_blank\" href=\"https:\/\/golazo.ro\/fcsb-meriton-korenica-prezentare-superliga-185290\" rel=\"nofollow noopener\">Korenica <\/a>\u0219i <a target=\"_blank\" href=\"https:\/\/golazo.ro\/denis-dragus-fcsb-transfer-liga-1-185293\" rel=\"nofollow noopener\">Denis Dr\u0103gu\u0219<\/a> au fost deja prezenta\u021bi, iar Karlo Muhar, \u0219i el fost juc\u0103tor la CFR Cluj, urmeaz\u0103 s\u0103 fie anun\u021bat.<\/p>\n<p>C\u00e2t a pl\u0103tit FCSB pentru transferul lui Meriton Korenica<\/p>\n<p class=\"\">Ini\u021bial, FCSB a fost dispus\u0103 s\u0103 ofere 500.000 de euro pentru transferul Korenica. \u0218i Craiova a intrat pe fir \u0219i a pus pe mas\u0103 suma de 800.000 de euro pentru kosovar, dar patronul Ioan Varga a refuzat ambele oferte.<\/p>\n<p class=\"\">De\u0219i Varga \u0219i-ar fi dorit 2 milioane de euro pentru a-l l\u0103sa pe Meriton Korenica s\u0103 plece, situa\u021bia critic\u0103 de la CFR Cluj \u0219i contractul juc\u0103torului care urma s\u0103 expire anul viitor l-au determinat pe finan\u021bator s\u0103 scad\u0103 pre\u021bul.<\/p>\n<p class=\"\">Ioan Varga i-a stabilit ulterior pre\u021bul juc\u0103torului, 1,5 milioane de euro, dar a ajuns \u00een cele din urm\u0103 la o \u00een\u021belegere cu Gigi Becali.<\/p>\n<p class=\"\">\u201eEu nu am participat la negocieri. Le-am spus s\u0103 m\u0103 sune doar c\u00e2nd totul este rezolvat. Nu e 700.000. Se va ajunge la mai mult\u201d, a spus Ioan Varga, conform <a target=\"_blank\" href=\"https:\/\/www.prosport.ro\/fotbal-intern\/superliga\/suma-totala-pe-care-fcsb-o-plateste-pentru-meriton-korenica-nelu-varga-a-recunoscut-se-va-ajunge-acolo-exclusiv-20516858\" rel=\"nofollow noopener\">prosport.ro<\/a>.<\/p>\n<p class=\"\">Suma total\u0103 de transfer va ajunge la minimum un milion de euro, dac\u0103 FCSB va c\u00e2\u0219tiga titlul \u0219i va ajunge \u00een grupele unei competi\u021bii europene. \u00cen plus, CFR Cluj va p\u0103stra \u0219i 20% dintr-un viitor transfer al lui Korenica.<\/p>\n<p class=\"\">Despre acest subiect a scris \u0219i <a target=\"_blank\" href=\"https:\/\/golazo.ro\/fcsb-transfer-meriton-korenica-cfr-cluj-gigi-becali-185094\" rel=\"nofollow noopener\">GOLAZO.ro<\/a>, \u00een urm\u0103 cu dou\u0103 zile.<\/p>\n<p>3 milioane de euro<\/p>\n<p>este cota de pia\u021b\u0103 a lui Meriton Korenica, conform Transfermarkt<\/p>\n<p class=\"\">Korenica ajunsese la CFR Cluj \u00een vara lui 2024 \u0219i mai avea contract cu forma\u021bia ardelean\u0103 p\u00e2n\u0103 \u00een 2027.<\/p>\n<p class=\"\">Kosovarul a disputat 50 de meciuri pentru CFR Cluj \u00een sezonul anterior, \u00een care a marcat 12 goluri \u0219i a oferit 9 pase decisive. \u00cen actuala stagiune are 10 apari\u021bii, 3 goluri \u0219i o pas\u0103 decisiv\u0103.<\/p>\n<p class=\"\">\u00cenainte de a ajunge \u00een Rom\u00e2nia, Korenica a evoluat la Shkendija Tetovo, Metalurg Skopje, Manisa, FC Liria, FC Prishtina \u0219i FC Ballkani.<\/p>\n<p class=\"\">Transferul vine cu o zi \u00eenaintea derby-ului Dinamo &#8211; FCSB, programat s\u00e2mb\u0103t\u0103, de la ora 20:30, pe \u201eArcul de Triumf\u201d.<\/p>\n<p class=\"\">Dintre cele trei achizi\u021bii anun\u021bate de Becali, Korenica este \u0219i cel care are <a target=\"_blank\" href=\"https:\/\/golazo.ro\/fcsb-meriton-korenica-karlo-muhar-denis-dragus-superliga-185269\" rel=\"noreferrer noopener nofollow\">cele mai mari \u0219anse<\/a> s\u0103 intre imediat \u00een calculele lui Marius Baciu, fiind la zi cu preg\u0103tirea \u0219i cu meciurile oficiale.<\/p>\n<p>    <img decoding=\"async\" src=\"https:\/\/www.europesays.com\/ro\/wp-content\/uploads\/2026\/09\/meriton-korenica-prezentat-oficial-la-fcsb-2.jpg\" alt=\"Meriton Korenica, prezentat oficial la FCSB. Foto: Facebook\/FCSB\" data-blur=\"https:\/\/www.europesays.com\/ro\/wp-content\/uploads\/2026\/09\/meriton-korenica-prezentat-oficial-la-fcsb-2.jpg\" width=\"684\" height=\"456\" class=\"blur\" loading=\"lazy\"\/><\/p>\n<p>            <img decoding=\"async\" src=\"https:\/\/www.europesays.com\/ro\/wp-content\/uploads\/2026\/09\/1788566895_220_meriton-korenica-prezentat-oficial-la-fcsb-2.jpg\" loading=\"lazy\" alt=\"Meriton Korenica, prezentat oficial la FCSB. Foto: Facebook\/FCSB\" width=\"684\" height=\"456\"\/><\/p>\n<p>        Galerie foto (4 imagini)<\/p>\n<p>                    <a href=\"https:\/\/golazo.ro\/meriton-korenica-prezentat-oficial-la-fcsb-185301-g1?articleSource=185296\" class=\"gallery-link\" aria-label=\"Show gallery\" rel=\"nofollow noopener\" target=\"_blank\"><\/p>\n<p>                +4 Foto<br \/>\n            <\/a><\/p>\n<p>    <a href=\"https:\/\/golazo.ro\/meriton-korenica-prezentat-oficial-la-fcsb-185301-g1\/meriton-korenica-prezentat-oficial-la-fcsb-foto-facebookfcsb-487669?articleSource=185296\" class=\"link\" rel=\"nofollow noopener\" target=\"_blank\">labels.photo-gallery<\/a><\/p>\n<p>Cite\u0219te \u0219i<\/p>\n<p>VIDEO: cele mai noi imagini din sport<\/p>\n","protected":false},"excerpt":{"rendered":"&#13; FCSB a oficializat, vineri, transferul lui Meriton Korenica (29 de ani), unul dintre cei mai buni juc\u0103tori&hellip;\n","protected":false},"author":2,"featured_media":288452,"comment_status":"","ping_status":"","sticky":false,"template":"","format":"standard","meta":{"footnotes":"","_share_on_mastodon":"0"},"categories":[20],"tags":[186,269,870,25897,41,40,38,39,185,184],"class_list":["post-288451","post","type-post","status-publish","format-standard","has-post-thumbnail","category-sport","tag-cfr-cluj","tag-fcsb","tag-ioan-varga","tag-meriton-korenica","tag-ro","tag-romana","tag-romania","tag-romanian","tag-sport","tag-sports"],"share_on_mastodon":{"url":"https:\/\/pubeurope.com\/@ro\/117215527805598479","error":""},"_links":{"self":[{"href":"https:\/\/www.europesays.com\/ro\/wp-json\/wp\/v2\/posts\/288451","targetHints":{"allow":["GET"]}}],"collection":[{"href":"https:\/\/www.europesays.com\/ro\/wp-json\/wp\/v2\/posts"}],"about":[{"href":"https:\/\/www.europesays.com\/ro\/wp-json\/wp\/v2\/types\/post"}],"author":[{"embeddable":true,"href":"https:\/\/www.europesays.com\/ro\/wp-json\/wp\/v2\/users\/2"}],"replies":[{"embeddable":true,"href":"https:\/\/www.europesays.com\/ro\/wp-json\/wp\/v2\/comments?post=288451"}],"version-history":[{"count":0,"href":"https:\/\/www.europesays.com\/ro\/wp-json\/wp\/v2\/posts\/288451\/revisions"}],"wp:featuredmedia":[{"embeddable":true,"href":"https:\/\/www.europesays.com\/ro\/wp-json\/wp\/v2\/media\/288452"}],"wp:attachment":[{"href":"https:\/\/www.europesays.com\/ro\/wp-json\/wp\/v2\/media?parent=288451"}],"wp:term":[{"taxonomy":"category","embeddable":true,"href":"https:\/\/www.europesays.com\/ro\/wp-json\/wp\/v2\/categories?post=288451"},{"taxonomy":"post_tag","embeddable":true,"href":"https:\/\/www.europesays.com\/ro\/wp-json\/wp\/v2\/tags?post=288451"}],"curies":[{"name":"wp","href":"https:\/\/api.w.org\/{rel}","templated":true}]}}