{"id":288467,"date":"2026-09-05T01:48:11","date_gmt":"2026-09-05T01:48:11","guid":{"rendered":"https:\/\/www.europesays.com\/ro\/288467\/"},"modified":"2026-09-05T01:48:11","modified_gmt":"2026-09-05T01:48:11","slug":"5g-ul-orange-scapa-de-dependenta-de-4g-reteaua-standalone-ajunge-comercial-la-clienti","status":"publish","type":"post","link":"https:\/\/www.europesays.com\/ro\/288467\/","title":{"rendered":"5G-ul Orange scap\u0103 de dependen\u021ba de 4G: re\u021beaua Standalone ajunge comercial la clien\u021bi"},"content":{"rendered":"<p>Orange Rom\u00e2nia va lansa comercial 5G Standalone \u00een aceast\u0103 toamn\u0103, duc\u00e2nd c\u0103tre public o re\u021bea 5G care nu mai depinde de infrastructura core 4G. <a href=\"https:\/\/newsroom.orange.ro\/orasele-digitale-care-apar-pentru-cateva-zile\/\" rel=\"nofollow noopener noreferrer\" target=\"_blank\">Anun\u021bul Orange<\/a> confirm\u0103 lansarea \u00een toamna lui 2026, dup\u0103 mai mul\u021bi ani de teste \u0219i implement\u0103ri punctuale. Dac\u0103 p\u00e2n\u0103 acum 5G a fost asociat mai ales cu num\u0103rul afi\u0219at de Speedtest, aici schimbarea important\u0103 se petrece mai ad\u00e2nc \u00een re\u021bea.<\/p>\n<p>5G Standalone nu mai are nevoie de \u201esprijinul\u201d re\u021belei 4G<\/p>\n<p>Majoritatea implement\u0103rilor 5G au pornit \u00een regim Non-Standalone (NSA): telefonul comunic\u0103 prin radio 5G, dar o parte important\u0103 din infrastructura din spate folose\u0219te \u00een continuare nucleul 4G. <a href=\"https:\/\/www.gsma.com\/solutions-and-impact\/technologies\/networks\/5g-network-technologies-and-solutions\/5g-standalone-networks\/\" rel=\"nofollow noopener noreferrer\" target=\"_blank\">GSMA explic\u0103 diferen\u021ba<\/a> simplu: 5G SA folose\u0219te at\u00e2t partea radio 5G, c\u00e2t \u0219i un core 5G dedicat. De aici vin avantajele care nu se v\u0103d neap\u0103rat \u00eentr-un test de download: laten\u021b\u0103 mai mic\u0103, gestionarea mai flexibil\u0103 a traficului \u0219i Network Slicing.<\/p>\n<p>Orange nu porne\u0219te \u00eens\u0103 de la zero. \u00cen 2022, <a href=\"https:\/\/www.mobilissimo.ro\/stiri-telefoane\/orange-romania-a-realizat-primul-apel-de-date-de-tip-urllc-ultra-reliable-low-latency-communications-folosind-reteaua-standalone-5g\" rel=\"nofollow noopener\" target=\"_blank\">Mobilissimo relata despre primul apel de date uRLLC realizat de Orange pe o infrastructur\u0103 5G Standalone<\/a>, \u00eentr-un test \u00een care operatorul vorbea despre laten\u021be sub 5 ms. \u00cen mai 2025 a urmat prima implementare public\u0103 5G SA, \u00een Delta Dun\u0103rii, \u00een cadrul proiectului european 5G Connect Danube Delta. Re\u021beaua deservea ini\u021bial 14 localit\u0103\u021bi \u0219i folosea inclusiv procesare Edge Cloud pentru aplica\u021bii de telemedicin\u0103, educa\u021bie \u0219i monitorizare a mediului.<\/p>\n<p>Network Slicing: partea din 5G SA care chiar conteaz\u0103 \u00een aglomera\u021bie<\/p>\n<p>Poate cea mai util\u0103 func\u021bie este Network Slicing. Pe aceea\u0219i infrastructur\u0103 fizic\u0103 pot fi create segmente virtuale cu resurse \u0219i priorit\u0103\u021bi diferite. Astfel, un terminal POS, o transmisie video sau comunica\u021biile echipelor de interven\u021bie nu trebuie s\u0103 concureze \u00een acelea\u0219i condi\u021bii cu zeci de mii de telefoane care urc\u0103 simultan clipuri pe social media.<\/p>\n<p>Orange a testat acest mecanism \u00een timpul concertelor \u0219i festivalurilor din vara lui 2026. \u00cen cel mai mare dintre testele documentate de operator au existat peste 33.300 de utilizatori conecta\u021bi simultan, peste 5,1 TB de trafic \u0219i o medie de 141 Mbps la download pe 5G. Mai important dec\u00e2t recordul de vitez\u0103, traficul pentru pl\u0103\u021bi POS, coordonare opera\u021bional\u0103, video \u0219i alte servicii critice a putut fi separat logic de cel al publicului. Aici \u00eencepe s\u0103 aib\u0103 sens 5G SA dincolo de bro\u0219ura cu \u201emai mul\u021bi Mbps\u201d.<\/p>\n<p>Testele au continuat \u0219i la Beach, Please!, Summer Well \u0219i Untold, unde infrastructura mobil\u0103 a avut de gestionat adev\u0103rate ora\u0219e temporare. Orange raporteaz\u0103 peste 128.000 de utilizatori conecta\u021bi la Beach, Please! \u0219i peste 146.000 la Untold, iar \u00een cea mai aglomerat\u0103 or\u0103 a festivalului de la Cluj s-au transferat peste 1.770 GB. Aceste cifre reprezint\u0103 traficul general al evenimentelor, nu exclusiv utilizarea 5G SA, \u00eens\u0103 explic\u0103 foarte bine problema pe care Network Slicing \u00eencearc\u0103 s\u0103 o rezolve.<\/p>\n<p>Fast Track 5G+ este deja \u00een oferta Orange, dar nu este acela\u0219i lucru cu 5G SA<\/p>\n<p>Aici denumirile pot deveni pu\u021bin \u00eencurcate. Separat de viitoarea lansare comercial\u0103 5G Standalone, Orange folose\u0219te deja etichetele Everyday 5G \u0219i Fast Track 5G+. Pe pagina actual\u0103 de abonamente, Everyday 5G apare la Fun, Fun Plus \u0219i Smart, cu maximum estimat de 500 Mbps, \u00een timp ce Smart Plus, Smart Elite \u0219i Smart Exclusive includ Fast Track 5G+, unde operatorul indic\u0103 p\u00e2n\u0103 la 1.500 Mbps download \u0219i 160 Mbps upload.<\/p>\n<p>Fast Track 5G+ nu trebuie tratat automat drept alt nume pentru 5G Standalone. Orange \u00eel descrie comercial prin viteze \u0219i resurse de re\u021bea suplimentare, \u00een vreme ce 5G SA este schimbarea de arhitectur\u0103 care permite inclusiv slicing \u0219i servicii cu cerin\u021be dedicate. Viteza de 1,5 Gbps nu este nici ea nou\u0103 \u00een portofoliu: <a href=\"https:\/\/www.mobilissimo.ro\/stiri-telefoane\/vrei-internet-fix-prin-5g-plus-de-astazi-serviciul-este-disponibil-in-oferta-orange-romania-si-se-activeaza-plug-and-play\" rel=\"nofollow noopener\" target=\"_blank\">Orange ofer\u0103 din februarie Net Fix 5G+<\/a>, un serviciu fix wireless care folose\u0219te aceea\u0219i limit\u0103 maxim\u0103 anun\u021bat\u0103.<\/p>\n<p>Pentru clientul obi\u0219nuit, lansarea din toamn\u0103 nu trebuie privit\u0103 deci ca promisiunea unui Speedtest care sare brusc la c\u00e2\u021biva gigabi\u021bi. Miza 5G Standalone este o re\u021bea mai pu\u021bin dependent\u0103 de genera\u021bia anterioar\u0103 \u0219i capabil\u0103 s\u0103 trateze diferit tipuri de trafic cu nevoi foarte diferite. Orange se prezint\u0103 \u00een acest moment drept singurul operator local cu asemenea capabilit\u0103\u021bi \u0219i nu a comunicat \u00eenc\u0103 o zi exact\u0103 pentru lansarea comercial\u0103. Toamna lui 2026 este \u00eens\u0103 momentul \u00een care 5G SA ar trebui s\u0103 ias\u0103 din proiecte, laboratoare \u0219i festivaluri \u0219i s\u0103 ajung\u0103 efectiv \u00een oferta pentru public.<\/p>\n","protected":false},"excerpt":{"rendered":"Orange Rom\u00e2nia va lansa comercial 5G Standalone \u00een aceast\u0103 toamn\u0103, duc\u00e2nd c\u0103tre public o re\u021bea 5G care nu&hellip;\n","protected":false},"author":2,"featured_media":288468,"comment_status":"","ping_status":"","sticky":false,"template":"","format":"standard","meta":{"footnotes":"","_share_on_mastodon":"0"},"categories":[16],"tags":[79340,79336,79335,5541,79339,79338,79337,122,7134,41,40,38,39,141,124],"class_list":["post-288467","post","type-post","status-publish","format-standard","has-post-thumbnail","category-tehnologie","tag-5g-romania","tag-5g-sa","tag-5g-standalone","tag-comunicatii","tag-everyday-5g","tag-fast-track-5g","tag-network-slicing","tag-operatori","tag-orange","tag-ro","tag-romana","tag-romania","tag-romanian","tag-technology","tag-tehnologie"],"share_on_mastodon":{"url":"https:\/\/pubeurope.com\/@ro\/117215920280739355","error":""},"_links":{"self":[{"href":"https:\/\/www.europesays.com\/ro\/wp-json\/wp\/v2\/posts\/288467","targetHints":{"allow":["GET"]}}],"collection":[{"href":"https:\/\/www.europesays.com\/ro\/wp-json\/wp\/v2\/posts"}],"about":[{"href":"https:\/\/www.europesays.com\/ro\/wp-json\/wp\/v2\/types\/post"}],"author":[{"embeddable":true,"href":"https:\/\/www.europesays.com\/ro\/wp-json\/wp\/v2\/users\/2"}],"replies":[{"embeddable":true,"href":"https:\/\/www.europesays.com\/ro\/wp-json\/wp\/v2\/comments?post=288467"}],"version-history":[{"count":0,"href":"https:\/\/www.europesays.com\/ro\/wp-json\/wp\/v2\/posts\/288467\/revisions"}],"wp:featuredmedia":[{"embeddable":true,"href":"https:\/\/www.europesays.com\/ro\/wp-json\/wp\/v2\/media\/288468"}],"wp:attachment":[{"href":"https:\/\/www.europesays.com\/ro\/wp-json\/wp\/v2\/media?parent=288467"}],"wp:term":[{"taxonomy":"category","embeddable":true,"href":"https:\/\/www.europesays.com\/ro\/wp-json\/wp\/v2\/categories?post=288467"},{"taxonomy":"post_tag","embeddable":true,"href":"https:\/\/www.europesays.com\/ro\/wp-json\/wp\/v2\/tags?post=288467"}],"curies":[{"name":"wp","href":"https:\/\/api.w.org\/{rel}","templated":true}]}}