{"id":28850,"date":"2025-10-27T07:13:11","date_gmt":"2025-10-27T07:13:11","guid":{"rendered":"https:\/\/www.europesays.com\/ro\/28850\/"},"modified":"2025-10-27T07:13:11","modified_gmt":"2025-10-27T07:13:11","slug":"mai-bine-sa-ramana-in-vestiar","status":"publish","type":"post","link":"https:\/\/www.europesays.com\/ro\/28850\/","title":{"rendered":"\u201eMai bine s\u0103 r\u0103m\u00e2n\u0103 \u00een vestiar!\u201d"},"content":{"rendered":"<p id=\"p-0\">Denis Alibec a prins doar c\u00e2teva minute \u00een teren \u00een meciul pe care FCSB l-a c\u00e2\u0219tigat \u00een fa\u021ba celor de la UTA Arad, scor 4-0, iar Elias Charalambous a dezv\u0103luit c\u0103 a purtat o discu\u021bie cu experimentatul atacant.<\/p>\n<p id=\"p-1\">Tehnicianul campioanei Rom\u00e2niei nu a dorit s\u0103 ofere detalii din discu\u021bia pe care a purtat-o cu Denis Alibec, dorind ca unele lucruri s\u0103 r\u0103m\u00e2n\u0103 doar \u00een vestiarul echipei pe care o preg\u0103te\u0219te.<\/p>\n<p>Elias Charalambous, discu\u021bie cu Denis Alibec<\/p>\n<p id=\"p-2\">Denis Alibec s-a ar\u0103tat nemul\u021bumit de faptul c\u0103 a prins doar c\u00e2teva minute \u00een teren, \u00een <a style=\"color: #0000ff;\" href=\"https:\/\/www.prosport.ro\/fotbal-intern\/superliga\/fcsb-uta-4-0-in-etapa-14-din-superliga-victorie-clara-a-campioanei-in-fata-unei-echipe-care-a-jucat-o-repriza-in-inferioritate-20308526\" rel=\"nofollow noopener\" target=\"_blank\">partida pe care FCSB a c\u00e2\u0219tigat-o \u00een fa\u021ba celor de la UTA Arad, scor 4-0<\/a>. La finalul meciului de pe Arena Na\u021bional\u0103 din Bucure\u0219ti, Elias Charalambous a dezv\u0103luit c\u0103 a purtat o discu\u021bie cu experimentatul atacant. Tehnicianul campioanei Rom\u00e2niei nu a dorit s\u0103 ofere detalii din discu\u021bia pe care a purtat-o cu Denis Alibec, dorind ca unele lucruri s\u0103 r\u0103m\u00e2n\u0103 doar \u00een vestiarul echipei pe care o preg\u0103te\u0219te.<\/p>\n<p id=\"p-3\">\u201e(n.r. Ce i-a\u021bi spus lui Alibec la finalul meciului?) Sunt chestii care trebuie s\u0103 r\u0103m\u00e2n\u0103 doar \u00een vestiar. Avem un lot numeros \u0219i avem nevoie de to\u021bi juc\u0103torii. Mul\u021bi se recupereaz\u0103 \u0219i e foarte bine, pentru c\u0103 juc\u0103m din 3 \u00een 3 zile \u00een perioada asta a sezonului\u201d, a declarat Elias Charalambous, la flash-interviu.<\/p>\n<p>                <a href=\"https:\/\/www.prosport.ro\/poze\/charalambous-s-a-dus-direct-la-alibec-si-i-a-spus-ceva-mai-bine-sa-ramana-in-vestiar-20308843\" rel=\"nofollow noopener\" target=\"_blank\">&#13;<br \/>\n                                            <img decoding=\"async\" loading=\"lazy\" fetchpriority=\"low\" src=\"https:\/\/www.europesays.com\/ro\/wp-content\/uploads\/2025\/10\/https:\/\/www.prosport.ro\/\/wp-content\/uploads\/2025\/10\/Gigi-Becali-i-a-bagat-banii-in-cont-lui-Denis-Al.jpeg\" width=\"458\" height=\"305\"\/>&#13;<br \/>\n                                    <\/a><\/p>\n<p>                <a href=\"https:\/\/www.prosport.ro\/poze\/charalambous-s-a-dus-direct-la-alibec-si-i-a-spus-ceva-mai-bine-sa-ramana-in-vestiar-20308843\" rel=\"nofollow noopener\" target=\"_blank\">&#13;<br \/>\n                                            <img decoding=\"async\" loading=\"lazy\" fetchpriority=\"low\" src=\"https:\/\/www.europesays.com\/ro\/wp-content\/uploads\/2025\/10\/https:\/\/www.prosport.ro\/\/wp-content\/uploads\/2025\/10\/Gigi-Becali-a-facut-anuntul-decisiv-despre-situa.jpeg\" width=\"227\" height=\"151\"\/>&#13;<br \/>\n                                    <\/a><\/p>\n<p>Charalambous, mul\u021bumit de victoria cu UTA<\/p>\n<p id=\"p-4\">Elias Charalambous s-a ar\u0103tat mul\u021bumit de <a style=\"color: #0000ff;\" href=\"https:\/\/www.prosport.ro\/fotbal-intern\/superliga\/gigi-becali-a-intrat-in-direct-si-a-rostit-numele-fotbalistului-de-la-fcsb-care-a-renascut-a-fost-restartul-lui-20308762\" rel=\"nofollow noopener\" target=\"_blank\">jocul pe care echipa lui l-a prestat \u00een fa\u021ba celor de la UTA Arad<\/a>, dar \u0219i de rezultatul \u00eenregistrat pe tabela de marcaj.<\/p>\n<p id=\"p-5\">\u201eCred c\u0103 \u00een aceast\u0103 sear\u0103 (n.r. duminic\u0103, 26 octombrie) am f\u0103cut meciul perfect! Dup\u0103 meciul cu Bologna am spus c\u0103 trebuie s\u0103 repet\u0103m evolu\u021bia din a doua repriz\u0103 din acel meci. Am repetat-o ast\u0103zi \u0219i sunt foarte bucuros, nu numai pentru c\u0103 am c\u00e2\u0219tigat meciul, ci \u0219i pentru maniera \u00een care am c\u00e2\u0219tigat. Juc\u0103torii au ar\u0103tat cu adev\u0103rat c\u0103 \u0219i-au dorit toate punctele. Puteam s\u0103 \u00eenscriem mult mai multe goluri. M\u0103 bucur \u0219i pentru faptul c\u0103 nu am primit gol. U\u0219or, echipa \u00ee\u0219i revine! Am vorbit cu juc\u0103torii \u00eenainte de meci, c\u0103 dac\u0103 vor juca \u00een felul lor, \u00een stilul lor, nu vor avea nicio problem\u0103 s\u0103 c\u00e2\u0219tige. Trebuie s\u0103 demonstr\u0103m de acum \u00een fiecare meci, pentru a recupera punctele pierdute. Despre Cisotti vom \u0219ti mai multe m\u00e2ine. Sper s\u0103 nu fie ceva serios\u201d, a mai spus tehnicianul celor de la FCSB.<\/p>\n","protected":false},"excerpt":{"rendered":"Denis Alibec a prins doar c\u00e2teva minute \u00een teren \u00een meciul pe care FCSB l-a c\u00e2\u0219tigat \u00een fa\u021ba&hellip;\n","protected":false},"author":2,"featured_media":28851,"comment_status":"","ping_status":"","sticky":false,"template":"","format":"standard","meta":{"footnotes":"","_share_on_mastodon":"0"},"categories":[5],"tags":[6303,32,33,31,2871,1629,908,36,37,196,27,34,35,25,41,40,38,39,26,28,29,30],"class_list":["post-28850","post","type-post","status-publish","format-standard","has-post-thumbnail","category-titluri","tag-antrenor-fcsb","tag-breaking-news","tag-breakingnews","tag-cele-mai-populare-subiecte","tag-declaratii","tag-denis-alibec","tag-elias-charalambous","tag-featured-news","tag-featurednews","tag-gigi-becali","tag-headlines","tag-latest-news","tag-latestnews","tag-news","tag-ro","tag-romana","tag-romania","tag-romanian","tag-stiri","tag-titluri","tag-top-stories","tag-topstories"],"share_on_mastodon":{"url":"https:\/\/pubeurope.com\/@ro\/115444895287624611","error":""},"_links":{"self":[{"href":"https:\/\/www.europesays.com\/ro\/wp-json\/wp\/v2\/posts\/28850","targetHints":{"allow":["GET"]}}],"collection":[{"href":"https:\/\/www.europesays.com\/ro\/wp-json\/wp\/v2\/posts"}],"about":[{"href":"https:\/\/www.europesays.com\/ro\/wp-json\/wp\/v2\/types\/post"}],"author":[{"embeddable":true,"href":"https:\/\/www.europesays.com\/ro\/wp-json\/wp\/v2\/users\/2"}],"replies":[{"embeddable":true,"href":"https:\/\/www.europesays.com\/ro\/wp-json\/wp\/v2\/comments?post=28850"}],"version-history":[{"count":0,"href":"https:\/\/www.europesays.com\/ro\/wp-json\/wp\/v2\/posts\/28850\/revisions"}],"wp:featuredmedia":[{"embeddable":true,"href":"https:\/\/www.europesays.com\/ro\/wp-json\/wp\/v2\/media\/28851"}],"wp:attachment":[{"href":"https:\/\/www.europesays.com\/ro\/wp-json\/wp\/v2\/media?parent=28850"}],"wp:term":[{"taxonomy":"category","embeddable":true,"href":"https:\/\/www.europesays.com\/ro\/wp-json\/wp\/v2\/categories?post=28850"},{"taxonomy":"post_tag","embeddable":true,"href":"https:\/\/www.europesays.com\/ro\/wp-json\/wp\/v2\/tags?post=28850"}],"curies":[{"name":"wp","href":"https:\/\/api.w.org\/{rel}","templated":true}]}}