{"id":288511,"date":"2026-09-05T04:36:12","date_gmt":"2026-09-05T04:36:12","guid":{"rendered":"https:\/\/www.europesays.com\/ro\/288511\/"},"modified":"2026-09-05T04:36:12","modified_gmt":"2026-09-05T04:36:12","slug":"ifa-2026-lenovo-prezinta-cel-mai-subtire-laptop-din-portofoliu-project-aeroblade-coboara-sub-10mm-grosime-eliminand-ventilatoarele","status":"publish","type":"post","link":"https:\/\/www.europesays.com\/ro\/288511\/","title":{"rendered":"IFA 2026: Lenovo prezint\u0103 cel mai sub\u021bire laptop din portofoliu; Project Aeroblade coboar\u0103 sub 10mm grosime, elimin\u00e2nd ventilatoarele"},"content":{"rendered":"<p><a href=\"https:\/\/www.mobilissimo.ro\/stiri-despre\/Lenovo\" target=\"_blank\" rel=\"nofollow noopener\">Lenovo<\/a> a adus \u0219i prototipuri interesante la <a href=\"https:\/\/www.mobilissimo.ro\/stiri-despre\/IFA+2026\" target=\"_blank\" rel=\"nofollow noopener\">IFA 2026<\/a>. Conceptul prezentat poart\u0103 numele de Project Aeroblade \u0219i reu\u0219e\u0219te s\u0103 coboare sub pragul de 10mm grosime, la o greutate de doar 830 de grame. Modelul prezentat \u00een cadrul t\u00e2rgului de la Berlin folose\u0219te r\u0103cire activ\u0103 solid-state, o solu\u021bie care elimin\u0103 ventilatoarele clasice \u0219i spa\u021biul ocupat de acestea. Detalii avem mai jos!<\/p>\n<p>AeroBlade folose\u0219te sistemul Lenovo Active Flow, dezvoltat \u00eempreun\u0103 cu Frore Systems \u0219i bazat pe tehnologia AirJet. \u00cen locul paletelor rotative avem elemente solid-state care pun aerul \u00een mi\u0219care, ceea ce permite evacuarea c\u0103ldurii \u00eentr-un volum mult mai mic. Dispari\u021bia ventilatorului mai aduce dou\u0103 efecte u\u0219or de \u00een\u021beles: mai pu\u021bin zgomot \u0219i mai pu\u021bine componente mecanice care pot acumula praf.<\/p>\n<p class=\"photoGallery\"><a class=\"ui-action-gallery-overlay\" data-photo-gallery-id=\"15830\"><img class=\"articleGalleryPreviewImage\" src=\"https:\/\/www.europesays.com\/ro\/wp-content\/uploads\/2026\/09\/6a9ab6360f035.jpg\" alt=\"Lenovo Project Aeroblade (galerie)\" width=\"2000\" height=\"1125\" loading=\"lazy\" decoding=\"async\"\/>Lenovo Project Aeroblade (galerie)<\/a><\/p>\n<p>Aici apare \u0219i miza conceptului. Un laptop sub 10 mm grosime intr\u0103 deja \u00eentr-o zon\u0103 \u00een care dimensiunile amintesc mai degrab\u0103 de telefoanele pliabile dec\u00e2t de notebook-urile tradi\u021bionale. Lenovo nu pare s\u0103 urm\u0103reasc\u0103 doar un record de sub\u021birime, ci \u00eencearc\u0103 s\u0103 p\u0103streze r\u0103cirea activ\u0103 \u00eentr-un \u0219asiu \u00een care un ventilator conven\u021bional ar consuma prea mult spa\u021biu.<\/p>\n<p>Project AeroBlade are un corp realizat din aliaj de magneziu \u0219i aluminiu, ecran OLED \u0219i conectivitate modern\u0103 prin Thunderbolt 4 \u0219i Wi-Fi 7. Configura\u021bia demonstrat\u0103 folose\u0219te un procesor Intel Core Ultra 7 Series 2, \u00eens\u0103 vorbim \u00een continuare despre un proof of concept, nu despre un laptop comercial cu specifica\u021bii definitive.<\/p>\n<p>Pentru moment, conceptul arat\u0103 mai ales ce poate schimba r\u0103cirea solid-state \u00een designul laptopurilor: dac\u0103 sistemul Active Flow poate gestiona constant temperaturile unui procesor performant, c\u00e2\u021biva milimetri economisi\u021bi \u00een interior pot conta mult mai mult dec\u00e2t pare.<\/p>\n","protected":false},"excerpt":{"rendered":"Lenovo a adus \u0219i prototipuri interesante la IFA 2026. Conceptul prezentat poart\u0103 numele de Project Aeroblade \u0219i reu\u0219e\u0219te&hellip;\n","protected":false},"author":2,"featured_media":288512,"comment_status":"","ping_status":"","sticky":false,"template":"","format":"standard","meta":{"footnotes":"","_share_on_mastodon":"0"},"categories":[16],"tags":[79357,51340,3645,37085,9952,79358,41,40,38,39,141,124],"class_list":["post-288511","post","type-post","status-publish","format-standard","has-post-thumbnail","category-tehnologie","tag-airjet","tag-ifa","tag-intel","tag-laptopuri","tag-lenovo","tag-racire-solid-state","tag-ro","tag-romana","tag-romania","tag-romanian","tag-technology","tag-tehnologie"],"share_on_mastodon":{"url":"https:\/\/pubeurope.com\/@ro\/117216581264296717","error":""},"_links":{"self":[{"href":"https:\/\/www.europesays.com\/ro\/wp-json\/wp\/v2\/posts\/288511","targetHints":{"allow":["GET"]}}],"collection":[{"href":"https:\/\/www.europesays.com\/ro\/wp-json\/wp\/v2\/posts"}],"about":[{"href":"https:\/\/www.europesays.com\/ro\/wp-json\/wp\/v2\/types\/post"}],"author":[{"embeddable":true,"href":"https:\/\/www.europesays.com\/ro\/wp-json\/wp\/v2\/users\/2"}],"replies":[{"embeddable":true,"href":"https:\/\/www.europesays.com\/ro\/wp-json\/wp\/v2\/comments?post=288511"}],"version-history":[{"count":0,"href":"https:\/\/www.europesays.com\/ro\/wp-json\/wp\/v2\/posts\/288511\/revisions"}],"wp:featuredmedia":[{"embeddable":true,"href":"https:\/\/www.europesays.com\/ro\/wp-json\/wp\/v2\/media\/288512"}],"wp:attachment":[{"href":"https:\/\/www.europesays.com\/ro\/wp-json\/wp\/v2\/media?parent=288511"}],"wp:term":[{"taxonomy":"category","embeddable":true,"href":"https:\/\/www.europesays.com\/ro\/wp-json\/wp\/v2\/categories?post=288511"},{"taxonomy":"post_tag","embeddable":true,"href":"https:\/\/www.europesays.com\/ro\/wp-json\/wp\/v2\/tags?post=288511"}],"curies":[{"name":"wp","href":"https:\/\/api.w.org\/{rel}","templated":true}]}}