{"id":288519,"date":"2026-09-05T04:48:13","date_gmt":"2026-09-05T04:48:13","guid":{"rendered":"https:\/\/www.europesays.com\/ro\/288519\/"},"modified":"2026-09-05T04:48:13","modified_gmt":"2026-09-05T04:48:13","slug":"i-a-zis-o-in-fata-lui-mm-stoica-eu-n-am-incredere-in-marius-baciu","status":"publish","type":"post","link":"https:\/\/www.europesays.com\/ro\/288519\/","title":{"rendered":"I-a zis-o \u00een fa\u021ba lui MM Stoica: \u201eEu n-am \u00eencredere \u00een Marius Baciu!\u201d"},"content":{"rendered":"<p>\n            Articol de <a rel=\"author nofollow noopener\" href=\"https:\/\/www.gsp.ro\/autor\/alexandru-stanciu-3977.html\" target=\"_blank\">Alexandru Stanciu<\/a>            &#8211; Publicat vineri, 04 septembrie 2026 23:08            \/ Actualizat vineri, 04 septembrie 2026 23:11                    <\/p>\n<p>Florin Lovin (44 de ani), fost juc\u0103tor la <a class=\"autolink-enabled\" data-resource-id=\"576\" data-resource-type=\"team\" data-sport=\"football\" href=\"https:\/\/www.gsp.ro\/rezultate-live\/echipa-teamname-576\" rel=\"nofollow noopener\" target=\"_blank\">FCSB<\/a> \u00een perioada 2004-2009, s-a contrat \u00een direct cu Mihai Stoica (61 de ani) \u00een privin\u021ba actualului antrenor al ro\u0219-alba\u0219trilor, Marius Baciu (51 de ani).<\/p>\n<p class=\"do-not-hide\">Lovin a rememorat perioada scurt\u0103 \u00een care a lucrat cu Marius Baciu la Concordia Chiajna, consider\u00e2nd c\u0103 antrenorul nu merit\u0103 s\u0103 ocupe postul la FCSB.<\/p>\n<p>Florin Lovin \u0219i Mihai Stoica, contre \u00een direct privind situa\u021bia lui Marius Baciu la FCSB<\/p>\n<p>Prezen\u021bi \u00een studioul Prima Sport, Florin Lovin \u0219i Mihai Stoica s-au contrat vehement privind situa\u021bia actual\u0103 a lui Marius Baciu la FCSB.<\/p>\n<p>&#8211; Florin Lovin: Eu am spus-o public c\u0103 nu cred c\u0103 Baciu va reu\u0219i la FCSB, dar este o chestie subiectiv\u0103.<br \/>&#8211; Mihai Stoica: Dar de Pintilii, care \u00een via\u021ba lui nu antrenase pe nimeni, n-avea licen\u021b\u0103, n-avea niciun curs, nicio or\u0103, niciun minut de antrenonar, ce ziceai?<\/p>\n<p>&#8211; Florin Lovin: Eram subiectiv, am avut o rela\u021bie cu el \u0219i \u00eel \u0219tiam ca om. <br \/>&#8211; Mihai Stoica: Nu se pun rela\u021biile c\u00e2nd evaluezi un antrenor.<\/p>\n<p>&#8211; Florin Lovin: S\u0103 zicem c\u0103 eu lucrez la o companie \u0219i iese un post de director zonal. Se face o list\u0103 \u0219i se spune: \u201eB\u0103, \u0103sta ce a f\u0103cut \u00een ultimii 5 ani?\u201d<br \/>&#8211; Mihai Stoica: P\u0103i, directorul meu zonal, Pintilii, nu f\u0103cuse nimic \u00een ultimii 5 ani. Asta \u00eencerc s\u0103 spun. E loterie peste tot. Exist\u0103 antrenor care func\u021bioneaz\u0103 excep\u021bional la ni\u0219te echipe, iar la celelalte nu exist\u0103.<\/p>\n<p>&#8211; Florin Lovin: Da, dar Pintilii a demonstrat c\u0103 se poate.<br \/>&#8211; Mihai Stoica: Ce s\u0103 demonstreze? A demonstrat c\u0103 am avut eu inspira\u021bia s\u0103-l pun antrenor. De ce nu s-a calificat echipa \u00een play-off cu Pintilii \u0219i cu Charalambous?!<\/p>\n<p>&#8211; Florin Lovin: Pentru c\u0103 deja trecuser\u0103 doi ani \u0219i probabil s-a ajuns la o satura\u021bie. Se poate \u0219i asta. A func\u021bionat senza\u021bional doi ani. Noi, din afar\u0103, vedem lucrurile total altfel. Este clar c\u0103 le vedem altfel. Dar, eu consider c\u0103 \u00een momentul de fa\u021b\u0103 nu po\u021bi s\u0103 ai un antrenor de nivelul lui Baciu cu asemenea juc\u0103tori. Antrenorul Baciu care nu are experien\u021b\u0103 ca antrenor la niciun nivel&#8230;<br \/>&#8211; Mihai Stoica: \u0218i ce te a\u0219tep\u021bi s\u0103 spun eu acum? S\u0103 dau \u00een Baciu acum?! Eu am spus c\u0103 a\u0219a cum FCSB angajeaz\u0103 un fotbalist pentru c\u0103 a avut evolu\u021bii foarte bune \u00een mai multe locuri, normal, \u00een opinia mea, trebuie \u0219i un antrenor s\u0103 fi avut performan\u021be \u00een alte locuri ca s\u0103 vin\u0103 aici. Dar, nu hot\u0103r\u0103sc eu. \u00cemi pui mie capcane?!<\/p>\n<p>&#8211; Florin Lovin: Nu, n-are nicio treab\u0103.<br \/>&#8211; Mihai Stoica: Eu \u00ee\u021bi spun altfel. Exist\u0103 fotbali\u0219ti \u0219i antrenori care nu func\u021bioneaz\u0103 peste tot.<\/p>\n<p>&#8211; Florin Lovin: P\u0103rerea mea este c\u0103 este p\u0103cat de ce s-a realizat, transferuri \u0219i tot. Eu n-am nicio treab\u0103 cu Baciu. Putea fi altul. A fost \u0219i Dinu Todoran, a fost Bogdan Andone, care era prietenul meu, n-are treab\u0103. Eu vorbesc de faptul c\u0103, ca s\u0103 func\u021bionezi \u0219i s\u0103 ai performan\u021be, chiar dac\u0103 vine un antrenor care accept\u0103 condi\u021biile de la FCSB, eu consider c\u0103 po\u021bi s\u0103 faci performan\u021b\u0103 \u0219i cu ce face domnul Gigi Becali. Po\u021bi s\u0103 faci. Da, tu trebuie s\u0103 antrenezi cei 25 de juc\u0103tori s\u0103 joace la fel, la acela\u0219i nivel.<br \/>&#8211; Mihai Stoica: Situa\u021bia asta a fost mereu aici. C\u00e2teodat\u0103 a func\u021bionat, c\u00e2teodat\u0103 nu. Cel mai u\u0219or e s\u0103 stai deoparte \u0219i s\u0103 vorbe\u0219ti.<\/p>\n<p>&#8211; Florin Lovin: Dar de ce a func\u021bionat cu Pintilii \u0219i cu Charalambous? Pentru c\u0103 erau oameni care au \u0219tiut s\u0103 creeze un grup, cu voi, cu conducerea, cu toat\u0103 lumea. \u0218tiau s\u0103 gestioneze aceast\u0103 rela\u021bie. \u00ce\u0219i f\u0103ceau treaba, juc\u0103torii \u00eei iubeau, \u0219i de asta s-au realizat performan\u021bele alea \u00een Europa League, care nu cred c\u0103 se vor mai repeta \u00een urm\u0103torii nu \u0219tiu c\u00e2\u021bi ani.<br \/>&#8211; Mihai Stoica: Poate \u0219i pentru c\u0103 era Olaru, poate \u0219i pentru c\u0103 era B\u00eerligea. Poate! Tu \u0219tii ce faci? Tu \u00eemi spui acum: \u201eB\u0103, tu e\u0219ti prea bun conduc\u0103tor!\u201d. Pentru c\u0103 eu l-am invitat ca antrenor pe Pintilii. \u0218i pe Elias Charalambous. \u00cen\u021belegi? Ce s\u0103 fac?! Spune-mi \u0219i mie ce s\u0103 fac.<\/p>\n<p>&#8211; Florin Lovin: Nu \u00eenseamn\u0103 c\u0103 Baciu trebuie dat afar\u0103 acum. Poate se va schimba ca om. La un moment dat vorbeam cu Dic\u0103 \u0219i \u00eei spuneam: \u201eB\u0103 omule, ai fost la 6 echipe, trebuie s\u0103 te mai \u0219i schimbi c\u00e2teodat\u0103\u201d. Pe Baciu, juc\u0103torii nu-l respect\u0103 ca antrenor, a\u0219a pare din exterior.<br \/>&#8211; Mihai Stoica: Cine, T\u0103nase? Ai v\u0103zut meciul cu FC Arge\u0219?<\/p>\n<p>                    <a href=\"https:\/\/www.gsp.ro\/fotbal\/cupa-romaniei\/fc-arges-fcsb-in-cupa-romaniei-imagini-de-meci-02092026-foto-andrei-furniga-gsp-975861-galerie-foto-pic-1778528.html?sourcearticle=976430\" class=\"thumb gallery-in-article__main\" rel=\"nofollow noopener\" target=\"_blank\"><br \/>\n                        <img decoding=\"async\" src=\"https:\/\/www.europesays.com\/ro\/wp-content\/uploads\/2026\/09\/3a7941de-93bf-4f7a-bf2e-597d99841e88.jpeg\" class=\"wow fadeIn\" alt=\"FC Arge\u0219 - FCSB, \u00een Cupa Rom\u00e2niei, imagini de meci, 02.09.2026 \/\/ foto: Andrei Furnig\u0103 (GSP)\" width=\"375\" height=\"250\" loading=\"lazy\"\/><\/p>\n<p>                    <\/a><\/p>\n<p>&#8211; Florin Lovin: Aproximativ, am v\u0103zut anumite faze.<br \/>&#8211; Mihai Stoica: Dac\u0103 nu-l vedeai aproximativ, vedeai reac\u021bia juc\u0103torilor la golurile marcate.<\/p>\n<p>&#8211; Florin Lovin: Asta m\u0103 macin\u0103. Mie mi se pare c\u0103 Baciu spune mereu acelea\u0219i lucruri, acela\u0219i discurs.<br \/>&#8211; Mihai Stoica: Florine, c\u00e2nd au marcat s-au dus la el \u0219i l-au luat \u00een bra\u021be. C\u00e2nd a marcat Tavi Popescu \u0219i a eliminat FC Boto\u0219ani \u00eel fug\u0103rea ca s\u0103-l ia \u00een bra\u021be. Tu spui ni\u0219te chestii evidente. E clar c\u0103 n-are experien\u021b\u0103, dar nu spune c\u0103 trebuie s\u0103-\u0219i schimbe comportamentul.<\/p>\n<p>&#8211; Florin Lovin: Baciu ar trebui s\u0103 vorbeasc\u0103 indiviudal cu juc\u0103torii.<br \/>&#8211; Mihai Stoica: Vezi, c\u0103 tu nu \u0219tii. Eu \u0219tiu. \u0218i face astea.<\/p>\n<p>&#8211; Florin Lovin: Atunci, dac\u0103 le face, \u00eenseamn\u0103 c\u0103 s-a schimbat. Eu am renun\u021bat la 20.000 de euro dup\u0103 dou\u0103 zile de antrenamente cu el. Am un istoric negativ.<br \/>&#8211; Mihai Stoica: \u00cen momentul \u00een care un antrenor nu poate s\u0103 fac\u0103 ce trebuie s\u0103 fac\u0103, ce consideri tu cu experien\u021ba pe care o ai \u00een calitate de conduc\u0103tor, iar eu, Slav\u0103 Domnului, experien\u021b\u0103 chiar am. Ori \u00eel schimbi \u00een comportament, ori \u00eel schimbi de tot. Dar asta o face cineva care poate decide. Eu am spus foarte clar: Eu vreau antrenor str\u0103in. Eu consider c\u0103 \u0219coala de antrenori din Rom\u00e2nia acum, condus\u0103 de Burchel, este foarte slab\u0103. Asta e p\u0103rerea mea. Am zis: Vreau antrenor str\u0103in! N-a vrut Gigi antrenor str\u0103in. Asta nu \u00eenseamn\u0103 c\u0103 dac\u0103 Gigi aduce un antrenor eu nu-i dau tot sprijinul meu \u0219i nu m\u0103 lupt pentru el p\u00e2n\u0103 \u00een p\u00e2nzele albe.<\/p>\n","protected":false},"excerpt":{"rendered":"Articol de Alexandru Stanciu &#8211; Publicat vineri, 04 septembrie 2026 23:08 \/ Actualizat vineri, 04 septembrie 2026 23:11&hellip;\n","protected":false},"author":2,"featured_media":288520,"comment_status":"","ping_status":"","sticky":false,"template":"","format":"standard","meta":{"footnotes":"","_share_on_mastodon":"0"},"categories":[20],"tags":[269,32334,909,6198,773,41,40,38,39,185,184],"class_list":["post-288519","post","type-post","status-publish","format-standard","has-post-thumbnail","category-sport","tag-fcsb","tag-florin-lovin","tag-marius-baciu","tag-mihai-pintilii","tag-mihai-stoica","tag-ro","tag-romana","tag-romania","tag-romanian","tag-sport","tag-sports"],"share_on_mastodon":{"url":"https:\/\/pubeurope.com\/@ro\/117216628475070917","error":""},"_links":{"self":[{"href":"https:\/\/www.europesays.com\/ro\/wp-json\/wp\/v2\/posts\/288519","targetHints":{"allow":["GET"]}}],"collection":[{"href":"https:\/\/www.europesays.com\/ro\/wp-json\/wp\/v2\/posts"}],"about":[{"href":"https:\/\/www.europesays.com\/ro\/wp-json\/wp\/v2\/types\/post"}],"author":[{"embeddable":true,"href":"https:\/\/www.europesays.com\/ro\/wp-json\/wp\/v2\/users\/2"}],"replies":[{"embeddable":true,"href":"https:\/\/www.europesays.com\/ro\/wp-json\/wp\/v2\/comments?post=288519"}],"version-history":[{"count":0,"href":"https:\/\/www.europesays.com\/ro\/wp-json\/wp\/v2\/posts\/288519\/revisions"}],"wp:featuredmedia":[{"embeddable":true,"href":"https:\/\/www.europesays.com\/ro\/wp-json\/wp\/v2\/media\/288520"}],"wp:attachment":[{"href":"https:\/\/www.europesays.com\/ro\/wp-json\/wp\/v2\/media?parent=288519"}],"wp:term":[{"taxonomy":"category","embeddable":true,"href":"https:\/\/www.europesays.com\/ro\/wp-json\/wp\/v2\/categories?post=288519"},{"taxonomy":"post_tag","embeddable":true,"href":"https:\/\/www.europesays.com\/ro\/wp-json\/wp\/v2\/tags?post=288519"}],"curies":[{"name":"wp","href":"https:\/\/api.w.org\/{rel}","templated":true}]}}