{"id":288559,"date":"2026-09-05T05:44:15","date_gmt":"2026-09-05T05:44:15","guid":{"rendered":"https:\/\/www.europesays.com\/ro\/288559\/"},"modified":"2026-09-05T05:44:15","modified_gmt":"2026-09-05T05:44:15","slug":"veste-excelenta-inainte-de-derby-abia-a-semnat-si-poate-debuta-in-dinamo-fcsb","status":"publish","type":"post","link":"https:\/\/www.europesays.com\/ro\/288559\/","title":{"rendered":"Veste excelent\u0103 \u00eenainte de derby! Abia a semnat \u0219i poate debuta \u00een Dinamo \u2013 FCSB"},"content":{"rendered":"\n<ul class=\"bullets\">\n<li>\n<p>SuperLiga: Dinamo &#8211; FCSB, s\u00e2mb\u0103t\u0103, 20:30, DGS 1<\/p>\n<\/li>\n<li>\n<p>SuperLiga: UTA &#8211; Csikszereda, s\u00e2mb\u0103t\u0103, 17:30, DGS 1<\/p>\n<\/li>\n<\/ul>\n<p>Confruntarea Dinamo &#8211; FCSB va avea loc s\u00e2mb\u0103t\u0103, 5 septembrie, de la ora 20:30, \u0219i va putea fi urm\u0103rit\u0103 \u00een direct pe Digi Sport 1. De asemenea, abona\u021bii Digi Rom\u00e2nia vor mai putea urm\u0103ri partida pe site-ul digisport.ro, dar \u0219i \u00een <a href=\"https:\/\/www.digisport.ro\/app\" target=\"_blank\" rel=\"noopener nofollow\" data-skip-linkfix=\"1\">aplica\u021bia Digi Sport<\/a>.<\/p>\n<p>Andrei Nicolescu a anun\u021bat c\u0103 atacantul Dean Zandbergen poate debuta \u00een Dinamo &#8211; FCSB chiar de ziua lui!<\/p>\n<p>Andrei Nicolescu a vorbit despre planurile lui Dinamo \u00eenaintea derby-ului. Pre\u0219edintele clubului a confirmat c\u0103 Dean Zandbergen se afl\u0103 \u00een lot pentru partida cu FCSB.<\/p>\n<p>Ultimul transfer al echipei, este apt de joc \u0219i poate ap\u0103rea pe teren chiar \u00eempotriva marii rivale.<\/p>\n<p>Atacantul batav a semnat cu Dinamo la \u00eenceputul acestei s\u0103pt\u0103m\u00e2ni, iar conducerea clubului a pl\u0103tit o sum\u0103 important\u0103 pentru mutarea fotbalistului \u00een \u0218tefan cel Mare.<\/p>\n<p>\u201d\u00cen primul r\u00e2nd, ne dorim cele trei puncte, dar \u0219i mai mult\u0103 \u00eencredere pentru juc\u0103tori. Aceast\u0103 partid\u0103 nu este hot\u0103r\u00e2toare pentru niciuna dintre echipe. <\/p>\n<p>Cel mai important este s\u0103 ne facem jocul, s\u0103 nu deviem de la sistem \u0219i s\u0103 respect\u0103m ceea ce ne-am preg\u0103tit. Jocul este mai important dec\u00e2t rezultatul.<\/p>\n<p>Ce pot s\u0103 v\u0103 spun este c\u0103 Dean Zandbergen e \u00een lot. E decizia antrenorului, dar v\u0103 pot confirma c\u0103 e \u00een lot. M\u00e2ine (n.r. s\u00e2mb\u0103t\u0103, 5 septembrie) e ziua lui \u0219i s\u0103 vedem dac\u0103 ne face el un cadou sau \u00eei facem noi lui.<\/p>\n<p>Nu \u00eei \u0219tiu istoricul lui exact, \u0219tiu c\u0103 a jucat s\u0103pt\u0103m\u00e2na trecut\u0103 56-58 de minute, \u0219i-a luat la revedere printr-o dubl\u0103 de la fosta echip\u0103. <\/p>\n<p>Din ce am v\u0103zut noi \u0219i am calculat, pare profilul juc\u0103torului care a \u00eenceput mai t\u00e2rziu fotbalul, dar datorit\u0103 ambi\u021biei \u0219i c\u0103 a perseverat, joac\u0103 la un nivel \u00eenalt. <\/p>\n<p>Poate fi asem\u0103nat cu Vardy. E complicat s\u0103 \u00eel caracterizez acum. E un atacant de careu, care are sim\u021bul pozi\u021bion\u0103rii, ceea ce pu\u021bini au \u00een Rom\u00e2nia\u201d, a spus Andrei Nicolescu, \u00een cadrul emisiunii \u201dFotbal Club\u201d.<\/p>\n<p>Dinamo a pl\u0103tit 500.000 de euro pentru Dean Zandbergen<\/p>\n<p>Dean Zandbergen a ajuns la Dinamo de la Venlo, forma\u021bie din liga secund\u0103 a Olandei.<\/p>\n<p>Conducerea clubului din \u0218tefan cel Mare a achitat aproximativ 500.000 de euro pentru atacantul \u00een v\u00e2rst\u0103 de 24 de ani.<\/p>\n<p>\u201dA costat \u00een jur de 500.000 de euro. E o investi\u021bie, pentru c\u0103 ne doream dou\u0103 variante pentru atacantul central. <\/p>\n<p>Nu are cel mai mare salariu, dar se \u00eencadreaz\u0103 \u00een buget\u201d, a mai spus Andrei Nicolescu.<\/p>\n<p>Olandezul poate reprezenta o solu\u021bie important\u0103 pentru atacul lui Dinamo, mai ales dup\u0103 startul foarte bun de sezon pe care l-a avut la Venlo.<\/p>\n<p>  <img decoding=\"async\" data-skip-htmlfix=\"1\" src=\"https:\/\/www.europesays.com\/ro\/wp-content\/uploads\/2026\/09\/NmZkZTI3MTg0NWFjMDQ3ZTYwN2M4ZjgxNWQw.thumb.jpg\" alt=\"Screenshot 2026-09-01 170238\"\/>   Dean Zandbergen \/ Foto: captur\u0103 Facebook @ Dinamo Bucure\u0219ti  Dean Zandbergen, patru goluri \u00een primele patru etape la Venlo<\/p>\n<p>Dean Zandbergen a \u00eenceput excelent actuala stagiune.<\/p>\n<p>Atacantul a marcat de patru ori \u00een primele patru etape pentru Venlo, iar \u00een ultima partid\u0103 \u00eenaintea transferului la Dinamo a reu\u0219it o \u201ddubl\u0103\u201d \u00een victoria cu Emmen, scor 4-0.<\/p>\n<p>Zandbergen a ajuns la Venlo \u00een februarie 2025 \u0219i a str\u00e2ns 48 de meciuri pentru forma\u021bia olandez\u0103, cu 21 de goluri \u0219i patru pase decisive.<\/p>\n<p>Dean Zandbergen nu a jucat niciodat\u0103 \u00een prima lig\u0103<\/p>\n<p>Dean Zandbergen \u0219i-a petrecut \u00eentreaga carier\u0103 \u00een fotbalul olandez, \u00eens\u0103 nu a evoluat p\u00e2n\u0103 acum \u00een prima lig\u0103.<\/p>\n<p>\u00cenainte de Venlo, atacantul a mai trecut pe la Sparta Rotterdam, Excelsior Maassluis, Dordrecht \u0219i SV Berkel.<\/p>\n<p>Pentru Dordrecht a avut 25 de apari\u021bii, trei goluri \u0219i trei assisturi, \u00een timp ce la SV Berkel a \u00eenscris de 19 ori \u00een 34 de partide.<\/p>\n<p>Acum, Zandbergen are \u0219ansa unui debut spectaculos \u00een Rom\u00e2nia. Primul s\u0103u meci \u00een tricoul lui Dinamo poate avea loc chiar \u00een derby-ul cu FCSB, unul dintre cele mai importante dueluri ale sezonului.<\/p>\n<p>Clasament SuperLiga  <img decoding=\"async\" data-skip-htmlfix=\"1\" src=\"https:\/\/www.europesays.com\/ro\/wp-content\/uploads\/2026\/09\/1788587055_838_ZyZ3PTU5MCZoYXNoPTBjMDY0ZDBiMzI5ZjljZWY4MjE1NWE1YjIzY2I5Y2Fk.thumb.jpg\" alt=\"clasament-superliga\"\/>   Clasament SuperLiga \/ Foto: Digi Sport  VIDEO rezumat Dinamo &#8211; FCSB 1-2, ultima confruntare dintre cele dou\u0103 mari rivaleVIDEO Rezumat Dinamo &#8211; FCSB 1-2, finala barajului pentru Conference League   <\/p>\n<p>  Etichete:  <a href=\"https:\/\/www.digisport.ro\/eticheta\/dinamo\" rel=\"nofollow noopener\" target=\"_blank\">dinamo<\/a> , <a href=\"https:\/\/www.digisport.ro\/eticheta\/fcsb\" rel=\"nofollow noopener\" target=\"_blank\">fcsb<\/a> , <a href=\"https:\/\/www.digisport.ro\/eticheta\/andrei-nicolescu\" rel=\"nofollow noopener\" target=\"_blank\">andrei nicolescu<\/a> , <a href=\"https:\/\/www.digisport.ro\/eticheta\/dean-zandbergen\" rel=\"nofollow noopener\" target=\"_blank\">dean zandbergen<\/a> , <a href=\"https:\/\/www.digisport.ro\/eticheta\/debut-dean-zandbergen\" rel=\"nofollow noopener\" target=\"_blank\">debut dean zandbergen<\/a>   <\/p>\n<p>Urm\u0103re\u0219te \u0219tirile digisport.ro \u0219i pe <a href=\"https:\/\/news.google.com\/publications\/CAAiENr1L9HFNMG5hpp5zTfVtpsqFAgKIhDa9S_RxTTBuYaaec031bab?ceid=RO:ro&amp;oc=3\" target=\"_blank\" rel=\"external nofollow noopener\">Google News<\/a><\/p>\n<p>   Noua Aplica\u0163ie Digi Sport poate fi desc\u0103rcat\u0103 din   <\/p>\n","protected":false},"excerpt":{"rendered":"SuperLiga: Dinamo &#8211; FCSB, s\u00e2mb\u0103t\u0103, 20:30, DGS 1 SuperLiga: UTA &#8211; Csikszereda, s\u00e2mb\u0103t\u0103, 17:30, DGS 1 Confruntarea Dinamo&hellip;\n","protected":false},"author":2,"featured_media":288560,"comment_status":"","ping_status":"","sticky":false,"template":"","format":"standard","meta":{"footnotes":"","_share_on_mastodon":"0"},"categories":[20],"tags":[2114,77500,79362,49,269,41,40,38,39,185,184],"class_list":["post-288559","post","type-post","status-publish","format-standard","has-post-thumbnail","category-sport","tag-andrei-nicolescu","tag-dean-zandbergen","tag-debut-dean-zandbergen","tag-dinamo","tag-fcsb","tag-ro","tag-romana","tag-romania","tag-romanian","tag-sport","tag-sports"],"share_on_mastodon":{"url":"https:\/\/pubeurope.com\/@ro\/117216849101573381","error":""},"_links":{"self":[{"href":"https:\/\/www.europesays.com\/ro\/wp-json\/wp\/v2\/posts\/288559","targetHints":{"allow":["GET"]}}],"collection":[{"href":"https:\/\/www.europesays.com\/ro\/wp-json\/wp\/v2\/posts"}],"about":[{"href":"https:\/\/www.europesays.com\/ro\/wp-json\/wp\/v2\/types\/post"}],"author":[{"embeddable":true,"href":"https:\/\/www.europesays.com\/ro\/wp-json\/wp\/v2\/users\/2"}],"replies":[{"embeddable":true,"href":"https:\/\/www.europesays.com\/ro\/wp-json\/wp\/v2\/comments?post=288559"}],"version-history":[{"count":0,"href":"https:\/\/www.europesays.com\/ro\/wp-json\/wp\/v2\/posts\/288559\/revisions"}],"wp:featuredmedia":[{"embeddable":true,"href":"https:\/\/www.europesays.com\/ro\/wp-json\/wp\/v2\/media\/288560"}],"wp:attachment":[{"href":"https:\/\/www.europesays.com\/ro\/wp-json\/wp\/v2\/media?parent=288559"}],"wp:term":[{"taxonomy":"category","embeddable":true,"href":"https:\/\/www.europesays.com\/ro\/wp-json\/wp\/v2\/categories?post=288559"},{"taxonomy":"post_tag","embeddable":true,"href":"https:\/\/www.europesays.com\/ro\/wp-json\/wp\/v2\/tags?post=288559"}],"curies":[{"name":"wp","href":"https:\/\/api.w.org\/{rel}","templated":true}]}}