{"id":288561,"date":"2026-09-05T05:45:09","date_gmt":"2026-09-05T05:45:09","guid":{"rendered":"https:\/\/www.europesays.com\/ro\/288561\/"},"modified":"2026-09-05T05:45:09","modified_gmt":"2026-09-05T05:45:09","slug":"cat-a-cheltuit-andreea-banica-pe-manualele-copiilor-de-la-scoala-privata-bine-ca-le-am-gasit","status":"publish","type":"post","link":"https:\/\/www.europesays.com\/ro\/288561\/","title":{"rendered":"C\u00e2t a cheltuit Andreea B\u0103nic\u0103 pe manualele copiilor de la \u0219coala privat\u0103: \u201eBine c\u0103 le-am g\u0103sit\u201d"},"content":{"rendered":"<p>Vineri, 04 Septembrie 2026, ora 20:51<\/p>\n<p>2184 citiri<\/p>\n<p><a class=\"news__image\" data-href=\"https:\/\/s2.ziareromania.ro\/?mmid=08f6856ab5e0032504\" data-size=\"1024x602\" title=\"C\u00e2t a cheltuit Andreea B\u0103nic\u0103 pe manualele copiilor de la \u0219coala privat\u0103: \u201eBine c\u0103 le-am g\u0103sit\u201d\"><img decoding=\"async\" src=\"https:\/\/www.europesays.com\/ro\/wp-content\/uploads\/2026\/09\/C--t-a-cheltuit-Andreea-B--nic---pe-manualele-copiilor-de-la---coala-privat-------Bine-c---le-am-g--.jpeg\" alt=\"C\u00e2t a cheltuit Andreea B\u0103nic\u0103 pe manualele copiilor de la \u0219coala privat\u0103: \u201eBine c\u0103 le-am g\u0103sit\u201d\" title=\"C\u00e2t a cheltuit Andreea B\u0103nic\u0103 pe manualele copiilor de la \u0219coala privat\u0103: \u201eBine c\u0103 le-am g\u0103sit\u201d\" class=\"img-responsive\"\/><\/a><\/p>\n<p>Andreea B\u0103nic\u0103 \u00een ma\u0219in\u0103 FOTO: Instagram\/ Andreea B\u0103nic\u0103<\/p>\n<p>Pentru Andreea B\u0103nic\u0103, revenirea copiilor la \u0219coal\u0103 nu vine cu agita\u021bia obi\u0219nuit\u0103 din aceast\u0103 perioad\u0103. Artista spune c\u0103 nu a avut o list\u0103 lung\u0103 de cump\u0103r\u0103turi de f\u0103cut pentru noul an \u0219colar \u0219i recunoa\u0219te c\u0103 ar fi preferat ca elevii s\u0103 revin\u0103 \u00een b\u0103nci la jum\u0103tatea lunii septembrie, a\u0219a cum se \u00eent\u00e2mpla \u00een trecut.<\/p>\n<p>Sofia, \u00een v\u00e2rst\u0103 de 17 ani, \u0219i Noah, \u00een v\u00e2rst\u0103 de 9 ani, \u00eencep noul an \u0219colar pe 4 septembrie. Chiar dac\u0103 data se apropie, mama lor nu consider\u0103 c\u0103 \u00eenceputul \u0219colii trebuie s\u0103 \u00eensemne neap\u0103rat o curs\u0103 pentru cump\u0103rarea rechizitelor. Mai mult, Andreea B\u0103nic\u0103 spune c\u0103 perioada vacan\u021bei ar fi putut fi prelungit\u0103.<\/p>\n<p>\u201eLa noi m\u00e2ine, vineri, este deschiderea \u0219colii \u0219i nu ne dorim \u00eenceperea anului \u0219colar pe 4 septembrie. Adic\u0103 noi nu ne dorim acest aspect. Ne dorim s\u0103 \u00eenceap\u0103 pe 15 septembrie, cum era c\u00e2nd eram mici. P\u0103i, noi acum ne f\u0103ceam vacan\u021bele \u0219i noi, \u00een fiecare an. \u00cenainte, c\u00e2nd era 15 septembrie era foarte bine. \u0218tiam o treab\u0103. \u0218i cei care nu-\u0219i f\u0103ceau vara concediul \u00eel f\u0103ceau \u00een septembrie\u201d, a declarat Andreea B\u0103nic\u0103 pentru <a href=\"https:\/\/www.cancan.ro\/cat-o-costa-pe-andreea-banica-inceputul-scolii-ce-suma-a-scos-artista-din-buzunar-doar-pentru-manuale-21500639\" target=\"_blank\" rel=\"nofollow noopener\">CANCAN.RO.<\/a><\/p>\n<p>Ce a cump\u0103rat Andreea B\u0103nic\u0103 pentru copiii s\u0103i<\/p>\n<p>Vedeta spune c\u0103, \u00een cazul familiei sale, preg\u0103tirile pentru \u0219coal\u0103 nu au presupus cheltuieli foarte mari pe rechizite, deoarece o parte dintre obiectele necesare au fost cump\u0103rate \u00een anii preceden\u021bi \u0219i \u00eenc\u0103 pot fi folosite.<\/p>\n<p>\u201eP\u0103i nu, nu, nu. Nu am prea avut de ce, c\u0103 mai am avem lucruri cump\u0103rate \u00een fiecare an, de c\u00e2nd \u00eencepea \u0219coala\u201d, a spus artista.<\/p>\n<p>\u00cen schimb, manualele reprezint\u0103 o cheltuial\u0103 pe care familia trebuie s\u0103 o suporte \u00een fiecare an. Andreea B\u0103nic\u0103 a explicat c\u0103 acestea nu mai sunt procurate prin intermediul \u0219colii, ci sunt cump\u0103rate direct de p\u0103rin\u021bi.<\/p>\n<p>\u201eNu ne dau ce avem de cump\u0103rat. Manuale \u0219i rechizite. Manualele de cump\u0103rat, m\u0103car bine c\u0103 nu e ca \u00een Italia, at\u00e2t de scump sau \u00een alte p\u0103r\u021bi. Pe manuale am dat, nu \u0219tiu, vreo 600-700 de lei. At\u00e2t! Bine c\u0103 le-am g\u0103sit, c\u0103 \u00een unii ani nu le prea g\u0103seam. St\u0103team, a\u0219teptam luni ca s\u0103 lu\u0103m manualele \u0219i \u00eencepea copilul \u0219coala f\u0103r\u0103 manuale. \u0218i chestia asta cu cump\u0103ratul manualelor\u2026 \u00cenainte, de exemplu, la \u0219coala noastr\u0103 se ocupau ei cu manualele. Noi pl\u0103team \u0219i le luau ei \u0219i le avea copilul la \u00eenceputul \u0219colii. Acum, de ceva timp, le lu\u0103m noi\u201d.<\/p>\n<p>Andreea B\u0103nic\u0103 \u00ee\u0219i asum\u0103 toate cheltuielile pentru \u0219coala privat\u0103<\/p>\n<p>Artista nu \u0219i-a stabilit un plafon strict pentru banii aloca\u021bi \u00eenceputului de an \u0219colar. Copiii s\u0103i studiaz\u0103 la o \u0219coal\u0103 privat\u0103, iar vedeta spune c\u0103 \u00ee\u0219i asum\u0103 costurile care vin odat\u0103 cu acest tip de educa\u021bie.<\/p>\n<p>\u201eNu! Dac\u0103 \u00eemi permit s\u0103 \u021bin copiii la \u0219coal\u0103 privat\u0103, trebuie s\u0103-mi permit \u0219i manualele lor \u0219i rechizitele lor \u0219i celelalte lucruri aferente care vin odat\u0103 cu aceast\u0103 \u0219coal\u0103 privat\u0103\u201d.<\/p>\n<p>\u021ai-a pl\u0103cut articolul?<\/p>\n<p> Vrem s\u0103 producem mai multe, \u00eens\u0103 avem nevoie de sus\u021binerea ta. Orice dona\u021bie conteaz\u0103 pentru jurnalismul independent <\/p>\n","protected":false},"excerpt":{"rendered":"Vineri, 04 Septembrie 2026, ora 20:51 2184 citiri Andreea B\u0103nic\u0103 \u00een ma\u0219in\u0103 FOTO: Instagram\/ Andreea B\u0103nic\u0103 Pentru Andreea&hellip;\n","protected":false},"author":2,"featured_media":288562,"comment_status":"","ping_status":"","sticky":false,"template":"","format":"standard","meta":{"footnotes":"","_share_on_mastodon":"0"},"categories":[18],"tags":[6031,79363,171,170,37084,41,40,38,39,79364],"class_list":["post-288561","post","type-post","status-publish","format-standard","has-post-thumbnail","category-divertisment","tag-andreea-banica","tag-andreea-banica-copii","tag-divertisment","tag-entertainment","tag-manuale-scolare","tag-ro","tag-romana","tag-romania","tag-romanian","tag-scoala-privata"],"share_on_mastodon":{"url":"https:\/\/pubeurope.com\/@ro\/117216852278674574","error":""},"_links":{"self":[{"href":"https:\/\/www.europesays.com\/ro\/wp-json\/wp\/v2\/posts\/288561","targetHints":{"allow":["GET"]}}],"collection":[{"href":"https:\/\/www.europesays.com\/ro\/wp-json\/wp\/v2\/posts"}],"about":[{"href":"https:\/\/www.europesays.com\/ro\/wp-json\/wp\/v2\/types\/post"}],"author":[{"embeddable":true,"href":"https:\/\/www.europesays.com\/ro\/wp-json\/wp\/v2\/users\/2"}],"replies":[{"embeddable":true,"href":"https:\/\/www.europesays.com\/ro\/wp-json\/wp\/v2\/comments?post=288561"}],"version-history":[{"count":0,"href":"https:\/\/www.europesays.com\/ro\/wp-json\/wp\/v2\/posts\/288561\/revisions"}],"wp:featuredmedia":[{"embeddable":true,"href":"https:\/\/www.europesays.com\/ro\/wp-json\/wp\/v2\/media\/288562"}],"wp:attachment":[{"href":"https:\/\/www.europesays.com\/ro\/wp-json\/wp\/v2\/media?parent=288561"}],"wp:term":[{"taxonomy":"category","embeddable":true,"href":"https:\/\/www.europesays.com\/ro\/wp-json\/wp\/v2\/categories?post=288561"},{"taxonomy":"post_tag","embeddable":true,"href":"https:\/\/www.europesays.com\/ro\/wp-json\/wp\/v2\/tags?post=288561"}],"curies":[{"name":"wp","href":"https:\/\/api.w.org\/{rel}","templated":true}]}}