{"id":288583,"date":"2026-09-05T06:00:13","date_gmt":"2026-09-05T06:00:13","guid":{"rendered":"https:\/\/www.europesays.com\/ro\/288583\/"},"modified":"2026-09-05T06:00:13","modified_gmt":"2026-09-05T06:00:13","slug":"vodafone-egipt-listeaza-noile-iphone-uri-din-greseala-cat-costa-pliabilul-ultra-si-la-ce-sume-ne-putem-astepta-pentru-iphone-18-pro-local","status":"publish","type":"post","link":"https:\/\/www.europesays.com\/ro\/288583\/","title":{"rendered":"Vodafone Egipt listeaz\u0103 noile iPhone-uri din gre\u0219eal\u0103; C\u00e2t cost\u0103 pliabilul Ultra \u0219i la ce sume ne putem a\u0219tepta pentru iPhone 18 Pro local?"},"content":{"rendered":"<p>Agita\u021bia de \u00eenceput de lun\u0103 septembrie a cuprins deja zona tech, asta pentru c\u0103 \u00een timp ce vorbim are loc t\u00e2rgul de tehnologie <a href=\"https:\/\/www.mobilissimo.ro\/stiri-despre\/IFA+2026\" rel=\"nofollow noopener\" target=\"_blank\">IFA 2026<\/a>, acolo unde lans\u0103rile vin pe band\u0103 rulant\u0103, mai ales din zona de electrocasnice \u0219i produse IT. Nu prea vedem noi smartphone-uri, dar nici nu prea e cazul la acest show. \u00cencep\u00e2nd de s\u0103pt\u0103m\u00e2na viitoare, atunci c\u00e2nd \u00eencepe \u0219i \u0219coala, ne a\u0219teapt\u0103 evenimente mari de pres\u0103, printre care \u0219i cel <a href=\"https:\/\/www.mobilissimo.ro\/stiri-telefoane\/numarul-tau-de-telefon-pe-doua-iphone-uri-ios-27-aduce-aceasta-functie-ce-implica-esim-ul\" rel=\"nofollow noopener\" target=\"_blank\">Apple<\/a>, programat pentru data de 9 septembrie.<\/p>\n<p style=\"text-align:center\"><a href=\"https:\/\/www.europesays.com\/ro\/wp-content\/uploads\/2026\/09\/32.jpg\" target=\"_blank\"><img decoding=\"async\" alt=\"iPhone\" src=\"https:\/\/www.europesays.com\/ro\/wp-content\/uploads\/2026\/09\/32.jpg\" style=\"height:291px; width:592px\"\/><\/a><\/p>\n<p>\u0218tim deja c\u0103 aceast\u0103 conferin\u021b\u0103 va marca o\u00a0premier\u0103 dubl\u0103: va fi prima prezentare sus\u021binut\u0103 de <a href=\"https:\/\/www.mobilissimo.ro\/stiri-diverse\/john-ternus-incepe-mandatul-de-ceo-apple-cu-o-promisiune-lansare-uriasa-pe-9-septembrie\" rel=\"nofollow noopener\" target=\"_blank\">John Ternus<\/a> \u00een calitate de CEO \u0219i scena pe care va fi dezv\u0103luit primul smartphone pliabil al companiei. Vin al\u0103turi \u0219i modelele iPhone 18 Pro \u0219i iPhone 18 Pro Max, iar dac\u0103 te \u00eentrebi unde e varianta de baz\u0103 iPhone 18, dac\u0103 zvonurile se adeveresc, atunci acest telefon va sosi abia \u00een prim\u0103vara anului urm\u0103tor, ca parte din noua strategie de lansare Apple.<\/p>\n<p>Revenind totu\u0219i la pliabil \u0219i modele Pro, ast\u0103zi d\u0103m peste o serie de list\u0103ri ale operatorului Vodafone Egipt, care scot la iveal\u0103 pre\u021burile produselor. Iat\u0103 cum arat\u0103 cifrele:<\/p>\n<ul>\n<li>iPhone Ultra &#8211; 155.750 EGP ~ 2395 euro<\/li>\n<\/ul>\n<p>Ajungem iat\u0103 la o sum\u0103 de 2395 euro ~ 12.585 lei, doar c\u0103 trebuie luat aici \u00een calcul faptul c\u0103 vorbim despre pre\u021bul practicat \u00een Egipt. \u00cen cazul lui iPhone 18 Pro \u0219i 18 Pro Max, pe Vodafone Egipt sunt listate pre\u021buri cu aproximativ 10% mai mari dec\u00e2t cele ale genera\u021biei trecute, astfel c\u0103 ne putem face o idee cum ar putea ar\u0103ta situa\u021bia la noi<\/p>\n<p>Compara\u021bie pre\u021buri lansare iPhone 17 Pro vs. 18 Pro:<\/p>\n<ul>\n<li>iPhone 17 Pro &#8211; 6649 lei pre\u021b lansare<\/li>\n<li>iPhone 18 Pro &#8211; 7315 lei pre\u021b vehiculat<\/li>\n<\/ul>\n<p>Compara\u021bie pre\u021buri lansare iPhone 17 Pro Max vs. 18 Pro Max:<\/p>\n<ul>\n<li>iPhone 17 Pro Max &#8211; 7419 lei pre\u021b lansare\u00a0<\/li>\n<li>iPhone 18 Pro Max &#8211; 8160 lei pre\u021b vehiculat<\/li>\n<\/ul>\n<p>Revin pu\u021bin \u0219i la iPhone 18 Pro, unde aparent, costul componentelor ar fi cu 40% mai mare dec\u00e2t cele la genera\u021bia trecut\u0103.\u00a0 Apropo, startul precomenzilor pentru iPhone 18 Pro \u0219i 18 Pro Max se va da pe data de 12 septembrie, adic\u0103 s\u00e2mb\u0103ta viitoare.\u00a0<\/p>\n","protected":false},"excerpt":{"rendered":"Agita\u021bia de \u00eenceput de lun\u0103 septembrie a cuprins deja zona tech, asta pentru c\u0103 \u00een timp ce vorbim&hellip;\n","protected":false},"author":2,"featured_media":288584,"comment_status":"","ping_status":"","sticky":false,"template":"","format":"standard","meta":{"footnotes":"","_share_on_mastodon":"0"},"categories":[16],"tags":[83,1866,30909,17335,19812,47804,41,40,38,39,141,124,57209,5705],"class_list":["post-288583","post","type-post","status-publish","format-standard","has-post-thumbnail","category-tehnologie","tag-apple","tag-ios","tag-iphone-18-pro","tag-iphone-18-pro-max","tag-iphone-pliabil","tag-iphone-ultra","tag-ro","tag-romana","tag-romania","tag-romanian","tag-technology","tag-tehnologie","tag-trendforce","tag-vodafone"],"share_on_mastodon":{"url":"https:\/\/pubeurope.com\/@ro\/117216911958929224","error":""},"_links":{"self":[{"href":"https:\/\/www.europesays.com\/ro\/wp-json\/wp\/v2\/posts\/288583","targetHints":{"allow":["GET"]}}],"collection":[{"href":"https:\/\/www.europesays.com\/ro\/wp-json\/wp\/v2\/posts"}],"about":[{"href":"https:\/\/www.europesays.com\/ro\/wp-json\/wp\/v2\/types\/post"}],"author":[{"embeddable":true,"href":"https:\/\/www.europesays.com\/ro\/wp-json\/wp\/v2\/users\/2"}],"replies":[{"embeddable":true,"href":"https:\/\/www.europesays.com\/ro\/wp-json\/wp\/v2\/comments?post=288583"}],"version-history":[{"count":0,"href":"https:\/\/www.europesays.com\/ro\/wp-json\/wp\/v2\/posts\/288583\/revisions"}],"wp:featuredmedia":[{"embeddable":true,"href":"https:\/\/www.europesays.com\/ro\/wp-json\/wp\/v2\/media\/288584"}],"wp:attachment":[{"href":"https:\/\/www.europesays.com\/ro\/wp-json\/wp\/v2\/media?parent=288583"}],"wp:term":[{"taxonomy":"category","embeddable":true,"href":"https:\/\/www.europesays.com\/ro\/wp-json\/wp\/v2\/categories?post=288583"},{"taxonomy":"post_tag","embeddable":true,"href":"https:\/\/www.europesays.com\/ro\/wp-json\/wp\/v2\/tags?post=288583"}],"curies":[{"name":"wp","href":"https:\/\/api.w.org\/{rel}","templated":true}]}}